{"id":19966,"date":"2026-02-23T04:40:05","date_gmt":"2026-02-23T03:40:05","guid":{"rendered":"https:\/\/goldcityhair.com\/?p=19966"},"modified":"2026-03-09T06:34:59","modified_gmt":"2026-03-09T05:34:59","slug":"nasil-saglikli-saclara-sahip-olabilirim-sasirtici-duzeltme","status":"publish","type":"post","link":"https:\/\/goldcityhair.com\/tr\/sac\/nasil-saglikli-saclara-sahip-olabilirim-sasirtici-duzeltme\/","title":{"rendered":"Nas\u0131l Sa\u011fl\u0131kl\u0131 Sa\u00e7lara Sahip Olabilirim? \u0130nan\u0131lmaz D\u00fczeltme"},"content":{"rendered":"<figure class=\"wp-block-image size-large\"><img fetchpriority=\"high\" decoding=\"async\" width=\"1024\" height=\"683\" src=\"https:\/\/goldcityhair.com\/wp-content\/uploads\/2026\/02\/image_1-189-1024x683.webp\" alt=\"Nas\u0131l Sa\u011fl\u0131kl\u0131 Sa\u00e7lara Sahip Olabilirim? \u0130nan\u0131lmaz D\u00fczeltme\" class=\"wp-image-22139\" srcset=\"https:\/\/goldcityhair.com\/wp-content\/uploads\/2026\/02\/image_1-189-1024x683.webp 1024w, https:\/\/goldcityhair.com\/wp-content\/uploads\/2026\/02\/image_1-189-300x200.webp 300w, https:\/\/goldcityhair.com\/wp-content\/uploads\/2026\/02\/image_1-189-768x512.webp 768w, https:\/\/goldcityhair.com\/wp-content\/uploads\/2026\/02\/image_1-189-18x12.webp 18w, https:\/\/goldcityhair.com\/wp-content\/uploads\/2026\/02\/image_1-189.webp 1200w\" sizes=\"(max-width: 1024px) 100vw, 1024px\" \/><\/figure>\n\n\n\n<p>Sa\u011fl\u0131kl\u0131 ve canl\u0131 sa\u00e7lara sahip olmak i\u00e7in iyi beslenme, sa\u00e7 derisi bak\u0131m\u0131 ve d\u00fczenli bak\u0131m\u0131n bir kar\u0131\u015f\u0131m\u0131na ihtiyac\u0131n\u0131z vard\u0131r. \u0130yi beslenmek sa\u00e7\u0131n\u0131z\u0131 ve sa\u00e7 derinizi sa\u011fl\u0131kl\u0131 tutman\u0131n anahtar\u0131d\u0131r. Nas\u0131l sa\u011fl\u0131kl\u0131 sa\u00e7lara sahip olabilirim? \u0130nan\u0131lmaz parlakl\u0131k ve inan\u0131lmaz g\u00fc\u00e7l\u00fc sa\u00e7 telleri i\u00e7in inan\u0131lmaz d\u00fczeltmeyi ve g\u00fc\u00e7l\u00fc s\u0131rlar\u0131 bug\u00fcn ke\u015ffedin.<\/p>\n\n\n\n<p>Sa\u00e7 \u00e7o\u011funlukla proteinden olu\u015fur. Bu nedenle, her g\u00fcn en az 45 gram protein t\u00fcketmek \u00f6nemlidir. \u00d6nemli besinlerle dolu bir diyet sa\u00e7\u0131n\u0131z\u0131n g\u00fc\u00e7l\u00fc ve sa\u011fl\u0131kl\u0131 kalmas\u0131na yard\u0131mc\u0131 olur.<\/p>\n\n\n\n<p>Beslenmenin ve di\u011fer fakt\u00f6rlerin sa\u00e7 sa\u011fl\u0131\u011f\u0131ndaki rol\u00fcn\u00fc \u00f6\u011frenmek b\u00fcy\u00fck bir ad\u0131md\u0131r. Sa\u00e7 hedefleriniz do\u011frultusunda \u00e7al\u0131\u015fmaya ba\u015flaman\u0131za yard\u0131mc\u0131 olur. \u0130yi sa\u00e7 bak\u0131m ipu\u00e7lar\u0131 ve sa\u00e7 sa\u011fl\u0131\u011f\u0131 ipu\u00e7lar\u0131, sizin i\u00e7in do\u011fru olan bir sa\u00e7 bak\u0131m plan\u0131 olu\u015fturman\u0131za yard\u0131mc\u0131 olabilir.<\/p>\n\n\n\n<h3 class=\"wp-block-heading\">\u00d6nemli \u00c7\u0131kar\u0131mlar<\/h3>\n\n\n\n<p>Sa\u011fl\u0131kl\u0131 sa\u00e7lar i\u00e7in temel besinler a\u00e7\u0131s\u0131ndan zengin ve dengeli beslenin.<\/p>\n\n\n\n<p>Sa\u00e7 g\u00fcc\u00fc i\u00e7in g\u00fcnde en az 45 gram protein t\u00fcketin.<\/p>\n\n\n\n<p>Do\u011fru beslenmeyi sa\u00e7 derisi bak\u0131m\u0131 ve bak\u0131m uygulamalar\u0131 ile birle\u015ftirin.<\/p>\n\n\n\n<p>Sa\u00e7 tipinize g\u00f6re ki\u015fiselle\u015ftirilmi\u015f bir sa\u00e7 bak\u0131m rutini geli\u015ftirin.<\/p>\n\n\n\n<p>Kal\u0131c\u0131 sonu\u00e7lar i\u00e7in tutarl\u0131 sa\u00e7 bak\u0131m uygulamalar\u0131n\u0131 s\u00fcrd\u00fcr\u00fcn.<\/p>\n\n\n\n<h2 class=\"wp-block-heading\">Sa\u00e7 Sa\u011fl\u0131\u011f\u0131 Temellerini Anlamak<\/h2>\n\n\n\n<figure class=\"wp-block-image size-large\"><img decoding=\"async\" width=\"1024\" height=\"683\" src=\"https:\/\/goldcityhair.com\/wp-content\/uploads\/2026\/02\/image_2-189-1024x683.webp\" alt=\"Sa\u00e7 Sa\u011fl\u0131\u011f\u0131 Temellerini Anlamak\" class=\"wp-image-22140\" srcset=\"https:\/\/goldcityhair.com\/wp-content\/uploads\/2026\/02\/image_2-189-1024x683.webp 1024w, https:\/\/goldcityhair.com\/wp-content\/uploads\/2026\/02\/image_2-189-300x200.webp 300w, https:\/\/goldcityhair.com\/wp-content\/uploads\/2026\/02\/image_2-189-768x512.webp 768w, https:\/\/goldcityhair.com\/wp-content\/uploads\/2026\/02\/image_2-189-18x12.webp 18w, https:\/\/goldcityhair.com\/wp-content\/uploads\/2026\/02\/image_2-189.webp 1200w\" sizes=\"(max-width: 1024px) 100vw, 1024px\" \/><\/figure>\n\n\n\n<p>\u0130yi bir sa\u00e7 bak\u0131m rutini olu\u015fturmak i\u00e7in sa\u00e7 sa\u011fl\u0131\u011f\u0131n\u0131n temellerini bilmek \u00e7ok \u00f6nemlidir. Sa\u00e7 sa\u011fl\u0131\u011f\u0131 geneti\u011fe, beslenmeye, ya\u015fa ve kulland\u0131\u011f\u0131m\u0131z \u00fcr\u00fcnlere ba\u011fl\u0131d\u0131r. Bu fakt\u00f6rleri anlamak g\u00fc\u00e7l\u00fc ve sa\u011fl\u0131kl\u0131 sa\u00e7lar elde etmeye yard\u0131mc\u0131 olur.<\/p>\n\n\n\n<h3 class=\"wp-block-heading\">Sa\u00e7 Yap\u0131s\u0131 ve B\u00fcy\u00fcmesinin Arkas\u0131ndaki Bilim<\/h3>\n\n\n\n<p>Sa\u00e7 keratin ad\u0131 verilen bir proteinden yap\u0131l\u0131r ve sa\u00e7 folik\u00fcl\u00fcnden b\u00fcy\u00fcr. \u00dc\u00e7 ana b\u00f6l\u00fcm\u00fc vard\u0131r: k\u00fctik\u00fcl, korteks ve medulla. K\u00fctik\u00fcl, sa\u00e7\u0131 hasardan koruyan d\u0131\u015f katmand\u0131r.<\/p>\n\n\n\n<p>Sa\u00e7 telinin ana k\u0131sm\u0131 olan korteks, sa\u00e7a rengini veren melanini tutar. Ayr\u0131ca sa\u00e7\u0131n g\u00fcc\u00fcn\u00fc ve esnekli\u011fini de belirler.<\/p>\n\n\n\n<p>Sa\u00e7lar d\u00f6ng\u00fcler halinde uzar: anajen, katajen ve telojen. Anajen evre sa\u00e7\u0131n h\u0131zl\u0131 uzad\u0131\u011f\u0131 d\u00f6nemdir. Bu d\u00f6ng\u00fcleri bilmek sa\u00e7 sa\u011fl\u0131\u011f\u0131n\u0131 y\u00f6netmeye yard\u0131mc\u0131 olur.<\/p>\n\n\n\n<h3 class=\"wp-block-heading\">Hasarl\u0131 ve Sa\u011fl\u0131kl\u0131 Sa\u00e7 \u0130\u015faretlerini Belirleme<\/h3>\n\n\n\n<p>Sa\u011fl\u0131kl\u0131 sa\u00e7lar parlar, elastiktir ve daha az k\u0131r\u0131l\u0131r. Hasarl\u0131 sa\u00e7lar donuk, k\u0131r\u0131lgan g\u00f6r\u00fcn\u00fcr ve kolayca k\u0131r\u0131l\u0131r. Is\u0131 ile \u015fekillendirme, kimyasal i\u015flemler ve \u00e7evresel stres sa\u00e7a zarar verebilir.<\/p>\n\n\n\n<p>Sa\u00e7\u0131n\u0131z\u0131n sa\u011fl\u0131kl\u0131 m\u0131 yoksa hasarl\u0131 m\u0131 oldu\u011funu anlamak i\u00e7in a\u015f\u0131r\u0131 d\u00f6k\u00fclme, kabarma veya y\u00f6netilemezlik gibi i\u015faretlere dikkat edin. Bu i\u015faretleri tespit etmek sa\u00e7\u0131n\u0131z\u0131n sa\u011fl\u0131\u011f\u0131n\u0131 d\u00fczeltmenize yard\u0131mc\u0131 olur.<\/p>\n\n\n\n<h2 class=\"wp-block-heading\">Do\u011fru Beslenme ile Nas\u0131l Sa\u011fl\u0131kl\u0131 Sa\u00e7lara Sahip Olabilirim?<\/h2>\n\n\n\n<figure class=\"wp-block-image size-large\"><img decoding=\"async\" width=\"1024\" height=\"683\" src=\"https:\/\/goldcityhair.com\/wp-content\/uploads\/2026\/02\/image_3-177-1024x683.webp\" alt=\"Do\u011fru Beslenme ile Nas\u0131l Sa\u011fl\u0131kl\u0131 Sa\u00e7lara Sahip Olabilirim?\" class=\"wp-image-22143\" srcset=\"https:\/\/goldcityhair.com\/wp-content\/uploads\/2026\/02\/image_3-177-1024x683.webp 1024w, https:\/\/goldcityhair.com\/wp-content\/uploads\/2026\/02\/image_3-177-300x200.webp 300w, https:\/\/goldcityhair.com\/wp-content\/uploads\/2026\/02\/image_3-177-768x512.webp 768w, https:\/\/goldcityhair.com\/wp-content\/uploads\/2026\/02\/image_3-177-18x12.webp 18w, https:\/\/goldcityhair.com\/wp-content\/uploads\/2026\/02\/image_3-177.webp 1200w\" sizes=\"(max-width: 1024px) 100vw, 1024px\" \/><\/figure>\n\n\n\n<p>Sa\u011fl\u0131kl\u0131 sa\u00e7lara kavu\u015fmak, temel besinlerle dolu dengeli bir diyetle ba\u015flar. \u0130yi beslenmi\u015f bir v\u00fccut, g\u00fc\u00e7l\u00fc ve esnek sa\u00e7lar\u0131n b\u00fcy\u00fcmesine yard\u0131mc\u0131 olur. Do\u011fru beslenme sa\u00e7a ihtiyac\u0131 olan g\u00fcc\u00fc, parlakl\u0131\u011f\u0131 ve sa\u011fl\u0131\u011f\u0131 verir.<\/p>\n\n\n\n<h3 class=\"wp-block-heading\">Sa\u00e7 G\u00fcc\u00fc i\u00e7in Temel Proteinler ve Vitaminler<\/h3>\n\n\n\n<p>Proteinler sa\u00e7 yap\u0131s\u0131n\u0131n anahtar\u0131d\u0131r ve sa\u00e7\u0131n b\u00fcy\u00fck bir k\u0131sm\u0131n\u0131 olu\u015fturur. Ya\u011fs\u0131z et, bal\u0131k, yumurta ve baklagiller gibi g\u0131dalar sa\u00e7\u0131n g\u00fcc\u00fc i\u00e7in hayati \u00f6nem ta\u015f\u0131r. C vitamini de \u00f6nemlidir, sa\u00e7 b\u00fcy\u00fcmesi i\u00e7in kolajen ve demir emilimine yard\u0131mc\u0131 olur. Turun\u00e7giller, meyveler ve yaprakl\u0131 ye\u015fillikler harika C Vitamini kaynaklar\u0131d\u0131r.<\/p>\n\n\n\n<p>Biotin gibi B vitaminleri de sa\u00e7 sa\u011fl\u0131\u011f\u0131 i\u00e7in \u00f6nemlidir. Biotin, sa\u00e7 b\u00fcy\u00fcmesi i\u00e7in proteinin enerjiye d\u00f6n\u00fc\u015fmesine yard\u0131mc\u0131 olur. F\u0131nd\u0131k, tohumlar ve tam tah\u0131llar iyi Biotin kaynaklar\u0131d\u0131r. Bu besinlerden yeterince almak sa\u00e7lar\u0131 daha g\u00fc\u00e7l\u00fc ve k\u0131r\u0131lmaya daha az e\u011filimli hale getirebilir.<\/p>\n\n\n\n<h3 class=\"wp-block-heading\">Sa\u00e7 Folik\u00fcl\u00fc Sa\u011fl\u0131\u011f\u0131n\u0131 Destekleyen Mineraller<\/h3>\n\n\n\n<p>\u00c7inko ve Demir sa\u00e7 k\u00f6klerine yard\u0131mc\u0131 olan minerallerdir. \u00c7inko sa\u00e7 b\u00fcy\u00fcmesine ve bak\u0131m\u0131na yard\u0131mc\u0131 olurken, Demir folik\u00fcllere oksijen iletilmesini sa\u011flar. \u0130stiridye, s\u0131\u011f\u0131r eti ve tavuk gibi \u00e7inko a\u00e7\u0131s\u0131ndan zengin g\u0131dalar ve k\u0131rm\u0131z\u0131 et, \u0131spanak ve kinoa gibi demir a\u00e7\u0131s\u0131ndan zengin g\u0131dalar t\u00fcketmek sa\u00e7lar\u0131n sa\u011fl\u0131kl\u0131 uzamas\u0131n\u0131 destekler.<\/p>\n\n\n\n<p>Selenyum kafa derisinin korunmas\u0131 i\u00e7in de \u00f6nemlidir. Brezilya f\u0131st\u0131\u011f\u0131 harika bir Selenyum kayna\u011f\u0131d\u0131r. Diyet veya takviyeler yoluyla yeterli mineral al\u0131m\u0131 sa\u00e7 folik\u00fcllerini sa\u011fl\u0131kl\u0131 tutar ve sa\u00e7 sa\u011fl\u0131\u011f\u0131n\u0131 destekler.<\/p>\n\n\n\n<h3 class=\"wp-block-heading\">Sa\u00e7 Esnekli\u011finin Korunmas\u0131nda Hidrasyonun Rol\u00fc<\/h3>\n\n\n\n<p>Hidrasyon sa\u00e7 esnekli\u011fi i\u00e7in hayati \u00f6nem ta\u015f\u0131r. Yeterince su i\u00e7mek sa\u00e7\u0131 sa\u011fl\u0131kl\u0131 ve esnek tutar. Susuzluk kuru, k\u0131r\u0131lgan ve kolay k\u0131r\u0131lan sa\u00e7lara neden olabilir. Karpuz, salatal\u0131k ve kereviz gibi nemlendirici yiyecekler yemek de hidratl\u0131 kalmaya yard\u0131mc\u0131 olur.<\/p>\n\n\n\n<p>Sa\u00e7lar\u0131 esnek tutmak sadece suyla ilgili de\u011fildir; ayn\u0131 zamanda do\u011fru sa\u00e7 bak\u0131m \u00fcr\u00fcnleriyle de ilgilidir. Nemlendirici \u015fampuanlar ve sa\u00e7 kremleri sa\u00e7\u0131n esnek ve g\u00fc\u00e7l\u00fc kalmas\u0131na yard\u0131mc\u0131 olur. Uygun nemlendirme ve besleyici \u00fcr\u00fcnler i\u00e7eren sa\u011fl\u0131kl\u0131 bir sa\u00e7 bak\u0131m rutini, sa\u00e7 sa\u011fl\u0131\u011f\u0131n\u0131 ve g\u00f6r\u00fcn\u00fcm\u00fcn\u00fc b\u00fcy\u00fck \u00f6l\u00e7\u00fcde iyile\u015ftirir.<\/p>\n\n\n\n<h2 class=\"wp-block-heading\">Etkili Sa\u00e7 Derisi Bak\u0131m Teknikleri<\/h2>\n\n\n\n<p>Sa\u00e7 derisi bak\u0131m\u0131 sa\u011fl\u0131kl\u0131 ve canl\u0131 sa\u00e7lara sahip olman\u0131n anahtar\u0131d\u0131r. \u0130yi bak\u0131lm\u0131\u015f bir sa\u00e7 derisi sa\u00e7\u0131n daha iyi uzamas\u0131na yard\u0131mc\u0131 olur. Ayr\u0131ca kafa derisi problemleri olas\u0131l\u0131\u011f\u0131n\u0131 da azalt\u0131r.<\/p>\n\n\n\n<h3 class=\"wp-block-heading\">Sa\u00e7 Tipinize G\u00f6re \u00dcr\u00fcn Se\u00e7imi<\/h3>\n\n\n\n<p>Do\u011fru sa\u00e7 bak\u0131m \u00fcr\u00fcnlerini se\u00e7mek \u00f6nemlidir. Farkl\u0131 sa\u00e7 tipleri sa\u011fl\u0131kl\u0131 kalmak i\u00e7in \u00f6zel \u00fcr\u00fcnlere ihtiya\u00e7 duyar. Ya\u011fl\u0131 sa\u00e7lar i\u00e7in \u00e7ay a\u011fac\u0131 ya\u011f\u0131 veya salisilik asit i\u00e7eren \u00fcr\u00fcnler yard\u0131mc\u0131 olabilir.<\/p>\n\n\n\n<p>Kuru veya y\u0131pranm\u0131\u015f sa\u00e7lar i\u00e7in nemlendirici \u00fcr\u00fcnler en iyisidir. Hindistan cevizi ya\u011f\u0131 veya shea ya\u011f\u0131 i\u00e7erenleri aray\u0131n. Tahri\u015fi \u00f6nlemek i\u00e7in s\u00fclfat gibi sert kimyasallardan ka\u00e7\u0131n\u0131n.<\/p>\n\n\n\n<h3 class=\"wp-block-heading\">Do\u011fru Temizleme ve Bak\u0131m Y\u00f6ntemleri<\/h3>\n\n\n\n<p>Sa\u00e7 derisi bak\u0131m\u0131 i\u00e7in temizlik ve bak\u0131m hayati \u00f6nem ta\u015f\u0131r. Do\u011fru temizlik kir ve ya\u011fdan ar\u0131nd\u0131r\u0131r. Bak\u0131m ise sa\u00e7\u0131 ve sa\u00e7 derisini nemlendirir ve korur.<\/p>\n\n\n\n<p>Bak\u0131m yaparken sa\u00e7 u\u00e7lar\u0131na odaklan\u0131n ancak sa\u00e7 derisini de besleyin. Daha iyi sa\u00e7 derisi sa\u011fl\u0131\u011f\u0131 i\u00e7in sa\u00e7 tipinize uygun bir sa\u00e7 kremi se\u00e7in.<\/p>\n\n\n\n<h3 class=\"wp-block-heading\">Sa\u00e7 Derisi Masaj\u0131 ve Eksfoliasyonun Faydalar\u0131<\/h3>\n\n\n\n<p>Kafa derisi masaj\u0131 ve peeling kafa derisi sa\u011fl\u0131\u011f\u0131n\u0131 art\u0131r\u0131r. Sa\u00e7 derisine masaj yapmak kan ak\u0131\u015f\u0131n\u0131 art\u0131rarak sa\u00e7 b\u00fcy\u00fcmesine yard\u0131mc\u0131 olur. Ayr\u0131ca gerginli\u011fi azalt\u0131r.<\/p>\n\n\n\n<p>Sa\u00e7 derisine peeling uygulamak \u00f6l\u00fc deri h\u00fccrelerini temizler. Bunun i\u00e7in bir sa\u00e7 derisi peelingi veya f\u0131r\u00e7as\u0131 kullan\u0131n. Bunlar\u0131 sa\u00e7 bak\u0131m rutininize eklemek sa\u00e7 derinizi sa\u011fl\u0131kl\u0131 tutar ve sa\u00e7 b\u00fcy\u00fcmesini destekler.<\/p>\n\n\n\n<h2 class=\"wp-block-heading\">G\u00fcnl\u00fck Sa\u00e7 Bak\u0131m Uygulamalar\u0131<\/h2>\n\n\n\n<p>Sa\u00e7\u0131n\u0131z\u0131 sa\u011fl\u0131kl\u0131 tutmak i\u00e7in rutininize g\u00fcnl\u00fck bak\u0131m eklemeniz \u00f6nemlidir. Bunu yapmak sa\u00e7\u0131n\u0131z\u0131n sa\u011fl\u0131\u011f\u0131n\u0131 ve g\u00f6r\u00fcn\u00fcm\u00fcn\u00fc b\u00fcy\u00fck \u00f6l\u00e7\u00fcde iyile\u015ftirebilir.<\/p>\n\n\n\n<h3 class=\"wp-block-heading\">Is\u0131yla \u015eekillendirme Korumas\u0131 ve Alternatifleri<\/h3>\n\n\n\n<p>\u00c7ok fazla \u0131s\u0131yla \u015fekillendirme sa\u00e7\u0131n\u0131z\u0131 kurutabilir ve k\u0131rabilir. \u015eekillendirmeden \u00f6nce \u0131s\u0131 koruyucu sprey kullan\u0131n. Hasar\u0131 azaltmak i\u00e7in havayla kurutmay\u0131 veya \u0131s\u0131s\u0131z \u015fekillendirmeyi deneyin.<\/p>\n\n\n\n<p>Is\u0131yla \u015eekillendirme Hasar\u0131n\u0131 Azaltmak i\u00e7in \u0130pu\u00e7lar\u0131:<\/p>\n\n\n\n<p>Is\u0131yla \u015fekillendirmeyi haftada bir veya iki kez ile s\u0131n\u0131rlay\u0131n.<\/p>\n\n\n\n<p>En d\u00fc\u015f\u00fck etkili \u0131s\u0131 ayar\u0131n\u0131 kullan\u0131n.<\/p>\n\n\n\n<p>Is\u0131 aletini tek bir yerde \u00e7ok uzun s\u00fcre tutmaktan ka\u00e7\u0131n\u0131n.<\/p>\n\n\n\n<h3 class=\"wp-block-heading\">Do\u011fru F\u0131r\u00e7alama ve Dolama Teknikleri<\/h3>\n\n\n\n<p>F\u0131r\u00e7alama ve sa\u00e7 a\u00e7ma g\u00fcnl\u00fck al\u0131\u015fkanl\u0131klar\u0131n ba\u015f\u0131nda gelir. Nas\u0131l yapt\u0131\u011f\u0131n\u0131za ba\u011fl\u0131 olarak sa\u00e7\u0131n\u0131za yard\u0131mc\u0131 olabilir veya zarar verebilirler. U\u00e7lardan ba\u015flayarak nazik\u00e7e a\u00e7mak i\u00e7in geni\u015f di\u015fli bir tarak veya bir a\u00e7ma f\u0131r\u00e7as\u0131 kullan\u0131n.<\/p>\n\n\n\n<p>F\u0131r\u00e7alama ve Sa\u00e7 A\u00e7ma i\u00e7in En \u0130yi Uygulamalar:<\/p>\n\n\n\n<h3 class=\"wp-block-heading\">Sa\u00e7lar\u0131 \u00c7evresel Hasarlara Kar\u015f\u0131 Koruma<\/h3>\n\n\n\n<p>UV \u0131\u015f\u0131nlar\u0131, kirlilik ve sert hava ko\u015fullar\u0131 sa\u00e7\u0131n\u0131za zarar verebilir. G\u00fcne\u015ften korumak i\u00e7in bir \u015fapka veya SPF i\u00e7eren bir sa\u00e7 \u00fcr\u00fcn\u00fc kullan\u0131n. Bir sa\u00e7 serumu veya maskesi de sa\u00e7\u0131n\u0131z\u0131 \u00e7evresel stres fakt\u00f6rlerinden koruyabilir.<\/p>\n\n\n\n<p>Sa\u00e7 i\u00e7in Koruyucu \u00d6nlemler:<\/p>\n\n\n\n<p>SPF veya UV korumal\u0131 bir sa\u00e7 \u00fcr\u00fcn\u00fc kullan\u0131n.<\/p>\n\n\n\n<p>Sert havalarda d\u0131\u015far\u0131 \u00e7\u0131karken \u015fapka veya atk\u0131 tak\u0131n.<\/p>\n\n\n\n<p>Sa\u00e7\u0131n\u0131z\u0131 onarmak ve korumak i\u00e7in bir sa\u00e7 serumu veya maskesi uygulay\u0131n.<\/p>\n\n\n\n<p>Bu g\u00fcnl\u00fck uygulamalar\u0131 sa\u00e7 bak\u0131m rutininize ekleyerek sa\u00e7\u0131n\u0131z\u0131n sa\u011fl\u0131\u011f\u0131n\u0131 ve g\u00f6r\u00fcn\u00fcm\u00fcn\u00fc b\u00fcy\u00fck \u00f6l\u00e7\u00fcde iyile\u015ftirebilirsiniz. Unutmay\u0131n, tutarl\u0131 bak\u0131m sa\u011fl\u0131kl\u0131 ve esnek sa\u00e7lara sahip olman\u0131n anahtar\u0131d\u0131r.<\/p>\n\n\n\n<h2 class=\"wp-block-heading\">Sonu\u00e7<\/h2>\n\n\n\n<p>Sa\u011fl\u0131kl\u0131 sa\u00e7lara sahip olmak, iyi beslenme, sa\u00e7 derisi bak\u0131m\u0131 ve g\u00fcnl\u00fck al\u0131\u015fkanl\u0131klar gerektiren b\u00fcy\u00fck bir i\u015ftir. Sa\u00e7\u0131n\u0131z\u0131 nas\u0131l sa\u011fl\u0131kl\u0131 tutaca\u011f\u0131n\u0131z\u0131 bilmek \u00e7ok yard\u0131mc\u0131 olur. Sa\u00e7\u0131n\u0131z\u0131 g\u00fc\u00e7l\u00fc ve parlak yapar.<\/p>\n\n\n\n<p>\u0130yi bir sa\u00e7 bak\u0131m plan\u0131 do\u011fru beslenmeyi, sa\u00e7 derinize iyi bakmay\u0131 ve sa\u00e7\u0131n\u0131z\u0131 korumay\u0131 i\u00e7erir. Do\u011fru sa\u00e7 \u00fcr\u00fcnlerini kullanmak ve sa\u00e7\u0131n\u0131z\u0131 temiz tutmak \u00e7ok \u00f6nemlidir. Ayr\u0131ca sa\u00e7\u0131n\u0131z\u0131 d\u0131\u015far\u0131daki zararlardan korumaya da yard\u0131mc\u0131 olur.<\/p>\n\n\n\n<p>Bu ad\u0131mlar\u0131 takip ederek sa\u00e7lar\u0131n\u0131z\u0131n uzun s\u00fcre sa\u011fl\u0131kl\u0131 kalmas\u0131n\u0131 sa\u011flayabilirsiniz. Dengeli bir sa\u00e7 bak\u0131m rutini hayati \u00f6nem ta\u015f\u0131r. Sa\u00e7\u0131n\u0131z\u0131 g\u00fc\u00e7l\u00fc, esnek ve sa\u011fl\u0131kl\u0131 hale getirir.<\/p>\n\n\n\n<h2 class=\"wp-block-heading\">SSS<\/h2>\n\n\n<div id=\"rank-math-faq\" class=\"rank-math-block\">\n<div class=\"rank-math-list\">\n<div id=\"faq-question-17720869995140.41002943898492217\" class=\"rank-math-list-item\">\n<h3 class=\"rank-math-question\">Sa\u00e7\u0131m\u0131 nas\u0131l daha sa\u011fl\u0131kl\u0131 hale getirebilirim?<\/h3>\n<div class=\"rank-math-answer\">\n\n<p data-start=\"40\" data-end=\"162\">Nazik \u00fcr\u00fcnler kullan\u0131n, haftal\u0131k derinlemesine bak\u0131m yap\u0131n, \u0131s\u0131yla \u015fekillendirmeyi s\u0131n\u0131rland\u0131r\u0131n, d\u00fczenli olarak d\u00fczeltin, iyi beslenin ve uyurken sa\u00e7\u0131 koruyun.<\/p>\n\n<\/div>\n<\/div>\n<div id=\"faq-question-17720869995140.010833188011167949\" class=\"rank-math-list-item\">\n<h3 class=\"rank-math-question\">Sa\u011fl\u0131kl\u0131 sa\u00e7lar i\u00e7in temel besinler nelerdir?<\/h3>\n<div class=\"rank-math-answer\">\n\n<p data-start=\"215\" data-end=\"284\">Protein, demir, \u00e7inko, omega-3 ya\u011f asitleri ve B12, D ve C vitaminleri.<\/p>\n\n<\/div>\n<\/div>\n<div id=\"faq-question-17720869995140.09921389816734627\" class=\"rank-math-list-item\">\n<h3 class=\"rank-math-question\">Hidrasyon sa\u00e7 sa\u011fl\u0131\u011f\u0131n\u0131 nas\u0131l etkiler?<\/h3>\n<div class=\"rank-math-answer\">\n\n<p data-start=\"331\" data-end=\"415\">Do\u011fru nemlendirme elastikiyeti art\u0131r\u0131r, kurulu\u011fu azalt\u0131r ve sa\u011fl\u0131kl\u0131 bir sa\u00e7 derisini destekler.<\/p>\n\n<\/div>\n<\/div>\n<div id=\"faq-question-17720869995140.1164921554040731\" class=\"rank-math-list-item\">\n<h3 class=\"rank-math-question\">Sa\u00e7 derisi masaj\u0131 ve peelingin faydalar\u0131 nelerdir?<\/h3>\n<div class=\"rank-math-answer\">\n\n<p data-start=\"479\" data-end=\"584\">Masaj dola\u015f\u0131m\u0131 h\u0131zland\u0131r\u0131r ve b\u00fcy\u00fcmeyi destekleyebilir. Eksfoliasyon birikimi giderir ve folik\u00fclleri temiz tutar.<\/p>\n\n<\/div>\n<\/div>\n<div id=\"faq-question-17720869995140.836533478567986\" class=\"rank-math-list-item\">\n<h3 class=\"rank-math-question\">Sa\u00e7\u0131m\u0131 \u0131s\u0131yla \u015fekillendirmenin zararlar\u0131ndan nas\u0131l koruyabilirim?<\/h3>\n<div class=\"rank-math-answer\">\n\n<p data-start=\"644\" data-end=\"736\">Is\u0131 koruyucu kullan\u0131n, s\u0131cakl\u0131klar\u0131 d\u00fc\u015f\u00fcr\u00fcn, g\u00fcnl\u00fck \u0131s\u0131 kullan\u0131m\u0131ndan ka\u00e7\u0131n\u0131n ve d\u00fczenli olarak derinlemesine bak\u0131m yap\u0131n.<\/p>\n\n<\/div>\n<\/div>\n<div id=\"faq-question-17720869995140.782932765377699\" class=\"rank-math-list-item\">\n<h3 class=\"rank-math-question\">Sa\u00e7lar\u0131 f\u0131r\u00e7alamak ve a\u00e7mak i\u00e7in en iyi uygulamalar nelerdir?<\/h3>\n<div class=\"rank-math-answer\">\n\n<p data-start=\"806\" data-end=\"908\">Geni\u015f di\u015fli bir tarak kullan\u0131n, u\u00e7lardan yukar\u0131 do\u011fru a\u00e7\u0131n ve \u0131slanan k\u0131r\u0131lgan sa\u00e7lar\u0131 kabaca f\u0131r\u00e7alamaktan ka\u00e7\u0131n\u0131n.<\/p>\n\n<\/div>\n<\/div>\n<div id=\"faq-question-17720869995140.7237921696958048\" class=\"rank-math-list-item\">\n<h3 class=\"rank-math-question\">Sa\u00e7\u0131m\u0131 \u00e7evresel stres fakt\u00f6rlerine kar\u015f\u0131 nas\u0131l koruyabilirim?<\/h3>\n<div class=\"rank-math-answer\">\n\n<p data-start=\"974\" data-end=\"1084\">G\u00fcne\u015ften, kirlilikten ve klordan koruyun; \u015fapka tak\u0131n, y\u00fczd\u00fckten sonra durulay\u0131n ve antioksidan bak\u0131m\u0131ndan zengin \u00fcr\u00fcnler kullan\u0131n.<\/p>\n\n<\/div>\n<\/div>\n<div id=\"faq-question-17720869995140.816239818943063\" class=\"rank-math-list-item\">\n<h3 class=\"rank-math-question\">Sa\u00e7\u0131m\u0131 ne s\u0131kl\u0131kta y\u0131kamal\u0131y\u0131m?<\/h3>\n<div class=\"rank-math-answer\">\n\n<p data-start=\"1125\" data-end=\"1205\">Ya\u011fl\u0131: 1-2 g\u00fcnde bir.<br data-start=\"1146\" data-end=\"1149\"><br \/>\nNormal: Haftada 2-3 kez.<br data-start=\"1174\" data-end=\"1177\"><br \/>\nKuru\/k\u0131v\u0131rc\u0131k: Haftada 1-2 kez.<\/p>\n\n<\/div>\n<\/div>\n<div id=\"faq-question-17720869995140.9367005560290916\" class=\"rank-math-list-item\">\n<h3 class=\"rank-math-question\">Sa\u011fl\u0131kl\u0131 bir sa\u00e7 derisinin belirtileri nelerdir?<\/h3>\n<div class=\"rank-math-answer\">\n\n<p data-start=\"1252\" data-end=\"1346\">A\u015f\u0131r\u0131 ka\u015f\u0131nt\u0131, k\u0131zar\u0131kl\u0131k, pullanma veya birikme yok; dengeli ya\u011f seviyeleri ve minimum tahri\u015f.<\/p>\n\n<\/div>\n<\/div>\n<div id=\"faq-question-17720869995140.8904684460165506\" class=\"rank-math-list-item\">\n<h3 class=\"rank-math-question\">Diyetimle nas\u0131l sa\u011fl\u0131kl\u0131 sa\u00e7lara kavu\u015fabilirim?<\/h3>\n<div class=\"rank-math-answer\">\n\n<p data-start=\"1402\" data-end=\"1512\" data-is-last-node=\"\" data-is-only-node=\"\">Protein, ye\u015fil yaprakl\u0131 sebzeler, sa\u011fl\u0131kl\u0131 ya\u011flar, meyveler ve tam tah\u0131llar a\u00e7\u0131s\u0131ndan zengin dengeli \u00f6\u011f\u00fcnler yiyin; g\u00fcnl\u00fck olarak s\u0131v\u0131 t\u00fcketin.<\/p>\n\n<\/div>\n<\/div>\n<\/div>\n<\/div>\n\n\n<h2 class=\"wp-block-heading\">Referanslar<\/h2>\n\n\n\n<p><a href=\"https:\/\/pmc.ncbi.nlm.nih.gov\/articles\/PMC12553935\" target=\"_blank\" rel=\"noopener\">https:\/\/pmc.ncbi.nlm.nih.gov\/articles\/PMC12553935<\/a><\/p>\n\n\n\n<p><\/p>","protected":false},"excerpt":{"rendered":"<p>To get healthy, vibrant hair, you need a mix of good nutrition, scalp care, and regular maintenance. Eating well is key to keeping your hair and scalp healthy. How can i get healthy hair? Discover the amazing fix and powerful secrets for incredible shine and incredibly strong hair strands today. Hair is mostly made of [&hellip;]<\/p>","protected":false},"author":13,"featured_media":22139,"comment_status":"closed","ping_status":"closed","sticky":false,"template":"","format":"standard","meta":{"footnotes":"","rank_math_title":"","rank_math_description":"How can i get healthy hair? Discover the amazing fix and powerful secrets for incredible shine and incredibly strong hair strands today.","rank_math_canonical_url":"","rank_math_focus_keyword":"how can i get healthy hair"},"categories":[14],"tags":[23,3498,93,2898,3061,3309],"class_list":["post-19966","post","type-post","status-publish","format-standard","has-post-thumbnail","hentry","category-hair","tag-beauty","tag-gc-hair-5521","tag-hair-care","tag-healthy-hair","tag-shine","tag-strength"],"_links":{"self":[{"href":"https:\/\/goldcityhair.com\/tr\/wp-json\/wp\/v2\/posts\/19966","targetHints":{"allow":["GET"]}}],"collection":[{"href":"https:\/\/goldcityhair.com\/tr\/wp-json\/wp\/v2\/posts"}],"about":[{"href":"https:\/\/goldcityhair.com\/tr\/wp-json\/wp\/v2\/types\/post"}],"author":[{"embeddable":true,"href":"https:\/\/goldcityhair.com\/tr\/wp-json\/wp\/v2\/users\/13"}],"replies":[{"embeddable":true,"href":"https:\/\/goldcityhair.com\/tr\/wp-json\/wp\/v2\/comments?post=19966"}],"version-history":[{"count":4,"href":"https:\/\/goldcityhair.com\/tr\/wp-json\/wp\/v2\/posts\/19966\/revisions"}],"predecessor-version":[{"id":23319,"href":"https:\/\/goldcityhair.com\/tr\/wp-json\/wp\/v2\/posts\/19966\/revisions\/23319"}],"wp:featuredmedia":[{"embeddable":true,"href":"https:\/\/goldcityhair.com\/tr\/wp-json\/wp\/v2\/media\/22139"}],"wp:attachment":[{"href":"https:\/\/goldcityhair.com\/tr\/wp-json\/wp\/v2\/media?parent=19966"}],"wp:term":[{"taxonomy":"category","embeddable":true,"href":"https:\/\/goldcityhair.com\/tr\/wp-json\/wp\/v2\/categories?post=19966"},{"taxonomy":"post_tag","embeddable":true,"href":"https:\/\/goldcityhair.com\/tr\/wp-json\/wp\/v2\/tags?post=19966"}],"curies":[{"name":"wp","href":"https:\/\/api.w.org\/{rel}","templated":true}]}}