{"id":19967,"date":"2026-02-23T04:40:05","date_gmt":"2026-02-23T03:40:05","guid":{"rendered":"https:\/\/goldcityhair.com\/?p=19967"},"modified":"2026-03-09T06:35:25","modified_gmt":"2026-03-09T05:35:25","slug":"sac-sagligi-kurallari-inanilmaz-sirlar","status":"publish","type":"post","link":"https:\/\/goldcityhair.com\/tr\/sac\/sac-sagligi-kurallari-inanilmaz-sirlar\/","title":{"rendered":"Sa\u00e7 Sa\u011fl\u0131\u011f\u0131 Rehberi: \u0130nan\u0131lmaz S\u0131rlar"},"content":{"rendered":"<figure class=\"wp-block-image size-large\"><img fetchpriority=\"high\" decoding=\"async\" width=\"1024\" height=\"683\" src=\"https:\/\/goldcityhair.com\/wp-content\/uploads\/2026\/02\/image_1-178-1024x683.webp\" alt=\"Sa\u00e7 Sa\u011fl\u0131\u011f\u0131 Rehberi: \u0130nan\u0131lmaz S\u0131rlar\" class=\"wp-image-22070\" srcset=\"https:\/\/goldcityhair.com\/wp-content\/uploads\/2026\/02\/image_1-178-1024x683.webp 1024w, https:\/\/goldcityhair.com\/wp-content\/uploads\/2026\/02\/image_1-178-300x200.webp 300w, https:\/\/goldcityhair.com\/wp-content\/uploads\/2026\/02\/image_1-178-768x512.webp 768w, https:\/\/goldcityhair.com\/wp-content\/uploads\/2026\/02\/image_1-178-18x12.webp 18w, https:\/\/goldcityhair.com\/wp-content\/uploads\/2026\/02\/image_1-178.webp 1200w\" sizes=\"(max-width: 1024px) 100vw, 1024px\" \/><\/figure>\n\n\n\n<p>Sa\u00e7lar\u0131n\u0131z\u0131 sa\u011fl\u0131kl\u0131 tutmak, iyi g\u00f6r\u00fcnmenin ve harika hissetmenin anahtar\u0131d\u0131r. D\u00fcnya \u00e7ap\u0131nda milyonlarca ki\u015fi sa\u00e7 d\u00f6k\u00fclmesiyle u\u011fra\u015f\u0131rken, sa\u00e7 bak\u0131m\u0131 uygulamalar\u0131 hakk\u0131nda bilgi sahibi olmak hayati \u00f6nem ta\u015f\u0131r.<\/p>\n\n\n\n<p>Sa\u00e7 bak\u0131m pazar\u0131 h\u0131zla b\u00fcy\u00fcyor ve 2024 y\u0131l\u0131nda yakla\u015f\u0131k 93,74 milyar USD'ye ula\u015ft\u0131. Bu rakam\u0131n 2030 y\u0131l\u0131na kadar 121,08 milyar USD'yi a\u015fmas\u0131 bekleniyor. Bu b\u00fcy\u00fcme, sa\u00e7 sa\u011fl\u0131\u011f\u0131n\u0131n insanlar i\u00e7in ne kadar \u00f6nemli hale geldi\u011fini g\u00f6steriyor.<\/p>\n\n\n\n<p>Amerikal\u0131lar\u0131n y\u00fczde seksen alt\u0131s\u0131n\u0131n bir sa\u00e7 bak\u0131m rutini vard\u0131r. Bu da insanlar\u0131n g\u00fcnl\u00fck sa\u00e7 bak\u0131m\u0131na ne kadar \u00f6nem verdi\u011fini g\u00f6steriyor. Bu makalede sa\u011fl\u0131kl\u0131 sa\u00e7lar i\u00e7in en iyi ipu\u00e7lar\u0131 ve y\u00f6nergeler payla\u015f\u0131lacakt\u0131r.<\/p>\n\n\n\n<h3 class=\"wp-block-heading\">\u00d6nemli \u00c7\u0131kar\u0131mlar<\/h3>\n\n\n\n<p>Sa\u011fl\u0131kl\u0131 sa\u00e7lar\u0131n korunmas\u0131nda kafa derisi sa\u011fl\u0131\u011f\u0131n\u0131n \u00f6neminin anla\u015f\u0131lmas\u0131.<\/p>\n\n\n\n<p>Sa\u00e7 sa\u011fl\u0131\u011f\u0131na ili\u015fkin g\u00fcncel ara\u015ft\u0131rma ve istatistiklere genel bak\u0131\u015f.<\/p>\n\n\n\n<p>G\u00fcnl\u00fck bak\u0131m i\u00e7in temel sa\u00e7 bak\u0131m\u0131 uygulamalar\u0131.<\/p>\n\n\n\n<p>Do\u011fru sa\u00e7 bak\u0131m \u00fcr\u00fcnlerini se\u00e7mek i\u00e7in y\u00f6nergeler.<\/p>\n\n\n\n<p>S\u0131k yap\u0131lan sa\u00e7 bak\u0131m\u0131 hatalar\u0131n\u0131 \u00f6nlemek i\u00e7in ipu\u00e7lar\u0131.<\/p>\n\n\n\n<h2 class=\"wp-block-heading\">Sa\u00e7 ve Sa\u00e7 Derisi Sa\u011fl\u0131\u011f\u0131n\u0131 Anlamak<\/h2>\n\n\n\n<figure class=\"wp-block-image size-large\"><img decoding=\"async\" width=\"1024\" height=\"683\" src=\"https:\/\/goldcityhair.com\/wp-content\/uploads\/2026\/02\/image_2-179-1024x683.webp\" alt=\"Sa\u00e7 ve Sa\u00e7 Derisi Sa\u011fl\u0131\u011f\u0131n\u0131 Anlamak\" class=\"wp-image-22072\" srcset=\"https:\/\/goldcityhair.com\/wp-content\/uploads\/2026\/02\/image_2-179-1024x683.webp 1024w, https:\/\/goldcityhair.com\/wp-content\/uploads\/2026\/02\/image_2-179-300x200.webp 300w, https:\/\/goldcityhair.com\/wp-content\/uploads\/2026\/02\/image_2-179-768x512.webp 768w, https:\/\/goldcityhair.com\/wp-content\/uploads\/2026\/02\/image_2-179-18x12.webp 18w, https:\/\/goldcityhair.com\/wp-content\/uploads\/2026\/02\/image_2-179.webp 1200w\" sizes=\"(max-width: 1024px) 100vw, 1024px\" \/><\/figure>\n\n\n\n<p>Sa\u00e7\u0131n nas\u0131l uzad\u0131\u011f\u0131n\u0131 ve yap\u0131s\u0131n\u0131 bilmek, sa\u011fl\u0131kl\u0131 bir sa\u00e7 derisinin anahtar\u0131d\u0131r. Sa\u00e7 sa\u011fl\u0131\u011f\u0131 kafa derisi sa\u011fl\u0131\u011f\u0131 ile yak\u0131ndan ili\u015fkilidir. Bu ba\u011flant\u0131y\u0131 anlamak, yayg\u0131n sa\u00e7 sorunlar\u0131n\u0131 \u00e7\u00f6zmeye yard\u0131mc\u0131 olur.<\/p>\n\n\n\n<h3 class=\"wp-block-heading\">Sa\u00e7\u0131n Yap\u0131s\u0131 ve B\u00fcy\u00fcme D\u00f6ng\u00fcs\u00fc<\/h3>\n\n\n\n<p>Sa\u00e7 \u00e7o\u011funlukla proteindir ve uzamas\u0131 geneti\u011fe, diyete ve sa\u00e7 bak\u0131m\u0131na ba\u011fl\u0131d\u0131r. B\u00fcy\u00fcme d\u00f6ng\u00fcs\u00fcn\u00fcn \u00fc\u00e7 a\u015famas\u0131 vard\u0131r: anajen, katajen ve telojen. Anajen evre, sa\u00e7\u0131n h\u0131zl\u0131 uzad\u0131\u011f\u0131 ve 2 ila 6 y\u0131l s\u00fcrd\u00fc\u011f\u00fc d\u00f6nemdir.<\/p>\n\n\n\n<p>Katajen faz\u0131 yakla\u015f\u0131k 2 hafta s\u00fcren k\u0131sa bir ge\u00e7i\u015ftir. Sa\u00e7 b\u00fcy\u00fcmesi burada yava\u015flar. Telojen evre, 3 ay s\u00fcren dinlenme evresidir ve sonras\u0131nda sa\u00e7lar d\u00f6k\u00fcl\u00fcr.<\/p>\n\n\n\n<p>Temel vitamin ve minerallerle dengeli beslenmek sa\u00e7 b\u00fcy\u00fcmesi i\u00e7in hayati \u00f6nem ta\u015f\u0131r. \u00c7inko, omega-3 ya\u011f asitleri ve vitaminler gibi besinler sa\u00e7 derisini sa\u011fl\u0131kl\u0131 tutmaya ve sa\u00e7 b\u00fcy\u00fcmesini desteklemeye yard\u0131mc\u0131 olur. \u00d6rne\u011fin, \u00e7inko sa\u00e7 d\u00f6k\u00fclmesini \u00f6nlemeye yard\u0131mc\u0131 olur ve omega-3 ya\u011f asitleri sa\u00e7 k\u00f6klerini ve bezlerini uyar\u0131r.<\/p>\n\n\n\n<h3 class=\"wp-block-heading\">Yayg\u0131n Sa\u00e7 Sorunlar\u0131 ve Nedenleri<\/h3>\n\n\n\n<p>Bir\u00e7ok sa\u00e7 sorunu, nedenlerini bilerek ve do\u011fru sa\u00e7 bak\u0131m\u0131n\u0131 kullanarak \u00e7\u00f6z\u00fclebilir. Bu sorunlar aras\u0131nda sa\u00e7 d\u00f6k\u00fclmesi, kepek ve kuruluk yer al\u0131r. Sa\u00e7 d\u00f6k\u00fclmesi genetik, diyet veya \u00e7ok fazla \u0131s\u0131yla \u015fekillendirmeye ba\u011fl\u0131 olabilir.<\/p>\n\n\n\n<p>Kepek genellikle kuru bir sa\u00e7 derisinden veya sa\u00e7 \u00fcr\u00fcnlerine kar\u015f\u0131 hassasiyetten kaynaklan\u0131r. Kuruluk \u00e7ok fazla y\u0131kamaktan, yanl\u0131\u015f \u00fcr\u00fcnler kullanmaktan veya \u00e7evresel fakt\u00f6rlerden kaynaklanabilir.<\/p>\n\n\n\n<p>Bu sa\u00e7 sorunlar\u0131n\u0131n nedenlerini bilerek ve iyi bir sa\u00e7 bak\u0131m rutini uygulayarak sa\u00e7\u0131n\u0131z\u0131 ve sa\u00e7 derinizi sa\u011fl\u0131kl\u0131 tutabilirsiniz.<\/p>\n\n\n\n<h2 class=\"wp-block-heading\">Sa\u011fl\u0131kl\u0131 Sa\u00e7lar \u0130\u00e7in Sa\u011fl\u0131k \u0130pu\u00e7lar\u0131: G\u00fcnl\u00fck Bak\u0131m Rutini<\/h2>\n\n\n\n<figure class=\"wp-block-image size-large\"><img decoding=\"async\" width=\"1024\" height=\"683\" src=\"https:\/\/goldcityhair.com\/wp-content\/uploads\/2026\/02\/image_3-168-1024x683.webp\" alt=\"Sa\u011fl\u0131kl\u0131 Sa\u00e7lar \u0130\u00e7in Sa\u011fl\u0131k \u0130pu\u00e7lar\u0131: G\u00fcnl\u00fck Bak\u0131m Rutini\" class=\"wp-image-22074\" srcset=\"https:\/\/goldcityhair.com\/wp-content\/uploads\/2026\/02\/image_3-168-1024x683.webp 1024w, https:\/\/goldcityhair.com\/wp-content\/uploads\/2026\/02\/image_3-168-300x200.webp 300w, https:\/\/goldcityhair.com\/wp-content\/uploads\/2026\/02\/image_3-168-768x512.webp 768w, https:\/\/goldcityhair.com\/wp-content\/uploads\/2026\/02\/image_3-168-18x12.webp 18w, https:\/\/goldcityhair.com\/wp-content\/uploads\/2026\/02\/image_3-168.webp 1200w\" sizes=\"(max-width: 1024px) 100vw, 1024px\" \/><\/figure>\n\n\n\n<p>\u0130yi bir g\u00fcnl\u00fck sa\u00e7 bak\u0131m rutini, sa\u011fl\u0131kl\u0131 ve canl\u0131 sa\u00e7lara sahip olman\u0131n anahtar\u0131d\u0131r. G\u00fcnl\u00fck rutininize birka\u00e7 basit ad\u0131m eklemek sa\u00e7\u0131n\u0131z\u0131n sa\u011fl\u0131\u011f\u0131n\u0131 ve g\u00f6r\u00fcn\u00fcm\u00fcn\u00fc b\u00fcy\u00fck \u00f6l\u00e7\u00fcde iyile\u015ftirebilir.<\/p>\n\n\n\n<h3 class=\"wp-block-heading\">Do\u011fru Y\u0131kama ve Kondisyonlama Teknikleri<\/h3>\n\n\n\n<p>Do\u011fru \u015fampuan ve sa\u00e7 kremi se\u00e7imi sa\u011fl\u0131kl\u0131 sa\u00e7lar i\u00e7in hayati \u00f6nem ta\u015f\u0131r. Sa\u00e7 tipinize uygun \u00fcr\u00fcnleri se\u00e7in. Y\u0131karken, kiri temizlemek ve kan ak\u0131\u015f\u0131n\u0131 h\u0131zland\u0131rmak i\u00e7in sa\u00e7 derinize nazik\u00e7e masaj yap\u0131n.<\/p>\n\n\n\n<p>Sa\u00e7\u0131n\u0131z\u0131n do\u011fal ya\u011flar\u0131n\u0131 korumak i\u00e7in s\u0131cak yerine \u0131l\u0131k su kullan\u0131n. Sa\u00e7 kremi de nemi i\u00e7eride tutmak ve dola\u015fmalar\u0131 azaltmak i\u00e7in \u00e7ok \u00f6nemlidir. Ya\u011f birikimini \u00f6nlemek i\u00e7in sa\u00e7 derisinden ka\u00e7\u0131narak sa\u00e7 kremini orta uzunluktan u\u00e7lara do\u011fru uygulay\u0131n.<\/p>\n\n\n\n<p>A\u00e7mak i\u00e7in u\u00e7lardan ba\u015flayarak geni\u015f di\u015fli bir tarak kullan\u0131n. Bu y\u00f6ntem k\u0131r\u0131lmalar\u0131 ve dola\u015fmalar\u0131 azalt\u0131r. K\u0131v\u0131rc\u0131k sa\u00e7lar i\u00e7in sa\u00e7 kremi sa\u00e7\u0131n\u0131zdayken du\u015fta a\u00e7\u0131n.<\/p>\n\n\n\n<h3 class=\"wp-block-heading\">D\u00fczenli Sa\u00e7 Derisi Masaj\u0131n\u0131n Faydalar\u0131<\/h3>\n\n\n\n<p>Sa\u00e7 derisi masaj\u0131 sa\u00e7 sa\u011fl\u0131\u011f\u0131n\u0131 art\u0131rman\u0131n basit ama etkili bir yoludur. Kan ak\u0131\u015f\u0131n\u0131 art\u0131rarak sa\u00e7 k\u00f6klerinizi besler. Ara\u015ft\u0131rmalar kafa derisi masaj\u0131n\u0131n sa\u00e7lar\u0131 24 haftada 8.24% kal\u0131nla\u015ft\u0131rabildi\u011fini g\u00f6stermektedir.<\/p>\n\n\n\n<p>Sa\u00e7 derisi masaj\u0131n\u0131 rutininize eklemek i\u00e7in, parmak u\u00e7lar\u0131n\u0131z\u0131 kullanarak her g\u00fcn birka\u00e7 dakika boyunca dairesel hareketlerle sa\u00e7 derinize masaj yap\u0131n.<\/p>\n\n\n\n<h3 class=\"wp-block-heading\">Is\u0131 Korumas\u0131 ve \u015eekillendirmede En \u0130yi Uygulamalar<\/h3>\n\n\n\n<p>\u00c7ok fazla \u0131s\u0131yla \u015fekillendirme sa\u00e7\u0131n\u0131za zarar vererek kurulu\u011fa, k\u0131r\u0131lmaya ve kabarmaya neden olabilir. Is\u0131 aletleriyle \u015fekillendirmeden \u00f6nce bir \u0131s\u0131 koruyucu sprey veya serum kullan\u0131n. Is\u0131yla \u015fekillendirmeyi s\u0131n\u0131rland\u0131rmaya veya daha d\u00fc\u015f\u00fck \u0131s\u0131 ayarlar\u0131 kullanmaya \u00e7al\u0131\u015f\u0131n.<\/p>\n\n\n\n<p>Is\u0131 ile \u015fekillendirirken, \u0131s\u0131n\u0131n bir noktaya \u00e7ok uzun s\u00fcre odaklanmas\u0131n\u0131 \u00f6nlemek i\u00e7in aleti hareket ettirin.<\/p>\n\n\n\n<p>Bu g\u00fcnl\u00fck bak\u0131m ipu\u00e7lar\u0131n\u0131 takip ederek sa\u00e7\u0131n\u0131z\u0131n sa\u011fl\u0131\u011f\u0131n\u0131 ve g\u00f6r\u00fcn\u00fcm\u00fcn\u00fc b\u00fcy\u00fck \u00f6l\u00e7\u00fcde iyile\u015ftirebilirsiniz. Unutmay\u0131n, tutarl\u0131 olmak \u00f6nemlidir. Bu uygulamalar\u0131 g\u00fcnl\u00fck bir al\u0131\u015fkanl\u0131k haline getirmek, zaman i\u00e7inde size en iyi sonu\u00e7lar\u0131 verecektir.<\/p>\n\n\n\n<h2 class=\"wp-block-heading\">Sa\u00e7 Sa\u011fl\u0131\u011f\u0131 i\u00e7in Beslenme ve Ya\u015fam Tarz\u0131 Fakt\u00f6rleri<\/h2>\n\n\n\n<p>Sa\u00e7\u0131n\u0131z\u0131n sa\u011fl\u0131\u011f\u0131 ne yedi\u011finize ve nas\u0131l ya\u015fad\u0131\u011f\u0131n\u0131za ba\u011fl\u0131d\u0131r. Baz\u0131 vitaminler, mineraller ve al\u0131\u015fkanl\u0131klar sa\u00e7\u0131n\u0131z\u0131n iyi uzamas\u0131na yard\u0131mc\u0131 olur. \u00d6nemli besinlerle dolu dengeli bir diyet sa\u011fl\u0131kl\u0131 sa\u00e7lar\u0131n anahtar\u0131d\u0131r.<\/p>\n\n\n\n<h3 class=\"wp-block-heading\">Sa\u00e7 B\u00fcy\u00fcmesi i\u00e7in Gerekli Vitamin ve Mineraller<\/h3>\n\n\n\n<p>\u00c7e\u015fitli vitamin ve minerallerle beslenmek sa\u00e7 sa\u011fl\u0131\u011f\u0131 i\u00e7in \u00f6nemlidir. Sa\u00e7 b\u00fcy\u00fcmesi i\u00e7in temel besinler \u015funlard\u0131r:<\/p>\n\n\n\n<p>D Vitamini: Normal sa\u00e7 folik\u00fcl\u00fc geli\u015fimi i\u00e7in \u00f6nemlidir.<\/p>\n\n\n\n<p>Demir: Sa\u00e7 k\u00f6klerine oksijen ta\u015f\u0131yan hemoglobin \u00fcretimi i\u00e7in gereklidir.<\/p>\n\n\n\n<p>\u00c7inko: Ba\u011f\u0131\u015f\u0131kl\u0131k sistemini destekleyerek ve sa\u00e7 b\u00fcy\u00fcme d\u00f6ng\u00fclerini d\u00fczenleyerek sa\u00e7 b\u00fcy\u00fcmesinde ve bak\u0131m\u0131nda kritik bir rol oynar.<\/p>\n\n\n\n<p>Biotin: Proteini enerjiye d\u00f6n\u00fc\u015ft\u00fcrmeye yard\u0131mc\u0131 olan ve sa\u00e7 b\u00fcy\u00fcmesini destekleyen bir B-kompleks vitamini.<\/p>\n\n\n\n<p>Ayr\u0131ca, yeterli miktarda protein t\u00fcketmek sa\u00e7 sa\u011fl\u0131\u011f\u0131 i\u00e7in hayati \u00f6nem ta\u015f\u0131r. Sa\u00e7 \u00e7o\u011funlukla proteinden olu\u015fur.<\/p>\n\n\n\n<h3 class=\"wp-block-heading\">Hidrasyon, Uyku ve Stres Y\u00f6netimi<\/h3>\n\n\n\n<p>Hidrasyon, uyku ve stres y\u00f6netimi de sa\u00e7 sa\u011fl\u0131\u011f\u0131 i\u00e7in \u00f6nemlidir. Yeterince su i\u00e7mek kurulu\u011fu ve k\u0131r\u0131lmay\u0131 \u00f6nler. Yeterince uyumak v\u00fccudun onar\u0131lmas\u0131na ve b\u00fcy\u00fcmesine yard\u0131mc\u0131 olur.<\/p>\n\n\n\n<p>Yoga veya meditasyon yoluyla stresi y\u00f6netmek, sa\u00e7 sa\u011fl\u0131\u011f\u0131 da dahil olmak \u00fczere genel sa\u011fl\u0131\u011f\u0131 destekler. Kronik stres sa\u00e7 d\u00f6k\u00fclmesine ve di\u011fer sa\u00e7 sorunlar\u0131na neden olabilir.<\/p>\n\n\n\n<p>Bu fakt\u00f6rleri g\u00fcnl\u00fck hayat\u0131n\u0131za eklemek i\u00e7in bu ipu\u00e7lar\u0131n\u0131 deneyin:<\/p>\n\n\n\n<p>Susuz kalmamak i\u00e7in g\u00fcnde en az 8 bardak su i\u00e7in.<\/p>\n\n\n\n<p>Sa\u00e7 b\u00fcy\u00fcmesini ve genel sa\u011fl\u0131\u011f\u0131 desteklemek i\u00e7in gece ba\u015f\u0131na 7-8 saat uyumay\u0131 hedefleyin.<\/p>\n\n\n\n<p>D\u00fczenli olarak yoga veya meditasyon gibi stres azalt\u0131c\u0131 aktiviteler uygulay\u0131n.<\/p>\n\n\n\n<p>Bu beslenme ve ya\u015fam tarz\u0131 fakt\u00f6rlerine odaklanarak, sa\u011fl\u0131kl\u0131 sa\u00e7 b\u00fcy\u00fcmesini destekleyebilir ve sa\u011fl\u0131kl\u0131 bir kafa derisini koruyabilirsiniz.<\/p>\n\n\n\n<h2 class=\"wp-block-heading\">Sonu\u00e7<\/h2>\n\n\n\n<p>Daha sa\u011fl\u0131kl\u0131, daha canl\u0131 sa\u00e7lara sahip olmak i\u00e7in sa\u00e7\u0131n\u0131z\u0131 y\u0131kamaktan daha fazlas\u0131n\u0131 yapman\u0131z gerekir. Ayn\u0131 zamanda do\u011fru beslenmeli ve iyi ya\u015famal\u0131s\u0131n\u0131z. Sa\u00e7\u0131n\u0131z\u0131n nas\u0131l uzad\u0131\u011f\u0131n\u0131 bilmek, yayg\u0131n sorunlar\u0131n \u00fcstesinden gelmenize ve sa\u00e7\u0131n\u0131z\u0131 en iyi durumda tutman\u0131za yard\u0131mc\u0131 olur.<\/p>\n\n\n\n<p>G\u00fcnl\u00fck bir sa\u00e7 bak\u0131m plan\u0131 yaparak i\u015fe ba\u015flay\u0131n. Bu plan, do\u011fru \u015fekilde y\u0131kama ve bak\u0131m yapmay\u0131, sa\u00e7 derinize masaj yapmay\u0131 ve \u0131s\u0131dan korumay\u0131 i\u00e7ermelidir. Vitamin ve minerallerle dolu yiyecekler yemek, bol su i\u00e7mek, yeterince uyumak ve stresi y\u00f6netmek de \u00e7ok \u00f6nemlidir. Bu ad\u0131mlar sa\u00e7\u0131n\u0131z\u0131n sa\u011fl\u0131kl\u0131 kalmas\u0131na ve \u00f6nemli sa\u00e7 bak\u0131m kurallar\u0131na uymas\u0131na yard\u0131mc\u0131 olur.<\/p>\n\n\n\n<p>Bu ad\u0131mlar\u0131 takip ederek ve tutarl\u0131 kalarak sa\u00e7\u0131n\u0131z\u0131n sa\u011fl\u0131\u011f\u0131n\u0131 ve g\u00f6r\u00fcn\u00fcm\u00fcn\u00fc b\u00fcy\u00fck \u00f6l\u00e7\u00fcde iyile\u015ftirebilirsiniz. Sa\u00e7\u0131n\u0131z\u0131 nas\u0131l daha sa\u011fl\u0131kl\u0131 hale getirece\u011finizi mi merak ediyorsunuz? Her \u015fey sa\u00e7 bak\u0131m\u0131na eksiksiz bir yakla\u015f\u0131mla ilgilidir. Bu, sa\u00e7\u0131n\u0131za i\u00e7eriden ve d\u0131\u015far\u0131dan bak\u0131m yapmak anlam\u0131na gelir.<\/p>\n\n\n\n<h2 class=\"wp-block-heading\">SSS<\/h2>\n\n\n<div id=\"rank-math-faq\" class=\"rank-math-block\">\n<div class=\"rank-math-list\">\n<div id=\"faq-question-17720863989300.6535640931323615\" class=\"rank-math-list-item\">\n<h3 class=\"rank-math-question\">Sa\u011fl\u0131kl\u0131 sa\u00e7lar\u0131 korumak i\u00e7in sa\u00e7\u0131m\u0131 ne s\u0131kl\u0131kta y\u0131kamal\u0131y\u0131m?<\/h3>\n<div class=\"rank-math-answer\">\n\n<p data-start=\"64\" data-end=\"200\">\u00c7o\u011fu sa\u00e7 tipi i\u00e7in haftada 2-3 kez. Ya\u011fl\u0131 sa\u00e7lar daha s\u0131k y\u0131kamaya ihtiya\u00e7 duyabilir; kuru veya k\u0131v\u0131rc\u0131k sa\u00e7lar nem kayb\u0131n\u0131 \u00f6nlemek i\u00e7in daha az y\u0131kamaya ihtiya\u00e7 duyar.<\/p>\n\n<\/div>\n<\/div>\n<div id=\"faq-question-17720863989300.041207354201225344\" class=\"rank-math-list-item\">\n<h3 class=\"rank-math-question\">Hasar\u0131 \u00f6nlemek i\u00e7in \u0131s\u0131yla \u015fekillendirmede en iyi uygulamalar nelerdir?<\/h3>\n<div class=\"rank-math-answer\">\n\n<p data-start=\"272\" data-end=\"389\">Bir \u0131s\u0131 koruyucu kullan\u0131n, aletleri m\u00fcmk\u00fcn oldu\u011funca 180\u00b0C'nin (350\u00b0F) alt\u0131nda tutun, g\u00fcnl\u00fck \u0131s\u0131 kullan\u0131m\u0131ndan ka\u00e7\u0131n\u0131n ve haftada bir derinlemesine bak\u0131m yap\u0131n.<\/p>\n\n<\/div>\n<\/div>\n<div id=\"faq-question-17720863989300.09342178251590016\" class=\"rank-math-list-item\">\n<h3 class=\"rank-math-question\">Diyetimle sa\u00e7 b\u00fcy\u00fcmesini nas\u0131l te\u015fvik edebilirim?<\/h3>\n<div class=\"rank-math-answer\">\n\n<p data-start=\"444\" data-end=\"615\">Protein a\u00e7\u0131s\u0131ndan zengin g\u0131dalar (yumurta, bal\u0131k, mercimek), demir kaynaklar\u0131 (\u0131spanak, k\u0131rm\u0131z\u0131 et), omega-3'ler, \u00e7inko ve B12 ve D gibi vitaminler t\u00fcketin. Dengeli beslenme sa\u011fl\u0131kl\u0131 folik\u00fclleri destekler.<\/p>\n\n<\/div>\n<\/div>\n<div id=\"faq-question-17720863989300.8625888453720042\" class=\"rank-math-list-item\">\n<h3 class=\"rank-math-question\">Sa\u00e7 derisi masaj\u0131n\u0131n sa\u00e7 sa\u011fl\u0131\u011f\u0131 i\u00e7in \u00f6nemi nedir?<\/h3>\n<div class=\"rank-math-answer\">\n\n<p data-start=\"680\" data-end=\"798\">Sa\u00e7 derisi masaj\u0131 kan dola\u015f\u0131m\u0131n\u0131 iyile\u015ftirir, folik\u00fclleri uyarabilir, gerginli\u011fi azalt\u0131r ve do\u011fal ya\u011flar\u0131n da\u011f\u0131lmas\u0131na yard\u0131mc\u0131 olur.<\/p>\n\n<\/div>\n<\/div>\n<div id=\"faq-question-17720863989300.6161786533646183\" class=\"rank-math-list-item\">\n<h3 class=\"rank-math-question\">Stres sa\u00e7 sa\u011fl\u0131\u011f\u0131m\u0131 nas\u0131l etkiler?<\/h3>\n<div class=\"rank-math-answer\">\n\n<p data-start=\"845\" data-end=\"967\">Kronik stres d\u00f6k\u00fclmeyi (telogen effluvium) tetikleyebilir, kafa derisi iltihab\u0131n\u0131 art\u0131rabilir ve kepek gibi durumlar\u0131 k\u00f6t\u00fcle\u015ftirebilir.<\/p>\n\n<\/div>\n<\/div>\n<div id=\"faq-question-17720863989300.6917263345496109\" class=\"rank-math-list-item\">\n<h3 class=\"rank-math-question\">Sa\u00e7lar\u0131 a\u00e7mak i\u00e7in geni\u015f di\u015fli tarak kullanman\u0131n faydalar\u0131 nelerdir?<\/h3>\n<div class=\"rank-math-answer\">\n\n<p data-start=\"1040\" data-end=\"1145\">K\u0131r\u0131lmay\u0131 azalt\u0131r, \u00e7ekmeyi en aza indirir ve ince di\u015fli taraklara k\u0131yasla \u0131slak veya k\u0131v\u0131rc\u0131k sa\u00e7larda daha naziktir.<\/p>\n\n<\/div>\n<\/div>\n<div id=\"faq-question-17720863989300.9834274153301062\" class=\"rank-math-list-item\">\n<h3 class=\"rank-math-question\">Sa\u00e7 derimi nas\u0131l sa\u011fl\u0131kl\u0131 tutabilirim?<\/h3>\n<div class=\"rank-math-answer\">\n\n<p data-start=\"1186\" data-end=\"1314\">D\u00fczenli olarak temizleyin, yo\u011fun birikimden ka\u00e7\u0131n\u0131n, ara s\u0131ra peeling yap\u0131n, stresi y\u00f6netin, g\u00fcne\u015fe maruz kalmaktan koruyun ve hafif \u015fampuanlar kullan\u0131n.<\/p>\n\n<\/div>\n<\/div>\n<div id=\"faq-question-17720863989300.8587109217629061\" class=\"rank-math-list-item\">\n<h3 class=\"rank-math-question\">Hidrasyon sa\u00e7 sa\u011fl\u0131\u011f\u0131nda nas\u0131l bir rol oynar?<\/h3>\n<div class=\"rank-math-answer\">\n\n<p data-start=\"1368\" data-end=\"1469\">Do\u011fru nemlendirme sa\u00e7 derisi sa\u011fl\u0131\u011f\u0131n\u0131 destekler ve sa\u00e7\u0131 daha elastik tutarak kurulu\u011fu ve k\u0131r\u0131lganl\u0131\u011f\u0131 azalt\u0131r.<\/p>\n\n<\/div>\n<\/div>\n<div id=\"faq-question-17720863989300.007286327794647551\" class=\"rank-math-list-item\">\n<h3 class=\"rank-math-question\">Yaln\u0131zca ya\u015fam tarz\u0131 de\u011fi\u015fiklikleriyle daha sa\u011fl\u0131kl\u0131 sa\u00e7lara kavu\u015fabilir miyim?<\/h3>\n<div class=\"rank-math-answer\">\n\n<p data-start=\"1539\" data-end=\"1682\">Ya\u015fam tarz\u0131 iyile\u015ftirmeleri (diyet, stres kontrol\u00fc, uyku, hidrasyon) b\u00fcy\u00fck \u00f6l\u00e7\u00fcde yard\u0131mc\u0131 olur, ancak genetik veya t\u0131bbi sa\u00e7 d\u00f6k\u00fclmesi hedefe y\u00f6nelik tedaviler gerektirebilir.<\/p>\n\n<\/div>\n<\/div>\n<div id=\"faq-question-17720863989300.27419625378890655\" class=\"rank-math-list-item\">\n<h3 class=\"rank-math-question\">Sa\u00e7 bak\u0131m rutinimi nas\u0131l daha etkili hale getirebilirim?<\/h3>\n<div class=\"rank-math-answer\">\n\n<p data-start=\"1742\" data-end=\"1924\" data-is-last-node=\"\" data-is-only-node=\"\">Sa\u00e7 tipinize uygun \u00fcr\u00fcnleri se\u00e7in, sert kimyasallar\u0131 s\u0131n\u0131rland\u0131r\u0131n, d\u00fczenli olarak d\u00fczeltin, haftal\u0131k derinlemesine bak\u0131m yap\u0131n, uyurken sa\u00e7\u0131 koruyun ve dengeli bir protein-nem rutini uygulay\u0131n.<\/p>\n\n<\/div>\n<\/div>\n<\/div>\n<\/div>\n\n\n<h2 class=\"wp-block-heading\">Referanslar<\/h2>\n\n\n\n<p>Ulusal Biyoteknoloji Bilgi Merkezi. Kan\u0131ta Dayal\u0131 T\u0131bbi \u00d6ng\u00f6r\u00fc. Eri\u015fim adresi <a href=\"https:\/\/pubmed.ncbi.nlm.nih.gov\/30707399\/\" target=\"_blank\" rel=\"noopener\">https:\/\/pubmed.ncbi.nlm.nih.gov\/30707399\/<\/a><\/p>\n\n\n\n<p><\/p>","protected":false},"excerpt":{"rendered":"<p>Keeping your hair healthy is key for looking good and feeling great. With millions worldwide dealing with hair loss, it&#8217;s vital to know about hair care practices. The hair care market is booming, hitting about 93.74 billion USD in 2024. It&#8217;s expected to go over 121.08 billion USD by 2030. This growth shows how important [&hellip;]<\/p>","protected":false},"author":13,"featured_media":22070,"comment_status":"closed","ping_status":"closed","sticky":false,"template":"","format":"standard","meta":{"footnotes":"","rank_math_title":"","rank_math_description":"","rank_math_canonical_url":"","rank_math_focus_keyword":"Health"},"categories":[14],"tags":[23,3487,93,361,2151,2084],"class_list":["post-19967","post","type-post","status-publish","format-standard","has-post-thumbnail","hentry","category-hair","tag-beauty","tag-gc-hair-5517","tag-hair-care","tag-hair-health","tag-maintenance","tag-tips"],"_links":{"self":[{"href":"https:\/\/goldcityhair.com\/tr\/wp-json\/wp\/v2\/posts\/19967","targetHints":{"allow":["GET"]}}],"collection":[{"href":"https:\/\/goldcityhair.com\/tr\/wp-json\/wp\/v2\/posts"}],"about":[{"href":"https:\/\/goldcityhair.com\/tr\/wp-json\/wp\/v2\/types\/post"}],"author":[{"embeddable":true,"href":"https:\/\/goldcityhair.com\/tr\/wp-json\/wp\/v2\/users\/13"}],"replies":[{"embeddable":true,"href":"https:\/\/goldcityhair.com\/tr\/wp-json\/wp\/v2\/comments?post=19967"}],"version-history":[{"count":3,"href":"https:\/\/goldcityhair.com\/tr\/wp-json\/wp\/v2\/posts\/19967\/revisions"}],"predecessor-version":[{"id":23320,"href":"https:\/\/goldcityhair.com\/tr\/wp-json\/wp\/v2\/posts\/19967\/revisions\/23320"}],"wp:featuredmedia":[{"embeddable":true,"href":"https:\/\/goldcityhair.com\/tr\/wp-json\/wp\/v2\/media\/22070"}],"wp:attachment":[{"href":"https:\/\/goldcityhair.com\/tr\/wp-json\/wp\/v2\/media?parent=19967"}],"wp:term":[{"taxonomy":"category","embeddable":true,"href":"https:\/\/goldcityhair.com\/tr\/wp-json\/wp\/v2\/categories?post=19967"},{"taxonomy":"post_tag","embeddable":true,"href":"https:\/\/goldcityhair.com\/tr\/wp-json\/wp\/v2\/tags?post=19967"}],"curies":[{"name":"wp","href":"https:\/\/api.w.org\/{rel}","templated":true}]}}