{"id":20034,"date":"2026-02-23T04:40:08","date_gmt":"2026-02-23T03:40:08","guid":{"rendered":"https:\/\/goldcityhair.com\/?p=20034"},"modified":"2026-03-09T07:20:50","modified_gmt":"2026-03-09T06:20:50","slug":"kafa-derisindeki-yara-izleri-korkutucu-gercek-duzeltme","status":"publish","type":"post","link":"https:\/\/goldcityhair.com\/tr\/sac\/kafa-derisindeki-yara-izleri-korkutucu-gercek-duzeltme\/","title":{"rendered":"Sa\u00e7 Derisinde A\u011fr\u0131yan Yamalar: Korkun\u00e7 Ger\u00e7ek ve \u00c7\u00f6z\u00fcm"},"content":{"rendered":"<figure class=\"wp-block-image size-large\"><img fetchpriority=\"high\" decoding=\"async\" width=\"1024\" height=\"683\" src=\"https:\/\/goldcityhair.com\/wp-content\/uploads\/2026\/02\/image_1-11-1024x683.webp\" alt=\"Sa\u00e7 Derisinde A\u011fr\u0131yan Yamalar: Korkun\u00e7 Ger\u00e7ek ve \u00c7\u00f6z\u00fcm\" class=\"wp-image-20656\" srcset=\"https:\/\/goldcityhair.com\/wp-content\/uploads\/2026\/02\/image_1-11-1024x683.webp 1024w, https:\/\/goldcityhair.com\/wp-content\/uploads\/2026\/02\/image_1-11-300x200.webp 300w, https:\/\/goldcityhair.com\/wp-content\/uploads\/2026\/02\/image_1-11-768x512.webp 768w, https:\/\/goldcityhair.com\/wp-content\/uploads\/2026\/02\/image_1-11-18x12.webp 18w, https:\/\/goldcityhair.com\/wp-content\/uploads\/2026\/02\/image_1-11.webp 1200w\" sizes=\"(max-width: 1024px) 100vw, 1024px\" \/><\/figure>\n\n\n\n<p>Sa\u00e7l\u0131 deri sedef hastal\u0131\u011f\u0131 kronik bir otoimm\u00fcn durumdur. Kafa derisinde kabar\u0131k, renksiz plaklar ve kal\u0131n g\u00fcm\u00fc\u015fi beyaz pullar \u015feklinde g\u00f6r\u00fcl\u00fcr. Ayr\u0131ca s\u00fcrekli ka\u015f\u0131nt\u0131 ve yanma hissine neden olur.<\/p>\n\n\n\n<p>Bu korkutucu ger\u00e7ek ve \u00e7\u00f6z\u00fcm ile kafa derisindeki yara izlerini d\u00fczeltin. Korkun\u00e7 a\u011fr\u0131y\u0131 sona erdirmek ve inan\u0131lmaz kafa derisi sa\u011fl\u0131\u011f\u0131na kavu\u015fmak i\u00e7in \u015fa\u015f\u0131rt\u0131c\u0131, g\u00fc\u00e7l\u00fc ila\u00e7lar kullan\u0131n.<\/p>\n\n\n\n<p>Ba\u011f\u0131\u015f\u0131kl\u0131k sistemi yanl\u0131\u015f sinyaller g\u00f6nderdi\u011finde ortaya \u00e7\u0131kar. Bu da deri h\u00fccrelerinin \u00e7ok h\u0131zl\u0131 b\u00fcy\u00fcmesine neden olarak beyaz veya g\u00fcm\u00fc\u015fi pullu yamalar olu\u015fmas\u0131na yol a\u00e7ar. Sedef hastal\u0131\u011f\u0131 olanlar\u0131n en az yar\u0131s\u0131n\u0131n kafa derisinde g\u00f6r\u00fcl\u00fcr. Neye benzedi\u011fini bilmek, onu erken yakalaman\u0131n ve y\u00f6netmenin anahtar\u0131d\u0131r.<\/p>\n\n\n\n<h3 class=\"wp-block-heading\">\u00d6nemli \u00c7\u0131kar\u0131mlar<\/h3>\n\n\n\n<p>Sa\u00e7l\u0131 deri sedef hastal\u0131\u011f\u0131 kronik bir otoimm\u00fcn durumdur.<\/p>\n\n\n\n<p>G\u00fcm\u00fc\u015fi-beyaz pullar ve ka\u015f\u0131nt\u0131 hissi ile karakterizedir.<\/p>\n\n\n\n<p>Hatal\u0131 ba\u011f\u0131\u015f\u0131kl\u0131k sinyalleri cilt h\u00fccrelerinin \u00e7ok h\u0131zl\u0131 b\u00fcy\u00fcmesine neden olur.<\/p>\n\n\n\n<p>Etkili y\u00f6netim i\u00e7in erken te\u015fhis \u00e7ok \u00f6nemlidir.<\/p>\n\n\n\n<p>Devam eden semptomlar i\u00e7in bir dermatolo\u011fa g\u00f6r\u00fcnmek iyi bir fikirdir.<\/p>\n\n\n\n<h2 class=\"wp-block-heading\">Sa\u00e7l\u0131 Deri Sedef Hastal\u0131\u011f\u0131n\u0131 Anlamak: G\u00f6r\u00fcn\u00fcm ve \u00d6zellikler<\/h2>\n\n\n\n<figure class=\"wp-block-image size-large\"><img decoding=\"async\" width=\"1024\" height=\"683\" src=\"https:\/\/goldcityhair.com\/wp-content\/uploads\/2026\/02\/image_2-11-1024x683.webp\" alt=\"Sa\u00e7 Derisinde A\u011fr\u0131yan Yamalar: Korkun\u00e7 Ger\u00e7ek ve \u00c7\u00f6z\u00fcm\" class=\"wp-image-20657\" srcset=\"https:\/\/goldcityhair.com\/wp-content\/uploads\/2026\/02\/image_2-11-1024x683.webp 1024w, https:\/\/goldcityhair.com\/wp-content\/uploads\/2026\/02\/image_2-11-300x200.webp 300w, https:\/\/goldcityhair.com\/wp-content\/uploads\/2026\/02\/image_2-11-768x512.webp 768w, https:\/\/goldcityhair.com\/wp-content\/uploads\/2026\/02\/image_2-11-18x12.webp 18w, https:\/\/goldcityhair.com\/wp-content\/uploads\/2026\/02\/image_2-11.webp 1200w\" sizes=\"(max-width: 1024px) 100vw, 1024px\" \/><\/figure>\n\n\n\n<p>Kafa derisi sedef hastal\u0131\u011f\u0131 herkes i\u00e7in farkl\u0131 g\u00f6r\u00fcn\u00fcr. \u00c7e\u015fitli \u015fekillerde ortaya \u00e7\u0131kan kronik bir durumdur. Temel \u00f6zelliklerini bilmek \u00f6nemlidir.<\/p>\n\n\n\n<h3 class=\"wp-block-heading\">Sa\u00e7l\u0131 Deri Sedef Hastal\u0131\u011f\u0131 Nedir?<\/h3>\n\n\n\n<p>Kafa derisi sedef hastal\u0131\u011f\u0131, kafa derisini etkileyen bir sedef hastal\u0131\u011f\u0131 t\u00fcr\u00fcd\u00fcr. K\u0131rm\u0131z\u0131, pullu yamalara neden olur. Ba\u011f\u0131\u015f\u0131kl\u0131k sistemi \u00e7ok fazla hareket ederek \u00e7ok fazla deri h\u00fccresine yol a\u00e7t\u0131\u011f\u0131nda meydana gelir.<\/p>\n\n\n\n<p>Bunun sonucunda kal\u0131n, g\u00fcm\u00fc\u015fi pullar ve kuru, k\u0131rm\u0131z\u0131 lekeler olu\u015fur. Bu lekeler ka\u015f\u0131nabilir ve bazen ac\u0131 verebilir.<\/p>\n\n\n\n<p>Bu durum hafif veya \u015fiddetli olabilir. V\u00fccudun ba\u015fka b\u00f6lgelerinde de ortaya \u00e7\u0131kabilir. Erken belirtiler aras\u0131nda g\u00fcm\u00fc\u015fi pullarla kapl\u0131 iyi tan\u0131mlanm\u0131\u015f k\u0131rm\u0131z\u0131 veya pembe lekeler, s\u00fcrekli ka\u015f\u0131nt\u0131 veya yanma ve \u00e7izildi\u011finde \u00e7atlayabilen veya kanayabilen inat\u00e7\u0131 pullanma yer al\u0131r.<\/p>\n\n\n\n<h3 class=\"wp-block-heading\">Psoriatik Plaklar\u0131n G\u00f6rsel \u00d6zellikleri<\/h3>\n\n\n\n<p>Kafa derisindeki psoriatik plaklar k\u00fc\u00e7\u00fck, lokalize yamalar olabilir veya geni\u015f alanlar\u0131 kaplayabilir. Genellikle k\u0131rm\u0131z\u0131 veya pembedir ve \u00fczerinde g\u00fcm\u00fc\u015fi bir pul bulunur. Pullar\u0131n \u00e7\u0131kar\u0131lmas\u0131 zor olabilir \u00e7\u00fcnk\u00fc iyi yap\u0131\u015f\u0131rlar.<\/p>\n\n\n\n<p>G\u00f6r\u00fcn\u00fcm cilt tonuna g\u00f6re de\u011fi\u015febilir. Daha koyu cilt tonlar\u0131nda lekeler daha mor veya koyu kahverengi g\u00f6r\u00fcnebilir. Bu plaklar ka\u015f\u0131nt\u0131 ve a\u011fr\u0131 dahil olmak \u00fczere rahats\u0131zl\u0131\u011fa neden olabilir.<\/p>\n\n\n\n<h3 class=\"wp-block-heading\">Sa\u00e7l\u0131 Deride Sedef Hastal\u0131\u011f\u0131n\u0131n Kepekten Fark\u0131<\/h3>\n\n\n\n<p>Sa\u00e7l\u0131 deri sedef hastal\u0131\u011f\u0131 genellikle kepekle kar\u0131\u015ft\u0131r\u0131l\u0131r. Ancak bunlar farkl\u0131d\u0131r. Sa\u00e7l\u0131 deri sedef hastal\u0131\u011f\u0131 pullar\u0131 daha kal\u0131n ve yap\u0131\u015fkand\u0131r. Ayr\u0131ca kepekten farkl\u0131 olarak k\u0131zar\u0131kl\u0131k ve iltihaplanmaya neden olur.<\/p>\n\n\n\n<p>Farkl\u0131l\u0131klar\u0131 bilmek, do\u011fru te\u015fhis ve tedavi i\u00e7in \u00e7ok \u00f6nemlidir. Sa\u00e7l\u0131 deri sedef hastal\u0131\u011f\u0131n\u0131z oldu\u011funu d\u00fc\u015f\u00fcn\u00fcyorsan\u0131z, yard\u0131m i\u00e7in bir sa\u011fl\u0131k uzman\u0131na g\u00f6r\u00fcn\u00fcn.<\/p>\n\n\n\n<h2 class=\"wp-block-heading\">Sa\u00e7 Derisindeki Yara \u0130zlerinin Belirlenmesi ve Erken Uyar\u0131 \u0130\u015faretleri<\/h2>\n\n\n\n<figure class=\"wp-block-image size-large\"><img decoding=\"async\" width=\"1024\" height=\"683\" src=\"https:\/\/goldcityhair.com\/wp-content\/uploads\/2026\/02\/image_3-10-1024x683.webp\" alt=\"Sa\u00e7 Derisinde A\u011fr\u0131yan Yamalar: Korkun\u00e7 Ger\u00e7ek ve \u00c7\u00f6z\u00fcm\" class=\"wp-image-20658\" srcset=\"https:\/\/goldcityhair.com\/wp-content\/uploads\/2026\/02\/image_3-10-1024x683.webp 1024w, https:\/\/goldcityhair.com\/wp-content\/uploads\/2026\/02\/image_3-10-300x200.webp 300w, https:\/\/goldcityhair.com\/wp-content\/uploads\/2026\/02\/image_3-10-768x512.webp 768w, https:\/\/goldcityhair.com\/wp-content\/uploads\/2026\/02\/image_3-10-18x12.webp 18w, https:\/\/goldcityhair.com\/wp-content\/uploads\/2026\/02\/image_3-10.webp 1200w\" sizes=\"(max-width: 1024px) 100vw, 1024px\" \/><\/figure>\n\n\n\n<p>Kafa derisi sedef hastal\u0131\u011f\u0131, kafa derisinde pullu, ka\u015f\u0131nt\u0131l\u0131 lekelere neden olan kronik bir durumdur. Belirtileri y\u00f6netmek i\u00e7in erken yakalamak \u00f6nemlidir. Durum haftalar veya aylar boyunca alevlenebilir, ard\u0131ndan bir s\u00fcreli\u011fine sakinle\u015febilir.<\/p>\n\n\n\n<p>Erken belirtileri bilmek, insanlar\u0131n daha k\u00f6t\u00fcye gitmeden t\u0131bbi yard\u0131m almalar\u0131na yard\u0131mc\u0131 olur.<\/p>\n\n\n\n<h3 class=\"wp-block-heading\">Sa\u00e7l\u0131 Deride Sedef Hastal\u0131\u011f\u0131 Geli\u015fiminin \u0130lk Belirtileri<\/h3>\n\n\n\n<p>Sa\u00e7l\u0131 deri sedef hastal\u0131\u011f\u0131n\u0131n ilk belirtileri k\u00fc\u00e7\u00fck, ka\u015f\u0131nt\u0131l\u0131 yamalar gibi g\u00f6r\u00fcn\u00fcr. Kepekle kar\u0131\u015ft\u0131r\u0131labilirler. Ancak durum k\u00f6t\u00fcle\u015ftik\u00e7e bu lekeler kal\u0131nla\u015f\u0131r ve daha fazla iltihaplan\u0131r.<\/p>\n\n\n\n<p>Hafif vakalarda belirtiler kepek gibi k\u00fc\u00e7\u00fck ve ince olabilir. Ancak daha ciddi vakalarda, lekeler t\u00fcm kafa derisini, sa\u00e7 \u00e7izgisini ve daha fazlas\u0131n\u0131 kaplayabilir.<\/p>\n\n\n\n<p>Kuru cildin sedef hastal\u0131\u011f\u0131 semptomlar\u0131n\u0131 daha da k\u00f6t\u00fcle\u015ftirebilece\u011fini unutmamak \u00f6nemlidir. Kuru ciltli sedef hastal\u0131\u011f\u0131 olan ki\u015filer daha fazla ka\u015f\u0131nabilir ve pul pul d\u00f6k\u00fclebilir. Sedef hastal\u0131\u011f\u0131 ve kuru cilt aras\u0131ndaki ba\u011flant\u0131 karma\u015f\u0131kt\u0131r ve kuru cilt muhtemelen sedef hastal\u0131\u011f\u0131 semptomlar\u0131n\u0131 daha da k\u00f6t\u00fcle\u015ftirir.<\/p>\n\n\n\n<h3 class=\"wp-block-heading\">\u0130lk Salg\u0131nlar\u0131n Yayg\u0131n Olarak G\u00f6r\u00fcld\u00fc\u011f\u00fc Yerler<\/h3>\n\n\n\n<p>Kafa derisi sedef hastal\u0131\u011f\u0131 kafa derisinin herhangi bir yerinde ba\u015flayabilir. Ancak genellikle kafa derisinin ba\u015f\u0131n di\u011fer k\u0131s\u0131mlar\u0131yla birle\u015fti\u011fi yerde ba\u015flar. Buna sa\u00e7 \u00e7izgisi, kulaklar\u0131n arkas\u0131 veya boynun arkas\u0131 da dahildir.<\/p>\n\n\n\n<p>Bu ilk salg\u0131nlar k\u0131rm\u0131z\u0131, ka\u015f\u0131nt\u0131l\u0131 ve yan\u0131k olabilir. Baz\u0131 insanlar merak ediyor, sedef hastal\u0131\u011f\u0131n\u0131n yanmas\u0131 normal midir? Evet, sedef hastal\u0131\u011f\u0131n\u0131n rahats\u0131z edici olabilen bir yanma hissine neden olmas\u0131 yayg\u0131nd\u0131r.<\/p>\n\n\n\n<h3 class=\"wp-block-heading\">Sedef Hastal\u0131\u011f\u0131 Ba\u015flad\u0131\u011f\u0131nda Nas\u0131l G\u00f6r\u00fcn\u00fcr?<\/h3>\n\n\n\n<p>Kafa derisi sedef hastal\u0131\u011f\u0131 ba\u015flad\u0131\u011f\u0131nda, g\u00fcm\u00fc\u015fi pullarla kapl\u0131 k\u00fc\u00e7\u00fck, pembe veya k\u0131rm\u0131z\u0131 yamalar gibi g\u00f6r\u00fcn\u00fcr. Bu lekeler ka\u015f\u0131nabilir ve \u00e7izilirse kanayabilir. K\u00f6t\u00fcle\u015ftik\u00e7e, yamalar b\u00fcy\u00fcyebilir ve kafa derisinin daha b\u00fcy\u00fck bir k\u0131sm\u0131n\u0131 kaplayabilir.<\/p>\n\n\n\n<p>Uzmanlar sedef hastal\u0131\u011f\u0131n\u0131n g\u00f6r\u00fcn\u00fcm\u00fcn\u00fcn ki\u015fiden ki\u015fiye \u00e7ok de\u011fi\u015febilece\u011fini s\u00f6yl\u00fcyor. Bu da bazen te\u015fhis koymay\u0131 zorla\u015ft\u0131r\u0131yor.<\/p>\n\n\n\n<p>Sonu\u00e7 olarak, kafa derisi sedef hastal\u0131\u011f\u0131n\u0131n erken belirtilerini tespit etmek, onu y\u00f6netmenin anahtar\u0131d\u0131r. \u0130lk belirtileri tan\u0131yarak ve salg\u0131nlar\u0131n genellikle nerede meydana geldi\u011fini bilerek, insanlar erken yard\u0131m alabilirler. Bu, durumun ne kadar k\u00f6t\u00fcle\u015fti\u011fini azaltmaya yard\u0131mc\u0131 olabilir.<\/p>\n\n\n\n<h2 class=\"wp-block-heading\">G\u00f6r\u00fcn\u00fc\u015f\u00fcn \u00d6tesinde Belirtiler: Rahats\u0131zl\u0131k ve Hisler<\/h2>\n\n\n\n<p>Kafa derisi sedef hastal\u0131\u011f\u0131 bir cilt sorunundan daha fazlas\u0131d\u0131r. G\u00f6r\u00fcnen belirtiler kadar ba\u015fa \u00e7\u0131k\u0131lmas\u0131 zor olabilen rahats\u0131z edici hisleri de beraberinde getirir. Bu belirtiler g\u00fcnl\u00fck ya\u015fam\u0131n \u00f6n\u00fcne ge\u00e7ebilir.<\/p>\n\n\n\n<h3 class=\"wp-block-heading\">Ka\u015f\u0131nt\u0131, Yanma ve Ac\u0131<\/h3>\n\n\n\n<p>Kafa derisi sedef hastal\u0131\u011f\u0131 olan ki\u015filer genellikle yo\u011fun ka\u015f\u0131nt\u0131 hissederler. Bu ka\u015f\u0131nt\u0131y\u0131 g\u00f6rmezden gelmek zor olabilir ve uykuyu ve g\u00fcnl\u00fck i\u015fleri aksatabilir. Baz\u0131lar\u0131 \u00e7ok rahats\u0131z edici olan bir yanma hisseder. A\u011fr\u0131 da g\u00fcnl\u00fck aktiviteleri zorla\u015ft\u0131r\u0131r.<\/p>\n\n\n\n<p>Etkilenen b\u00f6lgeleri ka\u015f\u0131mamak \u00f6nemlidir. Ka\u015f\u0131mak cildi k\u0131rarak kanama ve enfeksiyon risklerine yol a\u00e7abilir. Psoriatik semptomlar\u0131 olanlar\u0131n ka\u015f\u0131man\u0131n tehlikelerini ve semptomlar\u0131n\u0131 nas\u0131l y\u00f6neteceklerini bilmeleri gerekir.<\/p>\n\n\n\n<h3 class=\"wp-block-heading\">Pullanma, \u00c7atlama ve Kanama<\/h3>\n\n\n\n<p>Pullanma, kafa derisi sedef hastal\u0131\u011f\u0131n\u0131n yayg\u0131n bir belirtisidir ve g\u00f6r\u00fcn\u00fcr pullar nedeniyle utanmaya neden olur. Genellikle kuruluktan kaynaklanan deri \u00e7atlamas\u0131 ac\u0131 verici olabilir. \u015eiddetli vakalarda bu durum kanamaya yol a\u00e7abilir ve sedef hastal\u0131\u011f\u0131n\u0131n kanay\u0131p kanamayaca\u011f\u0131na dair sorular\u0131 g\u00fcndeme getirebilir.<\/p>\n\n\n\n<p>Sedef hastal\u0131\u011f\u0131 ve kuru cilt birbiriyle yak\u0131ndan ili\u015fkilidir. Kuru cilt, sedef hastal\u0131\u011f\u0131 semptomlar\u0131n\u0131 daha da k\u00f6t\u00fcle\u015ftirerek bir rahats\u0131zl\u0131k ve g\u00f6r\u00fcn\u00fcr i\u015faretler d\u00f6ng\u00fcs\u00fc yaratabilir. G\u00f6\u011f\u00fcsteki sedef hastal\u0131\u011f\u0131 farkl\u0131 olsa da, kuru cildi ve rahats\u0131zl\u0131\u011f\u0131 y\u00f6netmek etkilenen b\u00f6lgelerde \u00e7ok \u00f6nemlidir.<\/p>\n\n\n\n<h3 class=\"wp-block-heading\">Sedef Hastal\u0131\u011f\u0131 ve Kuru Cilt Ba\u011flant\u0131s\u0131<\/h3>\n\n\n\n<p>Kuru cilt, kafa derisi sedef hastal\u0131\u011f\u0131 olanlar i\u00e7in b\u00fcy\u00fck bir sorundur. Belirtileri daha da k\u00f6t\u00fcle\u015ftirerek daha fazla rahats\u0131zl\u0131\u011fa yol a\u00e7abilir. Kafa derisi sedef hastal\u0131\u011f\u0131 semptomlar\u0131n\u0131 kontrol etmek i\u00e7in kuru cildi y\u00f6netmek \u00e7ok \u00f6nemlidir.<\/p>\n\n\n\n<h2 class=\"wp-block-heading\">Sonu\u00e7: Ne Zaman Yard\u0131m Al\u0131nmal\u0131 ve Sa\u00e7l\u0131 Deri Sedef Hastal\u0131\u011f\u0131n\u0131n Y\u00f6netimi<\/h2>\n\n\n\n<p>Sa\u00e7l\u0131 deri sedef hastal\u0131\u011f\u0131n\u0131 anlamak, onu y\u00f6netmenin ve rahatlaman\u0131n anahtar\u0131d\u0131r. E\u011fer sizde de oldu\u011funu d\u00fc\u015f\u00fcn\u00fcyorsan\u0131z, do\u011fru te\u015fhis i\u00e7in bir sa\u011fl\u0131k uzman\u0131na g\u00f6r\u00fcn\u00fcn.<\/p>\n\n\n\n<p>Sedef hastal\u0131\u011f\u0131n\u0131z k\u00f6t\u00fcle\u015firse, \u00e7ok a\u011fr\u0131rsa veya tedavi ile iyile\u015fmezse t\u0131bbi yard\u0131m al\u0131n. Deri d\u00f6k\u00fcnt\u00fcleri ve ellerdeki erken belirtiler gibi sedef hastal\u0131\u011f\u0131n\u0131n belirtilerini bilmek, ne zaman yard\u0131m alman\u0131z gerekti\u011fini bilmenize yard\u0131mc\u0131 olur.<\/p>\n\n\n\n<p>Sa\u00e7l\u0131 deri sedef hastal\u0131\u011f\u0131n\u0131 y\u00f6netmek hem t\u0131bbi tedavi hem de ki\u015fisel bak\u0131m gerektirir. Sedef hastal\u0131\u011f\u0131n\u0131n belirtilerini ve \u015fiddetini bilmek tedavinizi y\u00f6nlendirmenize yard\u0131mc\u0131 olur.<\/p>\n\n\n\n<p>Sa\u011fl\u0131k uzman\u0131n\u0131zla birlikte \u00e7al\u0131\u015farak ve etkili y\u00f6netim stratejileri kullanarak kafa derisi sedef hastal\u0131\u011f\u0131n\u0131n etkisini azaltabilirsiniz. Bu, g\u00fcnl\u00fck ya\u015fam\u0131n\u0131z\u0131 ve genel refah\u0131n\u0131z\u0131 iyile\u015ftirir.<\/p>\n\n\n\n<h2 class=\"wp-block-heading\">SSS<\/h2>\n\n\n<div id=\"rank-math-faq\" class=\"rank-math-block\">\n<div class=\"rank-math-list\">\n<div id=\"faq-question-17718335660790.2209135017342928\" class=\"rank-math-list-item\">\n<h3 class=\"rank-math-question\">Sa\u00e7l\u0131 deri sedef hastal\u0131\u011f\u0131n\u0131n yayg\u0131n belirtileri nelerdir?<\/h3>\n<div class=\"rank-math-answer\">\n\n<p>Yayg\u0131n semptomlar aras\u0131nda kafa derisinde k\u0131rm\u0131z\u0131, iltihapl\u0131 lekeler, kal\u0131n g\u00fcm\u00fc\u015fi pullar, ka\u015f\u0131nt\u0131, pullanma ve bazen a\u011fr\u0131 veya kanama yer al\u0131r.<\/p>\n\n<\/div>\n<\/div>\n<div id=\"faq-question-17718335660790.03217249112722065\" class=\"rank-math-list-item\">\n<h3 class=\"rank-math-question\">Sa\u00e7l\u0131 deri sedef hastal\u0131\u011f\u0131n\u0131n kepekten fark\u0131 nedir?<\/h3>\n<div class=\"rank-math-answer\">\n\n<p>Sedef hastal\u0131\u011f\u0131 daha kal\u0131n, iyi tan\u0131mlanm\u0131\u015f, g\u00fcm\u00fc\u015fi plaklara ve kal\u0131c\u0131 iltihaplanmaya neden olurken, kepek tipik olarak belirgin k\u0131zar\u0131kl\u0131k veya tahri\u015f olmaks\u0131z\u0131n ince, beyaz pullar \u00fcretir.<\/p>\n\n<\/div>\n<\/div>\n<div id=\"faq-question-17718335660790.38454513844608673\" class=\"rank-math-list-item\">\n<h3 class=\"rank-math-question\">Sedef hastal\u0131\u011f\u0131 ba\u015flad\u0131\u011f\u0131nda nas\u0131l g\u00f6r\u00fcn\u00fcr?<\/h3>\n<div class=\"rank-math-answer\">\n\n<p>Erken sedef hastal\u0131\u011f\u0131, yava\u015f yava\u015f g\u00fcm\u00fc\u015fi pullar geli\u015ftiren ve kafa derisine yay\u0131lan k\u00fc\u00e7\u00fck k\u0131rm\u0131z\u0131 yumrular veya yamalar \u015feklinde ortaya \u00e7\u0131kabilir.<\/p>\n\n<\/div>\n<\/div>\n<div id=\"faq-question-17718335660790.16928990974282554\" class=\"rank-math-list-item\">\n<h3 class=\"rank-math-question\">Sedef hastal\u0131\u011f\u0131n\u0131n yanmas\u0131 normal midir?<\/h3>\n<div class=\"rank-math-answer\">\n\n<p>Evet, kafa derisi sedef hastal\u0131\u011f\u0131 cildin iltihaplanmas\u0131 ve tahri\u015f olmas\u0131 nedeniyle yanma veya batma hissine neden olabilir.<\/p>\n\n<\/div>\n<\/div>\n<div id=\"faq-question-17718335660790.17424534439904849\" class=\"rank-math-list-item\">\n<h3 class=\"rank-math-question\">Sedef hastal\u0131\u011f\u0131 cilt kurulu\u011funa neden olabilir mi?<\/h3>\n<div class=\"rank-math-answer\">\n\n<p>Evet, etkilenen b\u00f6lgeler genellikle kuru, \u00e7atlak ve pullanmaya e\u011filimli hale gelir.<\/p>\n\n<\/div>\n<\/div>\n<div id=\"faq-question-17718335660790.41208301707669626\" class=\"rank-math-list-item\">\n<h3 class=\"rank-math-question\">Sa\u00e7l\u0131 deride sedef hastal\u0131\u011f\u0131 semptomlar\u0131n\u0131 nas\u0131l y\u00f6netebilirim?<\/h3>\n<div class=\"rank-math-answer\">\n\n<p>\u0130la\u00e7l\u0131 \u015fampuanlar, topikal kortikosteroidler, nemlendiriciler kullan\u0131n ve ka\u015f\u0131maktan ka\u00e7\u0131n\u0131n; \u015fiddetli vakalar i\u00e7in \u0131\u015f\u0131k tedavisi ve re\u00e7eteli tedaviler \u00f6nerilebilir.<\/p>\n\n<\/div>\n<\/div>\n<div id=\"faq-question-17718335660790.43122126603427524\" class=\"rank-math-list-item\">\n<h3 class=\"rank-math-question\">Sa\u00e7l\u0131 deri sedef hastal\u0131\u011f\u0131 i\u00e7in ne zaman t\u0131bbi yard\u0131m almal\u0131y\u0131m?<\/h3>\n<div class=\"rank-math-answer\">\n\n<p>Belirtiler \u015fiddetliyse, yay\u0131l\u0131yorsa, a\u011fr\u0131l\u0131ysa, kan\u0131yorsa veya re\u00e7etesiz tedavilerle d\u00fczelmiyorsa bir doktora g\u00f6r\u00fcn\u00fcn.<\/p>\n\n<\/div>\n<\/div>\n<div id=\"faq-question-17718335660790.061904202671449915\" class=\"rank-math-list-item\">\n<h3 class=\"rank-math-question\">Sa\u00e7l\u0131 deri sedef hastal\u0131\u011f\u0131 tedavi edilebilir mi?<\/h3>\n<div class=\"rank-math-answer\">\n\n<p>Evet, kal\u0131c\u0131 bir tedavisi olmasa da topikal tedaviler, ila\u00e7l\u0131 \u015fampuanlar, fototerapi ve re\u00e7eteli ila\u00e7larla semptomlar etkili bir \u015fekilde y\u00f6netilebilir.<\/p>\n\n<\/div>\n<\/div>\n<\/div>\n<\/div>\n\n\n<h2 class=\"wp-block-heading\">Referanslar<\/h2>\n\n\n\n<p>Ulusal Biyoteknoloji Bilgi Merkezi. Kan\u0131ta Dayal\u0131 T\u0131bbi \u00d6ng\u00f6r\u00fc. Eri\u015fim adresi <a href=\"https:\/\/pubmed.ncbi.nlm.nih.gov\/24123183\/\" target=\"_blank\" rel=\"noopener\">https:\/\/pubmed.ncbi.nlm.nih.gov\/24123183\/<\/a><\/p>\n\n\n\n<p><\/p>","protected":false},"excerpt":{"rendered":"<p>Scalp psoriasis is a chronic autoimmune condition. It shows up as raised, discolored plaques and thick silvery-white scales on the scalp. It also causes persistent itching and burning sensations. Fix sore patches on scalp with this scary truth and fix. Use amazing, powerful remedies to end scary pain and achieve incredible scalp health. It happens [&hellip;]<\/p>","protected":false},"author":13,"featured_media":20656,"comment_status":"closed","ping_status":"closed","sticky":false,"template":"","format":"standard","meta":{"footnotes":"","rank_math_title":"","rank_math_description":"Fix sore patches on scalp with this scary truth and fix. Use amazing, powerful remedies to end scary pain and achieve incredible scalp health.","rank_math_canonical_url":"","rank_math_focus_keyword":"sore patches on scalp,health,treatment,symptoms"},"categories":[14],"tags":[2059,3159,2090,417,2882],"class_list":["post-20034","post","type-post","status-publish","format-standard","has-post-thumbnail","hentry","category-hair","tag-health","tag-psoriasis","tag-relief","tag-scalp-care","tag-sore-scalp"],"_links":{"self":[{"href":"https:\/\/goldcityhair.com\/tr\/wp-json\/wp\/v2\/posts\/20034","targetHints":{"allow":["GET"]}}],"collection":[{"href":"https:\/\/goldcityhair.com\/tr\/wp-json\/wp\/v2\/posts"}],"about":[{"href":"https:\/\/goldcityhair.com\/tr\/wp-json\/wp\/v2\/types\/post"}],"author":[{"embeddable":true,"href":"https:\/\/goldcityhair.com\/tr\/wp-json\/wp\/v2\/users\/13"}],"replies":[{"embeddable":true,"href":"https:\/\/goldcityhair.com\/tr\/wp-json\/wp\/v2\/comments?post=20034"}],"version-history":[{"count":3,"href":"https:\/\/goldcityhair.com\/tr\/wp-json\/wp\/v2\/posts\/20034\/revisions"}],"predecessor-version":[{"id":23650,"href":"https:\/\/goldcityhair.com\/tr\/wp-json\/wp\/v2\/posts\/20034\/revisions\/23650"}],"wp:featuredmedia":[{"embeddable":true,"href":"https:\/\/goldcityhair.com\/tr\/wp-json\/wp\/v2\/media\/20656"}],"wp:attachment":[{"href":"https:\/\/goldcityhair.com\/tr\/wp-json\/wp\/v2\/media?parent=20034"}],"wp:term":[{"taxonomy":"category","embeddable":true,"href":"https:\/\/goldcityhair.com\/tr\/wp-json\/wp\/v2\/categories?post=20034"},{"taxonomy":"post_tag","embeddable":true,"href":"https:\/\/goldcityhair.com\/tr\/wp-json\/wp\/v2\/tags?post=20034"}],"curies":[{"name":"wp","href":"https:\/\/api.w.org\/{rel}","templated":true}]}}