{"id":20036,"date":"2026-02-23T04:40:09","date_gmt":"2026-02-23T03:40:09","guid":{"rendered":"https:\/\/goldcityhair.com\/?p=20036"},"modified":"2026-03-09T06:48:33","modified_gmt":"2026-03-09T05:48:33","slug":"huysuz-kafa-derisi-korkutucu-gercek-inanilmaz-galibiyet","status":"publish","type":"post","link":"https:\/\/goldcityhair.com\/tr\/sac\/huysuz-kafa-derisi-korkutucu-gercek-inanilmaz-galibiyet\/","title":{"rendered":"Kabuklu Sa\u00e7 Derisi: Korkun\u00e7 Ger\u00e7ek ve \u015ea\u015f\u0131rt\u0131c\u0131 Kazan\u00e7"},"content":{"rendered":"<figure class=\"wp-block-image size-large\"><img fetchpriority=\"high\" decoding=\"async\" width=\"1024\" height=\"683\" src=\"https:\/\/goldcityhair.com\/wp-content\/uploads\/2026\/02\/image_1-74-1024x683.webp\" alt=\"Kabuklu Sa\u00e7 Derisi: Korkun\u00e7 Ger\u00e7ek ve \u015ea\u015f\u0131rt\u0131c\u0131 Kazan\u00e7\" class=\"wp-image-21497\" srcset=\"https:\/\/goldcityhair.com\/wp-content\/uploads\/2026\/02\/image_1-74-1024x683.webp 1024w, https:\/\/goldcityhair.com\/wp-content\/uploads\/2026\/02\/image_1-74-300x200.webp 300w, https:\/\/goldcityhair.com\/wp-content\/uploads\/2026\/02\/image_1-74-768x512.webp 768w, https:\/\/goldcityhair.com\/wp-content\/uploads\/2026\/02\/image_1-74-18x12.webp 18w, https:\/\/goldcityhair.com\/wp-content\/uploads\/2026\/02\/image_1-74.webp 1200w\" sizes=\"(max-width: 1024px) 100vw, 1024px\" \/><\/figure>\n\n\n\n<p>Milyonlarca insan kepek mi yoksa kafa derisi sedef hastal\u0131\u011f\u0131 m\u0131 oldu\u011funu anlamakta zorlanmaktad\u0131r. Her ikisi de pullanma ve rahats\u0131zl\u0131\u011fa neden olur. Aradaki fark\u0131 bilmek daha iyi hissetmenin anahtar\u0131d\u0131r.<\/p>\n\n\n\n<p>Bu korkutucu ger\u00e7ek ve inan\u0131lmaz kazan\u00e7 ile kabuklu sa\u00e7 derisini d\u00fczeltin. Korkun\u00e7 pullar\u0131 durdurmak ve h\u0131zla sa\u011fl\u0131\u011fa kavu\u015fmak i\u00e7in g\u00fc\u00e7l\u00fc, inan\u0131lmaz \u00e7areler kullan\u0131n.<\/p>\n\n\n\n<p>Benzer g\u00f6r\u00fcnseler de kepek ve kafa derisi sedef hastal\u0131\u011f\u0131n\u0131n farkl\u0131 nedenleri ve tedavileri vard\u0131r. Kepek zarars\u0131zd\u0131r, ancak sa\u00e7l\u0131 deri sedef hastal\u0131\u011f\u0131 uzun s\u00fcreli bir otoimm\u00fcn hastal\u0131kt\u0131r.<\/p>\n\n\n\n<p>Do\u011fru tedavi i\u00e7in bunlar\u0131 birbirinden ay\u0131rmak \u00f6nemlidir. Bu makale temel farkl\u0131l\u0131klar\u0131 anlaman\u0131za yard\u0131mc\u0131 olacakt\u0131r. Sa\u00e7 deriniz i\u00e7in do\u011fru bak\u0131m\u0131 nas\u0131l yapaca\u011f\u0131n\u0131z\u0131 \u00f6\u011freneceksiniz.<\/p>\n\n\n\n<h3 class=\"wp-block-heading\">\u00d6nemli \u00c7\u0131kar\u0131mlar<\/h3>\n\n\n\n<p>Kepek ve kafa derisi sedef hastal\u0131\u011f\u0131n\u0131 birbirinden ay\u0131rmak etkili bir tedavi i\u00e7in kilit \u00f6nem ta\u015f\u0131r.<\/p>\n\n\n\n<p>Kepek ve kafa derisi sedef hastal\u0131\u011f\u0131n\u0131n farkl\u0131 nedenleri ve belirtileri vard\u0131r.<\/p>\n\n\n\n<p>Sa\u00e7l\u0131 deri sedef hastal\u0131\u011f\u0131 kronik bir otoimm\u00fcn hastal\u0131kt\u0131r.<\/p>\n\n\n\n<p>Do\u011fru te\u015fhis, rahatlama bulmak i\u00e7in \u00e7ok \u00f6nemlidir.<\/p>\n\n\n\n<p>Farkl\u0131l\u0131klar\u0131 anlamak, do\u011fru bak\u0131m\u0131 araman\u0131z i\u00e7in size g\u00fc\u00e7 verir.<\/p>\n\n\n\n<h2 class=\"wp-block-heading\">Kabuklu Sa\u00e7 Derisi Durumlar\u0131n\u0131 Anlamak<\/h2>\n\n\n\n<figure class=\"wp-block-image size-large\"><img decoding=\"async\" width=\"1024\" height=\"683\" src=\"https:\/\/goldcityhair.com\/wp-content\/uploads\/2026\/02\/image_2-75-1024x683.webp\" alt=\"Kabuklu Sa\u00e7 Derisi: Korkun\u00e7 Ger\u00e7ek ve \u015ea\u015f\u0131rt\u0131c\u0131 Kazan\u00e7\" class=\"wp-image-21498\" srcset=\"https:\/\/goldcityhair.com\/wp-content\/uploads\/2026\/02\/image_2-75-1024x683.webp 1024w, https:\/\/goldcityhair.com\/wp-content\/uploads\/2026\/02\/image_2-75-300x200.webp 300w, https:\/\/goldcityhair.com\/wp-content\/uploads\/2026\/02\/image_2-75-768x512.webp 768w, https:\/\/goldcityhair.com\/wp-content\/uploads\/2026\/02\/image_2-75-18x12.webp 18w, https:\/\/goldcityhair.com\/wp-content\/uploads\/2026\/02\/image_2-75.webp 1200w\" sizes=\"(max-width: 1024px) 100vw, 1024px\" \/><\/figure>\n\n\n\n<p>Kepek ve kafa derisi sedef hastal\u0131\u011f\u0131 gibi kabuklu kafa derisi rahats\u0131zl\u0131klar\u0131, cilt sorunlar\u0131ndan daha fazlas\u0131d\u0131r. Daha derin sa\u011fl\u0131k sorunlar\u0131na i\u015faret edebilirler. Bu sorunlar d\u00fcnya \u00e7ap\u0131nda milyonlarca ki\u015fiyi rahats\u0131z eder, rahats\u0131zl\u0131\u011fa, utanca ve bazen de ac\u0131ya neden olur.<\/p>\n\n\n\n<h3 class=\"wp-block-heading\">Prevalans ve Temel \u00d6zellikler<\/h3>\n\n\n\n<p>Kepek ve kafa derisi sedef hastal\u0131\u011f\u0131 yayg\u0131n kafa derisi problemleridir. Kepek, ya\u015f\u0131, cinsiyeti veya \u0131rk\u0131 ne olursa olsun d\u00fcnya n\u00fcfusunun yakla\u015f\u0131k yar\u0131s\u0131n\u0131 etkiler. Genellikle ka\u015f\u0131nt\u0131 ve k\u0131zar\u0131kl\u0131kla birlikte kafa derisinde \u00f6l\u00fc deri pullar\u0131 \u015feklinde g\u00f6r\u00fcl\u00fcr.<\/p>\n\n\n\n<p>Sedef hastal\u0131\u011f\u0131 hastalar\u0131n\u0131n yakla\u015f\u0131k 50%\u201csinde bulunan kafa derisi sedef hastal\u0131\u011f\u0131, g\u00fcm\u00fc\u015fi pullarla k\u0131rm\u0131z\u0131, kabar\u0131k plaklar \u015feklinde g\u00f6r\u00fcl\u00fcr. Ka\u015f\u0131nt\u0131l\u0131 ve a\u011fr\u0131l\u0131 olabilir. Journal of Clinical and Aesthetic Dermatology'de yer alan bir \u00e7al\u0131\u015fmada \u201dSedef hastal\u0131\u011f\u0131 k\u00fcresel n\u00fcfusun yakla\u015f\u0131k 2-3%'sini etkilemektedir ve kafa derisi tutulumu yayg\u0131nd\u0131r.\"<\/p>\n\n\n\n<p>T\u0131p Uzman\u0131, Dermatolog<\/p>\n\n\n\n<h3 class=\"wp-block-heading\">Do\u011fru Tan\u0131mlama Neden \u00d6nemlidir?<\/h3>\n\n\n\n<p>Kafa derisi rahats\u0131zl\u0131klar\u0131 i\u00e7in do\u011fru te\u015fhisin konulmas\u0131 hayati \u00f6nem ta\u015f\u0131r. Yanl\u0131\u015f te\u015fhisler k\u00f6t\u00fc tedavilere yol a\u00e7arak i\u015fleri daha da k\u00f6t\u00fcle\u015ftirebilir. \u00d6rne\u011fin, kafa derisi sedef hastal\u0131\u011f\u0131 i\u00e7in antifungal tedaviler kullanmak semptomlar\u0131 daha da k\u00f6t\u00fcle\u015ftirebilir.<\/p>\n\n\n\n<p>Do\u011fru te\u015fhis, ayr\u0131nt\u0131l\u0131 bir kafa derisi kontrol\u00fc, t\u0131bbi ge\u00e7mi\u015fe bakma ve bazen biyopsi anlam\u0131na gelir. Sebebin bilinmesi en iyi tedavinin se\u00e7ilmesine yard\u0131mc\u0131 olur.<\/p>\n\n\n\n<p>\u00d6zetle, kepek ve sedef hastal\u0131\u011f\u0131 gibi kafa derisi rahats\u0131zl\u0131klar\u0131 hakk\u0131nda bilgi sahibi olmak, bunlar\u0131 y\u00f6netmenin anahtar\u0131d\u0131r. Yayg\u0131nl\u0131klar\u0131n\u0131, semptomlar\u0131n\u0131 ve do\u011fru te\u015fhis ihtiyac\u0131n\u0131 bilmek do\u011fru tedaviyi bulmaya yard\u0131mc\u0131 olur. Bu, semptomlar\u0131 hafifletebilir ve ya\u015fam kalitesini art\u0131rabilir.<\/p>\n\n\n\n<h2 class=\"wp-block-heading\">G\u00f6rsel Farkl\u0131l\u0131klar: Renk, Doku ve G\u00f6r\u00fcn\u00fcm<\/h2>\n\n\n\n<figure class=\"wp-block-image size-large\"><img decoding=\"async\" width=\"1024\" height=\"683\" src=\"https:\/\/goldcityhair.com\/wp-content\/uploads\/2026\/02\/image_3-70-1024x683.webp\" alt=\"Kabuklu Sa\u00e7 Derisi: Korkun\u00e7 Ger\u00e7ek ve \u015ea\u015f\u0131rt\u0131c\u0131 Kazan\u00e7\" class=\"wp-image-21499\" srcset=\"https:\/\/goldcityhair.com\/wp-content\/uploads\/2026\/02\/image_3-70-1024x683.webp 1024w, https:\/\/goldcityhair.com\/wp-content\/uploads\/2026\/02\/image_3-70-300x200.webp 300w, https:\/\/goldcityhair.com\/wp-content\/uploads\/2026\/02\/image_3-70-768x512.webp 768w, https:\/\/goldcityhair.com\/wp-content\/uploads\/2026\/02\/image_3-70-18x12.webp 18w, https:\/\/goldcityhair.com\/wp-content\/uploads\/2026\/02\/image_3-70.webp 1200w\" sizes=\"(max-width: 1024px) 100vw, 1024px\" \/><\/figure>\n\n\n\n<p>Kepek ve kafa derisi sedef hastal\u0131\u011f\u0131n\u0131 birbirinden nas\u0131l ay\u0131rt edece\u011finizi bilmek \u00f6nemlidir. G\u00f6r\u00fcn\u00fc\u015fleri do\u011fru tedaviyi bulmam\u0131za yard\u0131mc\u0131 olabilir. Renklerine, dokular\u0131na ve genel g\u00f6r\u00fcn\u00fcmlerine bakarak aralar\u0131ndaki fark\u0131 anlayabiliriz.<\/p>\n\n\n\n<h3 class=\"wp-block-heading\">Kepek: Sar\u0131 veya Beyaz Ya\u011fl\u0131 Pullar<\/h3>\n\n\n\n<p>Kepek, ya\u011fl\u0131 hissi veren k\u00fc\u00e7\u00fck, beyaz veya sar\u0131 pullar olarak ortaya \u00e7\u0131kar. Bu pullar\u0131 kafa derinizde ve hatta koyu renkli k\u0131yafetlerinizde bile g\u00f6rebilirsiniz. Kepekten farkl\u0131 olarak bu pullar kafa derinize yap\u0131\u015fmaz ve kolayca d\u00f6k\u00fcl\u00fcr.<\/p>\n\n\n\n<p>Bazen kepek pullar\u0131 hafif k\u0131zar\u0131kl\u0131k veya tahri\u015fle birlikte g\u00f6r\u00fclebilir. Ancak bu her zaman do\u011fru de\u011fildir. Bu pullar genellikle kafa derisinin do\u011fal d\u00f6k\u00fclmesinden kaynaklan\u0131r. Bu durum kuru hava, sert sa\u00e7 \u00fcr\u00fcnleri veya belirli bile\u015fenlere kar\u015f\u0131 hassasiyetle daha da k\u00f6t\u00fcle\u015febilir.<\/p>\n\n\n\n<h3 class=\"wp-block-heading\">Kafa Derisi Sedef Hastal\u0131\u011f\u0131: Simli Pullarla Birlikte K\u0131rm\u0131z\u0131, Kabar\u0131k Plaklar<\/h3>\n\n\n\n<p>Kafa derisi sedef hastal\u0131\u011f\u0131nda kafa derisine yap\u0131\u015fan kal\u0131n, k\u0131rm\u0131z\u0131, g\u00fcm\u00fc\u015fi pullar vard\u0131r. Bu plaklar ka\u015f\u0131nabilir, ac\u0131yabilir ve \u00e7izildi\u011finde kanayabilir. G\u00fcm\u00fc\u015fi pullar, kepek pullar\u0131ndan farkl\u0131 olarak sedef hastal\u0131\u011f\u0131n\u0131n \u00f6nemli bir i\u015faretidir.<\/p>\n\n\n\n<p>Sa\u00e7l\u0131 deri sedef hastal\u0131\u011f\u0131nda genellikle kepekten daha fazla k\u0131zar\u0131kl\u0131k ve \u015fi\u015flik vard\u0131r. K\u00f6t\u00fc vakalarda, plaklar v\u00fccudun di\u011fer b\u00f6lgelerine yay\u0131labilir. Belirtileriniz iyile\u015fmiyor veya k\u00f6t\u00fcle\u015fiyorsa bir doktora g\u00f6r\u00fcnmelisiniz.<\/p>\n\n\n\n<h2 class=\"wp-block-heading\">Altta Yatan Nedenler ve Tetikleyiciler<\/h2>\n\n\n\n<p>Kepek ve kafa derisi sedef hastal\u0131\u011f\u0131na neyin neden oldu\u011funu bilmek \u00f6nemlidir. Her durumun kendine \u00f6zg\u00fc nedenleri vard\u0131r. Bu nedenler, belirtileri nas\u0131l g\u00f6sterdiklerini ve nas\u0131l tedavi edileceklerini etkiler.<\/p>\n\n\n\n<h3 class=\"wp-block-heading\">Kepeklenme: Malassezia Mayas\u0131 ve Ya\u011fl\u0131 Durumlar<\/h3>\n\n\n\n<p>Kepek, kafa derisindeki \u00e7ok fazla Malassezia mayas\u0131ndan kaynaklan\u0131r. Bu maya sa\u00e7 derisindeki ya\u011flar\u0131 yiyerek onlar\u0131 par\u00e7alar. Bu da sa\u00e7 derisinin ka\u015f\u0131nmas\u0131na ve pul pul d\u00f6k\u00fclmesine neden olur.<\/p>\n\n\n\n<p>Ya\u011fl\u0131 sa\u00e7 derileri kepe\u011fi daha da k\u00f6t\u00fcle\u015ftirir. Malassezia mayas\u0131na b\u00fcy\u00fcmesi i\u00e7in m\u00fckemmel bir yer sa\u011flarlar.<\/p>\n\n\n\n<p>Kepe\u011fe yol a\u00e7abilecek \u015feyler \u015funlard\u0131r:<\/p>\n\n\n\n<p>\u00c7ok fazla sebum<\/p>\n\n\n\n<p>Sa\u00e7 \u00fcr\u00fcnlerine kar\u015f\u0131 hassas olmak<\/p>\n\n\n\n<p>Stres<\/p>\n\n\n\n<p>\u00c7inko piritiyon veya ketokonazol i\u00e7eren \u015fampuanlar kullanmak Malassezia mayas\u0131yla sava\u015fabilir.<\/p>\n\n\n\n<h3 class=\"wp-block-heading\">Sedef Hastal\u0131\u011f\u0131: Ba\u011f\u0131\u015f\u0131kl\u0131k Sistemi Disreg\u00fclasyonu ve H\u0131zl\u0131 H\u00fccre Devri<\/h3>\n\n\n\n<p>Kafa derisi sedef hastal\u0131\u011f\u0131 otoimm\u00fcn bir hastal\u0131kt\u0131r. Ba\u011f\u0131\u015f\u0131kl\u0131k sistemi sa\u011fl\u0131kl\u0131 cilt h\u00fccrelerine sald\u0131rd\u0131\u011f\u0131nda ortaya \u00e7\u0131kar. Bu da deri h\u00fccrelerinin h\u0131zla b\u00fcy\u00fcmesine ve pullar olu\u015fturmas\u0131na neden olur.<\/p>\n\n\n\n<p>Sa\u00e7l\u0131 deri sedef hastal\u0131\u011f\u0131n\u0131n nedenleri \u015funlard\u0131r:<\/p>\n\n\n\n<p>Genetik<\/p>\n\n\n\n<p>Ba\u011f\u0131\u015f\u0131kl\u0131k sistemi sorunlar\u0131<\/p>\n\n\n\n<p>Stres ve so\u011fuk hava<\/p>\n\n\n\n<h3 class=\"wp-block-heading\">Mevsimsel De\u011fi\u015fiklikler ve Stres Fakt\u00f6rleri<\/h3>\n\n\n\n<p>Mevsimsel de\u011fi\u015fiklikler ve stres hem kepe\u011fi hem de kafa derisi sedef hastal\u0131\u011f\u0131n\u0131 etkileyebilir. K\u0131\u015f\u0131n kuru hava kepe\u011fi daha da k\u00f6t\u00fcle\u015ftirir. Stres her iki durumun semptomlar\u0131n\u0131 daha da k\u00f6t\u00fcle\u015ftirebilir.<\/p>\n\n\n\n<p>Stresi y\u00f6netmek ve kafa derisini sa\u011fl\u0131kl\u0131 tutmak yard\u0131mc\u0131 olabilir. Bu, bu fakt\u00f6rlerin etkisini azaltabilir.<\/p>\n\n\n\n<p>Her iki durum i\u00e7in de ortak tetikleyiciler \u015funlard\u0131r:<\/p>\n\n\n\n<p>Stres<\/p>\n\n\n\n<p>Mevsimsel de\u011fi\u015fiklikler<\/p>\n\n\n\n<p>Baz\u0131 sa\u00e7 bak\u0131m \u00fcr\u00fcnleri<\/p>\n\n\n\n<p>Bu durumlara neyin sebep oldu\u011funu bilmek semptomlar\u0131 y\u00f6netmeye yard\u0131mc\u0131 olur. Ayr\u0131ca kafa derisi sa\u011fl\u0131\u011f\u0131n\u0131 da iyile\u015ftirir.<\/p>\n\n\n\n<h2 class=\"wp-block-heading\">Sonu\u00e7: Do\u011fru Te\u015fhis ve Tedaviyi Almak<\/h2>\n\n\n\n<p>Kepek ve kafa derisi sedef hastal\u0131\u011f\u0131n\u0131 birbirinden ay\u0131rmak, etkili y\u00f6netim i\u00e7in kilit \u00f6nem ta\u015f\u0131r. Farkl\u0131l\u0131klar\u0131 bilmek, bireylerin do\u011fru tan\u0131 ve tedaviyi bulmalar\u0131na yard\u0131mc\u0131 olur.<\/p>\n\n\n\n<p>Kepek sar\u0131 veya beyaz ya\u011fl\u0131 pullar \u015feklinde g\u00f6r\u00fcl\u00fcr. Sa\u00e7l\u0131 deri sedef hastal\u0131\u011f\u0131nda k\u0131rm\u0131z\u0131, kabar\u0131k plaklar ve g\u00fcm\u00fc\u015fi pullar vard\u0131r. Nedenini bulmak i\u00e7in do\u011fru bir te\u015fhis koymak \u00f6nemlidir.<\/p>\n\n\n\n<p>\u0130nat\u00e7\u0131 veya ciddi kafa derisi sorunlar\u0131 i\u00e7in bir dermatolo\u011fa g\u00f6r\u00fcnmek hayati \u00f6nem ta\u015f\u0131r. \u0130la\u00e7l\u0131 \u015fampuanlar veya kremler gibi en iyi tedavi konusunda rehberlik edebilirler. Bu, semptomlar\u0131 hafifletmeye ve kafa derisi sa\u011fl\u0131\u011f\u0131n\u0131 iyile\u015ftirmeye yard\u0131mc\u0131 olur.<\/p>\n\n\n\n<p>\u0130ster kepek ister kafa derisi sedef hastal\u0131\u011f\u0131 olsun ya da hangisinin oldu\u011funu merak ediyor olun, bir doktor yard\u0131mc\u0131 olabilir. Durumu netle\u015ftirebilir ve etkili bir tedavi plan\u0131 olu\u015fturabilirler.<\/p>\n\n\n\n<h2 class=\"wp-block-heading\">SSS<\/h2>\n\n\n<div id=\"rank-math-faq\" class=\"rank-math-block\">\n<div class=\"rank-math-list\">\n<div id=\"faq-question-17719873973850.1851820046432454\" class=\"rank-math-list-item\">\n<h3 class=\"rank-math-question\">Kepek ve sa\u00e7l\u0131 deri sedef hastal\u0131\u011f\u0131 aras\u0131ndaki temel fark nedir?<\/h3>\n<div class=\"rank-math-answer\">\n\n<p>Kepek \u00e7ok az iltihapla birlikte hafif pullanmaya neden olurken, kafa derisi sedef hastal\u0131\u011f\u0131 sa\u00e7 \u00e7izgisinin \u00f6tesine uzanabilen k\u0131rm\u0131z\u0131, iltihapl\u0131 yamalar ile kal\u0131n, g\u00fcm\u00fc\u015fi pullar \u00fcretir.<\/p>\n\n<\/div>\n<\/div>\n<div id=\"faq-question-17719873973850.2946289633999608\" class=\"rank-math-list-item\">\n<h3 class=\"rank-math-question\">Kuru kafa derisi sedef hastal\u0131\u011f\u0131 m\u0131 yoksa kepek mi?<\/h3>\n<div class=\"rank-math-answer\">\n\n<p>Kuru bir kafa derisi tipik olarak k\u0131zar\u0131kl\u0131k olmadan k\u00fc\u00e7\u00fck, kuru beyaz pullara neden olurken, sedef hastal\u0131\u011f\u0131 daha kal\u0131n plaklar ve g\u00f6zle g\u00f6r\u00fcl\u00fcr iltihaplanma i\u00e7erir.<\/p>\n\n<\/div>\n<\/div>\n<div id=\"faq-question-17719873973850.9592034730709106\" class=\"rank-math-list-item\">\n<h3 class=\"rank-math-question\">Kepek ne renktir?<\/h3>\n<div class=\"rank-math-answer\">\n\n<p>Kepek pullar\u0131 genellikle beyaz veya hafif sar\u0131d\u0131r ve sedef hastal\u0131\u011f\u0131 pullar\u0131ndan daha gev\u015fek ve daha k\u00fc\u00e7\u00fck olma e\u011filimindedir.<\/p>\n\n<\/div>\n<\/div>\n<div id=\"faq-question-17719873973850.0311575709350167\" class=\"rank-math-list-item\">\n<h3 class=\"rank-math-question\">Sedef hastal\u0131\u011f\u0131 m\u0131 yoksa kepek mi?<\/h3>\n<div class=\"rank-math-answer\">\n\n<p>Kal\u0131n, iyi tan\u0131mlanm\u0131\u015f plaklar, k\u0131zar\u0131kl\u0131k ve s\u00fcrekli ka\u015f\u0131nt\u0131 varsa, b\u00fcy\u00fck olas\u0131l\u0131kla sedef hastal\u0131\u011f\u0131d\u0131r; iltihaplanma olmadan hafif pullanma genellikle kepektir.<\/p>\n\n<\/div>\n<\/div>\n<div id=\"faq-question-17719873973850.8661080694975178\" class=\"rank-math-list-item\">\n<h3 class=\"rank-math-question\">Sedef hastal\u0131\u011f\u0131 ile kepek aras\u0131ndaki fark nedir?<\/h3>\n<div class=\"rank-math-answer\">\n\n<p>Sedef hastal\u0131\u011f\u0131 kabar\u0131k, pullu lekelere neden olan otoimm\u00fcn bir durumken, kepek genellikle mayan\u0131n a\u015f\u0131r\u0131 b\u00fcy\u00fcmesi ve kafa derisindeki a\u015f\u0131r\u0131 ya\u011f ile ba\u011flant\u0131l\u0131d\u0131r.<\/p>\n\n<\/div>\n<\/div>\n<div id=\"faq-question-17719873973850.06868592495075254\" class=\"rank-math-list-item\">\n<h3 class=\"rank-math-question\">Stres kepe\u011fi veya kafa derisi sedef hastal\u0131\u011f\u0131n\u0131 tetikleyebilir mi?<\/h3>\n<div class=\"rank-math-answer\">\n\n<p>Evet, stres iltihaplanmay\u0131 art\u0131rarak ve sa\u00e7 derisinin do\u011fal dengesini bozarak her iki durumu da k\u00f6t\u00fcle\u015ftirebilir.<\/p>\n\n<\/div>\n<\/div>\n<div id=\"faq-question-17719873973850.07157652384021151\" class=\"rank-math-list-item\">\n<h3 class=\"rank-math-question\">Sa\u00e7 derimde sedef veya kepek oldu\u011funu nas\u0131l anlar\u0131m?<\/h3>\n<div class=\"rank-math-answer\">\n\n<p>Kal\u0131c\u0131 kal\u0131n pullar, k\u0131zar\u0131kl\u0131k ve al\u0131na veya boyuna uzanan plaklar sedef hastal\u0131\u011f\u0131n\u0131 d\u00fc\u015f\u00fcnd\u00fcr\u00fcrken, belirgin tahri\u015f olmadan hafif pullanma kepe\u011fe i\u015faret eder.<\/p>\n\n<\/div>\n<\/div>\n<div id=\"faq-question-17719873973850.3146141543263471\" class=\"rank-math-list-item\">\n<h3 class=\"rank-math-question\">Kepek plaklar\u0131 sedef hastal\u0131\u011f\u0131 plaklar\u0131 ile ayn\u0131 m\u0131d\u0131r?<\/h3>\n<div class=\"rank-math-answer\">\n\n<p>Hay\u0131r, kepek pullar\u0131 genellikle gev\u015fek ve incedir, oysa sedef hastal\u0131\u011f\u0131 plaklar\u0131 daha kal\u0131n, daha yap\u0131\u015fkan ve iltihapl\u0131d\u0131r.<\/p>\n\n<\/div>\n<\/div>\n<div id=\"faq-question-17719873973850.14870941235452206\" class=\"rank-math-list-item\">\n<h3 class=\"rank-math-question\">Kepek ve sa\u00e7l\u0131 deri sedef hastal\u0131\u011f\u0131 aras\u0131ndaki fark nedir?<\/h3>\n<div class=\"rank-math-answer\">\n\n<p>Kepek, hafif pullanma ile seyreden yayg\u0131n bir kafa derisi rahats\u0131zl\u0131\u011f\u0131 iken, kafa derisi sedef hastal\u0131\u011f\u0131, t\u0131bbi tedavi gerektirebilen kal\u0131n, pullu, k\u0131rm\u0131z\u0131 yamalarla seyreden kronik iltihapl\u0131 bir hastal\u0131kt\u0131r.<\/p>\n\n<\/div>\n<\/div>\n<\/div>\n<\/div>\n\n\n<h2 class=\"wp-block-heading\">Referanslar<\/h2>\n\n\n\n<p>Ulusal Biyoteknoloji Bilgi Merkezi. Kan\u0131ta Dayal\u0131 T\u0131bbi \u00d6ng\u00f6r\u00fc. Eri\u015fim adresi <a href=\"https:\/\/pmc.ncbi.nlm.nih.gov\/articles\/PMC6180232\/\" data-type=\"URL\" data-id=\"https:\/\/pmc.ncbi.nlm.nih.gov\/articles\/PMC6180232\/\" target=\"_blank\" rel=\"noopener\">https:\/\/pmc.ncbi.nlm.nih.gov\/articles\/PMC6180232\/<\/a><\/p>","protected":false},"excerpt":{"rendered":"<p>Millions of people find it hard to tell if they have dandruff or scalp psoriasis. Both cause flaking and discomfort. Knowing the difference is key to feeling better. Fix a crusty scalp with this scary truth and amazing win. Use powerful, incredible remedies to stop scary flakes and achieve health fast. Even though they look [&hellip;]<\/p>","protected":false},"author":13,"featured_media":21497,"comment_status":"closed","ping_status":"closed","sticky":false,"template":"","format":"standard","meta":{"footnotes":"","rank_math_title":"","rank_math_description":"Fix a crusty scalp with this scary truth and amazing win. Use powerful, incredible remedies to stop scary flakes and achieve health fast.","rank_math_canonical_url":"","rank_math_focus_keyword":"crusty scalp,health"},"categories":[14],"tags":[3371,2934,2059,3159,2090],"class_list":["post-20036","post","type-post","status-publish","format-standard","has-post-thumbnail","hentry","category-hair","tag-crusty-scalp","tag-dandruff","tag-health","tag-psoriasis","tag-relief"],"_links":{"self":[{"href":"https:\/\/goldcityhair.com\/tr\/wp-json\/wp\/v2\/posts\/20036","targetHints":{"allow":["GET"]}}],"collection":[{"href":"https:\/\/goldcityhair.com\/tr\/wp-json\/wp\/v2\/posts"}],"about":[{"href":"https:\/\/goldcityhair.com\/tr\/wp-json\/wp\/v2\/types\/post"}],"author":[{"embeddable":true,"href":"https:\/\/goldcityhair.com\/tr\/wp-json\/wp\/v2\/users\/13"}],"replies":[{"embeddable":true,"href":"https:\/\/goldcityhair.com\/tr\/wp-json\/wp\/v2\/comments?post=20036"}],"version-history":[{"count":2,"href":"https:\/\/goldcityhair.com\/tr\/wp-json\/wp\/v2\/posts\/20036\/revisions"}],"predecessor-version":[{"id":23444,"href":"https:\/\/goldcityhair.com\/tr\/wp-json\/wp\/v2\/posts\/20036\/revisions\/23444"}],"wp:featuredmedia":[{"embeddable":true,"href":"https:\/\/goldcityhair.com\/tr\/wp-json\/wp\/v2\/media\/21497"}],"wp:attachment":[{"href":"https:\/\/goldcityhair.com\/tr\/wp-json\/wp\/v2\/media?parent=20036"}],"wp:term":[{"taxonomy":"category","embeddable":true,"href":"https:\/\/goldcityhair.com\/tr\/wp-json\/wp\/v2\/categories?post=20036"},{"taxonomy":"post_tag","embeddable":true,"href":"https:\/\/goldcityhair.com\/tr\/wp-json\/wp\/v2\/tags?post=20036"}],"curies":[{"name":"wp","href":"https:\/\/api.w.org\/{rel}","templated":true}]}}