{"id":20037,"date":"2026-02-23T04:40:09","date_gmt":"2026-02-23T03:40:09","guid":{"rendered":"https:\/\/goldcityhair.com\/?p=20037"},"modified":"2026-03-26T13:36:45","modified_gmt":"2026-03-26T12:36:45","slug":"kafa-derisindeki-pullu-yamalar-sasirtici-cozumler","status":"publish","type":"post","link":"https:\/\/goldcityhair.com\/tr\/sac\/kafa-derisindeki-pullu-yamalar-sasirtici-cozumler\/","title":{"rendered":"Scaly Patches On Scalp: Amazing Fast Fixes"},"content":{"rendered":"<figure class=\"wp-block-image size-large\"><img fetchpriority=\"high\" decoding=\"async\" width=\"1024\" height=\"683\" src=\"https:\/\/goldcityhair.com\/wp-content\/uploads\/2026\/02\/image_1-331-1024x683.webp\" alt=\"Sa\u00e7 Derisinde Pullu Yamalar: \u015ea\u015f\u0131rt\u0131c\u0131 \u00c7\u00f6z\u00fcmler\" class=\"wp-image-22896\" srcset=\"https:\/\/goldcityhair.com\/wp-content\/uploads\/2026\/02\/image_1-331-1024x683.webp 1024w, https:\/\/goldcityhair.com\/wp-content\/uploads\/2026\/02\/image_1-331-300x200.webp 300w, https:\/\/goldcityhair.com\/wp-content\/uploads\/2026\/02\/image_1-331-768x512.webp 768w, https:\/\/goldcityhair.com\/wp-content\/uploads\/2026\/02\/image_1-331-18x12.webp 18w, https:\/\/goldcityhair.com\/wp-content\/uploads\/2026\/02\/image_1-331.webp 1200w\" sizes=\"(max-width: 1024px) 100vw, 1024px\" \/><\/figure>\n\n\n\n<p>Kafa derisindeki pullu lekeler d\u00fcnya \u00e7ap\u0131nda milyonlarca insan i\u00e7in b\u00fcy\u00fck bir endi\u015fe kayna\u011f\u0131d\u0131r. Genellikle kronik bir otoimm\u00fcn hastal\u0131k olan sedef hastal\u0131\u011f\u0131n\u0131n belirtilerini g\u00f6sterirler. Bu durum d\u00fcnya genelinde insanlar\u0131n yakla\u015f\u0131k y\u00fczde 2 ila 3'\u00fcn\u00fc etkilemekte olup, kafa derisi sorunlar\u0131 \u00e7ok yayg\u0131nd\u0131r.<\/p>\n\n\n\n<p>\u0130nan\u0131lmaz \u00e7\u00f6z\u00fcmlerle kafa derisindeki pullu b\u00f6lgeleri iyile\u015ftirin. Korkun\u00e7 ka\u015f\u0131nt\u0131y\u0131 durdurmak ve inan\u0131lmaz derecede sa\u011fl\u0131kl\u0131 bir cilde kavu\u015fmak i\u00e7in g\u00fc\u00e7l\u00fc, inan\u0131lmaz s\u0131rlar\u0131 kullan\u0131n.<\/p>\n\n\n\n<p>\u0130ltihapl\u0131 kafa derisi sorunlar\u0131 ger\u00e7ekten can\u0131n\u0131z\u0131 yakabilir ve ya\u015fam kalitenizi d\u00fc\u015f\u00fcrebilir. Bu sorunlara neyin neden oldu\u011funu ve nas\u0131l tedavi edilece\u011fini bilmek, onlar\u0131 iyi y\u00f6netmenin anahtar\u0131d\u0131r.<\/p>\n\n\n\n<h3 class=\"wp-block-heading\">\u00d6nemli \u00c7\u0131kar\u0131mlar<\/h3>\n\n\n\n<p>Kafa derisindeki pullu yamalar sedef hastal\u0131\u011f\u0131 gibi altta yatan rahats\u0131zl\u0131klar\u0131n belirtisi olabilir.<\/p>\n\n\n\n<p>Sedef hastal\u0131\u011f\u0131 d\u00fcnya n\u00fcfusunun yakla\u015f\u0131k y\u00fczde 2 ila 3'\u00fcn\u00fc etkilemektedir.<\/p>\n\n\n\n<p>Sa\u00e7l\u0131 deri tutulumu psoriasisin en s\u0131k g\u00f6r\u00fclen belirtilerinden biridir.<\/p>\n\n\n\n<p>\u0130nflamatuar kafa derisi rahats\u0131zl\u0131klar\u0131 ya\u015fam kalitesini \u00f6nemli \u00f6l\u00e7\u00fcde etkileyebilir.<\/p>\n\n\n\n<p>Etkili y\u00f6netim i\u00e7in nedenlerin ve tedavi se\u00e7eneklerinin anla\u015f\u0131lmas\u0131 esast\u0131r.<\/p>\n\n\n\n<h2 class=\"wp-block-heading\">Sa\u00e7 Derisinde Pullu Yamalar Neden Olur?<\/h2>\n\n\n\n<figure class=\"wp-block-image size-large\"><img decoding=\"async\" width=\"1024\" height=\"683\" src=\"https:\/\/goldcityhair.com\/wp-content\/uploads\/2026\/02\/image_2-328-1024x683.webp\" alt=\"Sa\u00e7 Derisinde Pullu Yamalar: \u015ea\u015f\u0131rt\u0131c\u0131 \u00c7\u00f6z\u00fcmler\" class=\"wp-image-22897\" srcset=\"https:\/\/goldcityhair.com\/wp-content\/uploads\/2026\/02\/image_2-328-1024x683.webp 1024w, https:\/\/goldcityhair.com\/wp-content\/uploads\/2026\/02\/image_2-328-300x200.webp 300w, https:\/\/goldcityhair.com\/wp-content\/uploads\/2026\/02\/image_2-328-768x512.webp 768w, https:\/\/goldcityhair.com\/wp-content\/uploads\/2026\/02\/image_2-328-18x12.webp 18w, https:\/\/goldcityhair.com\/wp-content\/uploads\/2026\/02\/image_2-328.webp 1200w\" sizes=\"(max-width: 1024px) 100vw, 1024px\" \/><\/figure>\n\n\n\n<p>Kafa derisinde neden pullu yamalar olu\u015ftu\u011funu bilmek \u00f6nemlidir. Bu lekeler hafif veya ciddi durumlar\u0131n belirtileri olabilir. Nedenini bilmek, tedavi edilmelerine ve y\u00f6netilmelerine yard\u0131mc\u0131 olur.<\/p>\n\n\n\n<h3 class=\"wp-block-heading\">Belirtilerin ve \u00d6zelliklerin Tan\u0131mlanmas\u0131<\/h3>\n\n\n\n<p>Kafa derisindeki pullu yamalar farkl\u0131 g\u00f6r\u00fcnebilir. Kafa derisinde beyaz pullar, k\u0131rm\u0131z\u0131 veya ka\u015f\u0131nt\u0131l\u0131 olabilirler. Bu yamalar\u0131n g\u00f6r\u00fcn\u00fcm\u00fc bize onlara neyin sebep oldu\u011funu s\u00f6yleyebilir. \u00d6rne\u011fin, sedef hastal\u0131\u011f\u0131 genellikle g\u00fcm\u00fc\u015fi pullara sahipken, seboreik dermatit ya\u011fl\u0131, sar\u0131ms\u0131 pullara sahiptir.<\/p>\n\n\n\n<p>Kafa derisinde pullanma veya kabuklanma<\/p>\n\n\n\n<p>K\u0131zar\u0131kl\u0131k ve iltihaplanma<\/p>\n\n\n\n<p>Ka\u015f\u0131nt\u0131 veya yanma hissi<\/p>\n\n\n\n<p>Sa\u00e7 derisinde kuruluk veya ya\u011fl\u0131l\u0131k<\/p>\n\n\n\n<h3 class=\"wp-block-heading\">Sedef Hastal\u0131\u011f\u0131 ve Seboreik Dermatit<\/h3>\n\n\n\n<p>Psooriasis ve seboreik dermatit, kafa derisindeki pullu yamalar\u0131n yayg\u0131n nedenleridir. Her ikisi de kafa derisinin pullanmas\u0131na ve k\u0131zarmas\u0131na neden olabilir. Ancak farkl\u0131 g\u00f6r\u00fcn\u00fcrler. Sedef hastal\u0131\u011f\u0131 kal\u0131n, g\u00fcm\u00fc\u015fi pullara sahipken, seboreik dermatit daha ya\u011fl\u0131, sar\u0131ms\u0131 pullara sahiptir.<\/p>\n\n\n\n<p>Do\u011fru tedavi i\u00e7in bu durumlar\u0131 birbirinden ay\u0131rmak \u00f6nemlidir. \u0130\u015fte h\u0131zl\u0131 bir kar\u015f\u0131la\u015ft\u0131rma:<\/p>\n\n\n\n<h3 class=\"wp-block-heading\">Di\u011fer Yayg\u0131n Sa\u00e7 Derisi Sorunlar\u0131<\/h3>\n\n\n\n<p>Sedef hastal\u0131\u011f\u0131 ve seboreik dermatit d\u0131\u015f\u0131nda daha fazla kafa derisi rahats\u0131zl\u0131\u011f\u0131 vard\u0131r. Bunlar kuru kafa derisi, egzama ve dermatiti i\u00e7erir. Her birinin kendine \u00f6zg\u00fc semptom ve bulgular\u0131 vard\u0131r.<\/p>\n\n\n\n<p>Kuru bir sa\u00e7 derisi pul pul olabilir ve ka\u015f\u0131nabilir. Egzama iltihapl\u0131, ka\u015f\u0131nt\u0131l\u0131 yamalara neden olur. Bu farkl\u0131l\u0131klar\u0131n bilinmesi, durumun daha iyi y\u00f6netilmesine yard\u0131mc\u0131 olur.<\/p>\n\n\n\n<h2 class=\"wp-block-heading\">Sa\u00e7 Derisindeki Pullu Yamalar i\u00e7in T\u0131bbi Tedaviler<\/h2>\n\n\n\n<figure class=\"wp-block-image size-large\"><img decoding=\"async\" width=\"1024\" height=\"683\" src=\"https:\/\/goldcityhair.com\/wp-content\/uploads\/2026\/02\/image_3-300-1024x683.webp\" alt=\"Sa\u00e7 Derisinde Pullu Yamalar: \u015ea\u015f\u0131rt\u0131c\u0131 \u00c7\u00f6z\u00fcmler\" class=\"wp-image-22898\" srcset=\"https:\/\/goldcityhair.com\/wp-content\/uploads\/2026\/02\/image_3-300-1024x683.webp 1024w, https:\/\/goldcityhair.com\/wp-content\/uploads\/2026\/02\/image_3-300-300x200.webp 300w, https:\/\/goldcityhair.com\/wp-content\/uploads\/2026\/02\/image_3-300-768x512.webp 768w, https:\/\/goldcityhair.com\/wp-content\/uploads\/2026\/02\/image_3-300-18x12.webp 18w, https:\/\/goldcityhair.com\/wp-content\/uploads\/2026\/02\/image_3-300.webp 1200w\" sizes=\"(max-width: 1024px) 100vw, 1024px\" \/><\/figure>\n\n\n\n<p>T\u0131bbi tedaviler kafa derisindeki pullu yamalar konusunda yard\u0131mc\u0131 olabilir. Semptomlar\u0131 hafifletmeyi, \u015fi\u015fli\u011fi azaltmay\u0131 ve kafa derisinin iyile\u015fmesine yard\u0131mc\u0131 olmay\u0131 ama\u00e7larlar.<\/p>\n\n\n\n<h3 class=\"wp-block-heading\">Re\u00e7eteli \u0130la\u00e7lar ve Steroidler<\/h3>\n\n\n\n<p>Ciddi pullu yamalar i\u00e7in doktorlar re\u00e7eteli ila\u00e7lar ve steroidler \u00f6nerebilir. \u00d6rne\u011fin kortikosteroidler \u015fi\u015fli\u011fi azaltabilir. Kremler, merhemler ve losyonlar halinde bulunurlar. Bazen, belirli kafa derisi sorunlar\u0131n\u0131n \u00fcstesinden gelmek i\u00e7in biyolojik ila\u00e7lar kullan\u0131l\u0131r.<\/p>\n\n\n\n<p>Yayg\u0131n Re\u00e7eteli \u0130la\u00e7lar:<\/p>\n\n\n\n<p>Kortikosteroidler<\/p>\n\n\n\n<p>Antifungal ila\u00e7lar<\/p>\n\n\n\n<p>Salisilik asit preparatlar\u0131<\/p>\n\n\n\n<h3 class=\"wp-block-heading\">\u0130la\u00e7l\u0131 \u015eampuanlar ve Topikal \u00c7\u00f6z\u00fcmler<\/h3>\n\n\n\n<p>\u0130la\u00e7l\u0131 \u015fampuanlar ve kremler kafa derisi sorunlar\u0131n\u0131n tedavisinde kilit \u00f6neme sahiptir. Genellikle k\u00f6m\u00fcr katran\u0131, salisilik asit veya ketokonazol i\u00e7erirler. Bu bile\u015fenler pullanmay\u0131, \u015fi\u015fmeyi azaltmaya ve mantar enfeksiyonlar\u0131yla sava\u015fmaya yard\u0131mc\u0131 olur.<\/p>\n\n\n\n<h3 class=\"wp-block-heading\">Dermatolo\u011fa Ne Zaman Ba\u015fvurulmal\u0131<\/h3>\n\n\n\n<p>Pullu lekeler iyile\u015fmezse veya daha da k\u00f6t\u00fcle\u015firse, bir dermatolo\u011fa g\u00f6r\u00fcn\u00fcn. Bir dermatolog soruna neyin neden oldu\u011funu bulabilir ve do\u011fru tedaviyi \u00f6nerebilir.<\/p>\n\n\n\n<p>\u015eiddetli semptomlar\u0131 olan veya kafa derisi sorunlar\u0131 nedeniyle sa\u00e7lar\u0131 d\u00f6k\u00fclen ki\u015filer i\u00e7in bir dermatolo\u011fa g\u00f6r\u00fcnmek \u00e7ok \u00f6nemlidir.<\/p>\n\n\n\n<h2 class=\"wp-block-heading\">Ev \u00c7\u00f6z\u00fcmleri ve Ya\u015fam Tarz\u0131 De\u011fi\u015fiklikleri<\/h2>\n\n\n\n<p>Ev ila\u00e7lar\u0131 ve ya\u015fam tarz\u0131 de\u011fi\u015fiklikleri kafa derisindeki pullu yamalar konusunda yard\u0131mc\u0131 olabilir. Do\u011fal tedaviler kullanmak ve ak\u0131ll\u0131 ya\u015fam tarz\u0131 se\u00e7imleri yapmak kafa derisi sa\u011fl\u0131\u011f\u0131n\u0131 \u00e7ok iyile\u015ftirebilir.<\/p>\n\n\n\n<h3 class=\"wp-block-heading\">Do\u011fal Ya\u011flar ve Nemlendirici Bak\u0131mlar<\/h3>\n\n\n\n<p>Hindistan cevizi ya\u011f\u0131 ve \u00e7ay a\u011fac\u0131 ya\u011f\u0131 gibi do\u011fal ya\u011flar sa\u00e7 derisi i\u00e7in harikad\u0131r. Hindistan cevizi ya\u011f\u0131 sa\u00e7 derisini nemli tutar. \u00c7ay a\u011fac\u0131 ya\u011f\u0131 antifungal ve antibakteriyel \u00f6zellikleriyle sa\u00e7 derisi enfeksiyonlar\u0131yla sava\u015f\u0131r.<\/p>\n\n\n\n<p>Bu ya\u011flar\u0131 kullanmak i\u00e7in sa\u00e7 derinize az miktarda masaj yap\u0131n. Hafif bir \u015fampuanla y\u0131kamadan \u00f6nce en az bir saat bekletin. D\u00fczenli nemlendirme pullu b\u00f6lgeleri azaltabilir.<\/p>\n\n\n\n<h3 class=\"wp-block-heading\">Diyet ve Beslenme Etkisi<\/h3>\n\n\n\n<p>Beslenme \u015fekliniz sa\u00e7 derisi sa\u011fl\u0131\u011f\u0131n\u0131z\u0131 \u00e7ok etkiler. Vitamin ve minerallerle dengeli beslenmek sa\u00e7 derisi sorunlar\u0131na yard\u0131mc\u0131 olur. Omega-3 ya\u011f asitleri, \u00e7inko ve B vitamini a\u00e7\u0131s\u0131ndan zengin g\u0131dalar sa\u00e7 derinize iyi gelir.<\/p>\n\n\n\n<p>Somon, ceviz ve \u0131spanak gibi yiyecekler t\u00fcketin.<\/p>\n\n\n\n<p>Enflamasyona neden olan i\u015flenmi\u015f g\u0131dalardan ka\u00e7\u0131n\u0131n.<\/p>\n\n\n\n<p>Her g\u00fcn bol bol su i\u00e7in.<\/p>\n\n\n\n<h3 class=\"wp-block-heading\">Stres Y\u00f6netimi ve Sa\u00e7 Bak\u0131m\u0131 Uygulamalar\u0131<\/h3>\n\n\n\n<p>Stres, sedef hastal\u0131\u011f\u0131 gibi kafa derisi rahats\u0131zl\u0131klar\u0131n\u0131 daha da k\u00f6t\u00fcle\u015ftirebilir. Yoga veya meditasyon gibi stres azalt\u0131c\u0131 aktiviteler yapmak yard\u0131mc\u0131 olur. Ayr\u0131ca, nazik sa\u00e7 bak\u0131m\u0131 uygulamalar\u0131 kafa derisi tahri\u015fini azalt\u0131r.<\/p>\n\n\n\n<p>Nazik, s\u00fclfat i\u00e7ermeyen \u015fampuanlar kullan\u0131n ve sert kimyasallardan ka\u00e7\u0131n\u0131n. Sa\u00e7\u0131n\u0131z\u0131 d\u00fczenli olarak yumu\u015fak bir \u015fampuanla y\u0131kamak sa\u00e7 derisini temiz tutar ve pullu yama riskini azalt\u0131r.<\/p>\n\n\n\n<h2 class=\"wp-block-heading\">Sonu\u00e7<\/h2>\n\n\n\n<p>Kafa derisindeki pullu lekeler b\u00fcy\u00fck bir sorun olabilir. Genellikle kafa derisindeki soriasis ile ba\u011flant\u0131l\u0131d\u0131rlar. Bunlar\u0131 iyi tedavi etmek i\u00e7in temel nedenleri ve semptomlar\u0131 ele almam\u0131z gerekir.<\/p>\n\n\n\n<p>Do\u011fru bir te\u015fhis koymak ilk ad\u0131md\u0131r. Sedef hastal\u0131\u011f\u0131 ve seboreik dermatit gibi durumlar bu lekelere neden olabilir. Hangi hastal\u0131\u011fa sahip oldu\u011funuzu bilmek do\u011fru tedaviyi bulman\u0131za yard\u0131mc\u0131 olur.<\/p>\n\n\n\n<p>T\u0131bbi tedavileri ev ila\u00e7lar\u0131 ve ya\u015fam tarz\u0131 de\u011fi\u015fiklikleri ile birle\u015ftirmek i\u015fe yarar. Do\u011fru beslenmek, stresi y\u00f6netmek ve sa\u00e7\u0131n\u0131za \u00f6zen g\u00f6stermek \u00e7ok \u00f6nemlidir. Bu ad\u0131mlar daha fazla sorunun \u00f6nlenmesine ve kafa derinizin sa\u011fl\u0131kl\u0131 kalmas\u0131na yard\u0131mc\u0131 olur.<\/p>\n\n\n\n<p>Size uygun bir tedavi plan\u0131 olu\u015fturmak \u00f6nemlidir. Kafa derisindeki pullu lekeleri anlamak, onlar\u0131 y\u00f6netmenin ilk ad\u0131m\u0131d\u0131r. Bu \u015fekilde, bu durumdan kurtulabilirsiniz.<\/p>\n\n\n\n<h2 class=\"wp-block-heading\">SSS<\/h2>\n\n\n<div id=\"rank-math-faq\" class=\"rank-math-block\">\n<div class=\"rank-math-list\">\n<div id=\"faq-question-17745274517620.2645932091633826\" class=\"rank-math-list-item\">\n<h3 class=\"rank-math-question\">How do I know if I&#8217;m going bald<\/h3>\n<div class=\"rank-math-answer\">\n\n<p>Aramak i\u00e7in <strong>gradual thinning, receding hairline, or widening part<\/strong> rather than temporary shedding<\/p>\n\n<\/div>\n<\/div>\n<div id=\"faq-question-17745274517620.6588316776549359\" class=\"rank-math-list-item\">\n<h3 class=\"rank-math-question\">What are the early signs of balding<\/h3>\n<div class=\"rank-math-answer\">\n\n<p>Receding temples, thinning at the crown, more scalp visibility, and increased hair shedding<\/p>\n\n<\/div>\n<\/div>\n<div id=\"faq-question-17745274517620.31792998510080084\" class=\"rank-math-list-item\">\n<h3 class=\"rank-math-question\">What is the difference between male and female pattern baldness<\/h3>\n<div class=\"rank-math-answer\">\n\n<p>Male Pattern Baldness shows <strong>receding hairline and crown loss<\/strong>, while Female Pattern Baldness causes <strong>diffuse thinning with preserved hairline<\/strong><\/p>\n\n<\/div>\n<\/div>\n<div id=\"faq-question-17745274517620.2798668886918938\" class=\"rank-math-list-item\">\n<h3 class=\"rank-math-question\">Can I prevent balding if I have a family history<\/h3>\n<div class=\"rank-math-answer\">\n\n<p>You may not fully prevent it, but <strong>early treatment and proper care<\/strong> can slow progression<\/p>\n\n<\/div>\n<\/div>\n<div id=\"faq-question-17745274517620.03590644759070205\" class=\"rank-math-list-item\">\n<h3 class=\"rank-math-question\">What causes premature balding in teenagers<\/h3>\n<div class=\"rank-math-answer\">\n\n<p>Genetics, hormonal changes, stress, poor nutrition, and conditions like Telogen Effluvium<\/p>\n\n<\/div>\n<\/div>\n<div id=\"faq-question-17745274517620.3589016992124038\" class=\"rank-math-list-item\">\n<h3 class=\"rank-math-question\">Are there effective treatments for hair loss<\/h3>\n<div class=\"rank-math-answer\">\n\n<p>Yes, options include medications like <strong>minoxidil and finasteride<\/strong>, PRP therapy, and hair transplants<\/p>\n\n<\/div>\n<\/div>\n<div id=\"faq-question-17745274517630.792909443356814\" class=\"rank-math-list-item\">\n<h3 class=\"rank-math-question\">How can I tell if my hair loss is normal or a sign of balding<\/h3>\n<div class=\"rank-math-answer\">\n\n<p>Normal shedding is <strong>50\u2013100 hairs daily<\/strong>, while balding shows <strong>patterned thinning and slow regrowth<\/strong><\/p>\n\n<\/div>\n<\/div>\n<div id=\"faq-question-17745274517630.22865683424215122\" class=\"rank-math-list-item\">\n<h3 class=\"rank-math-question\">What is the best way to address early-onset baldness<\/h3>\n<div class=\"rank-math-answer\">\n\n<p>Start <strong>early treatment, improve diet, reduce stress, and consult a specialist<\/strong> for personalized care<\/p>\n\n<\/div>\n<\/div>\n<\/div>\n<\/div>\n\n\n<h2 class=\"wp-block-heading\">Referanslar<\/h2>\n\n\n\n<p>Ulusal Biyoteknoloji Bilgi Merkezi. Kan\u0131ta Dayal\u0131 T\u0131bbi \u00d6ng\u00f6r\u00fc. Eri\u015fim adresi <a href=\"https:\/\/pmc.ncbi.nlm.nih.gov\/articles\/PMC8163911\/\" data-type=\"URL\" data-id=\"https:\/\/pmc.ncbi.nlm.nih.gov\/articles\/PMC8163911\/\" target=\"_blank\" rel=\"noopener\">https:\/\/pmc.ncbi.nlm.nih.gov\/articles\/PMC8163911\/<\/a><\/p>","protected":false},"excerpt":{"rendered":"<p>Scaly patches on the scalp are a big worry for millions around the world. They often show signs of psoriasis, a chronic autoimmune disease. This condition hits about 2 to 3 percent of people globally, with scalp issues being very common. Heal scaly patches on scalp with amazing fixes. Use powerful, incredible secrets to stop [&hellip;]<\/p>","protected":false},"author":13,"featured_media":22896,"comment_status":"closed","ping_status":"closed","sticky":false,"template":"","format":"standard","meta":{"footnotes":"","rank_math_title":"","rank_math_description":"Heal scaly patches on scalp with amazing fixes. Use powerful, incredible secrets to stop scary itching and achieve incredibly healthy skin.","rank_math_canonical_url":"","rank_math_focus_keyword":"scaly patches on scalp,health,tratment,symptoms"},"categories":[14],"tags":[2253,2059,2090,3642,1925],"class_list":["post-20037","post","type-post","status-publish","format-standard","has-post-thumbnail","hentry","category-hair","tag-healing","tag-health","tag-relief","tag-scaly-scalp","tag-skin-care"],"_links":{"self":[{"href":"https:\/\/goldcityhair.com\/tr\/wp-json\/wp\/v2\/posts\/20037","targetHints":{"allow":["GET"]}}],"collection":[{"href":"https:\/\/goldcityhair.com\/tr\/wp-json\/wp\/v2\/posts"}],"about":[{"href":"https:\/\/goldcityhair.com\/tr\/wp-json\/wp\/v2\/types\/post"}],"author":[{"embeddable":true,"href":"https:\/\/goldcityhair.com\/tr\/wp-json\/wp\/v2\/users\/13"}],"replies":[{"embeddable":true,"href":"https:\/\/goldcityhair.com\/tr\/wp-json\/wp\/v2\/comments?post=20037"}],"version-history":[{"count":4,"href":"https:\/\/goldcityhair.com\/tr\/wp-json\/wp\/v2\/posts\/20037\/revisions"}],"predecessor-version":[{"id":25494,"href":"https:\/\/goldcityhair.com\/tr\/wp-json\/wp\/v2\/posts\/20037\/revisions\/25494"}],"wp:featuredmedia":[{"embeddable":true,"href":"https:\/\/goldcityhair.com\/tr\/wp-json\/wp\/v2\/media\/22896"}],"wp:attachment":[{"href":"https:\/\/goldcityhair.com\/tr\/wp-json\/wp\/v2\/media?parent=20037"}],"wp:term":[{"taxonomy":"category","embeddable":true,"href":"https:\/\/goldcityhair.com\/tr\/wp-json\/wp\/v2\/categories?post=20037"},{"taxonomy":"post_tag","embeddable":true,"href":"https:\/\/goldcityhair.com\/tr\/wp-json\/wp\/v2\/tags?post=20037"}],"curies":[{"name":"wp","href":"https:\/\/api.w.org\/{rel}","templated":true}]}}