{"id":20038,"date":"2026-02-23T04:40:09","date_gmt":"2026-02-23T03:40:09","guid":{"rendered":"https:\/\/goldcityhair.com\/?p=20038"},"modified":"2026-03-09T06:49:59","modified_gmt":"2026-03-09T05:49:59","slug":"kafa-derisi-sorunlari-korkutucu-gercek-guclu-cozum","status":"publish","type":"post","link":"https:\/\/goldcityhair.com\/tr\/sac\/kafa-derisi-sorunlari-korkutucu-gercek-guclu-cozum\/","title":{"rendered":"Sa\u00e7 Derisi Sorunlar\u0131: Korkun\u00e7 Ger\u00e7ek ve G\u00fc\u00e7l\u00fc \u00c7\u00f6z\u00fcm"},"content":{"rendered":"<figure class=\"wp-block-image size-large\"><img fetchpriority=\"high\" decoding=\"async\" width=\"1024\" height=\"683\" src=\"https:\/\/goldcityhair.com\/wp-content\/uploads\/2026\/02\/image_1-332-1024x683.webp\" alt=\"Sa\u00e7 Derisi Sorunlar\u0131: Korkun\u00e7 Ger\u00e7ek ve G\u00fc\u00e7l\u00fc \u00c7\u00f6z\u00fcm\" class=\"wp-image-22903\" srcset=\"https:\/\/goldcityhair.com\/wp-content\/uploads\/2026\/02\/image_1-332-1024x683.webp 1024w, https:\/\/goldcityhair.com\/wp-content\/uploads\/2026\/02\/image_1-332-300x200.webp 300w, https:\/\/goldcityhair.com\/wp-content\/uploads\/2026\/02\/image_1-332-768x512.webp 768w, https:\/\/goldcityhair.com\/wp-content\/uploads\/2026\/02\/image_1-332-18x12.webp 18w, https:\/\/goldcityhair.com\/wp-content\/uploads\/2026\/02\/image_1-332.webp 1200w\" sizes=\"(max-width: 1024px) 100vw, 1024px\" \/><\/figure>\n\n\n\n<p>Sa\u00e7 derisi sa\u011fl\u0131\u011f\u0131 genel sa\u011fl\u0131\u011f\u0131m\u0131z i\u00e7in \u00e7ok \u00f6nemlidir. D\u00fcnya \u00e7ap\u0131nda milyonlarca insan farkl\u0131 sa\u00e7 ve sa\u00e7 derisi sorunlar\u0131yla kar\u015f\u0131 kar\u015f\u0131yad\u0131r. Sa\u00e7l\u0131 deride \u00e7ok say\u0131da ya\u011f bezi ve sa\u00e7 folik\u00fcl\u00fc bulunur, bu da onu \u00e7e\u015fitli ko\u015fullara kar\u015f\u0131 savunmas\u0131z hale getirir.<\/p>\n\n\n\n<p>Korkutucu ger\u00e7ek ve g\u00fc\u00e7l\u00fc bir \u00e7\u00f6z\u00fcm ile kafa derisi sorunlar\u0131n\u0131 anlay\u0131n. Korkun\u00e7 tahri\u015fi durdurmak ve sa\u011fl\u0131\u011fa kavu\u015fmak i\u00e7in \u015fa\u015f\u0131rt\u0131c\u0131, inan\u0131lmaz yollar kullan\u0131n.<\/p>\n\n\n\n<p>Bu yayg\u0131n kafa derisi sorunlar\u0131n\u0131 bilmek, onlar\u0131 y\u00f6netmenin ilk ad\u0131m\u0131d\u0131r. Bir kafa derisi sorunlar\u0131 dermatolo\u011fu, bu sorunlar\u0131n \u00fcstesinden gelmek i\u00e7in ki\u015fiselle\u015ftirilmi\u015f bak\u0131m ve tavsiyeler sunabilir.<\/p>\n\n\n\n<h3 class=\"wp-block-heading\">\u00d6nemli \u00c7\u0131kar\u0131mlar<\/h3>\n\n\n\n<p>Sa\u00e7 derisi sa\u011fl\u0131\u011f\u0131 genel sa\u011fl\u0131\u011f\u0131m\u0131z i\u00e7in kilit \u00f6neme sahiptir.<\/p>\n\n\n\n<p>Hafiften \u015fiddetliye kadar bir\u00e7ok durum kafa derisini etkileyebilir.<\/p>\n\n\n\n<p>Bir dermatolog, kafa derisi rahats\u0131zl\u0131klar\u0131 i\u00e7in etkili tedavi sa\u011flayabilir.<\/p>\n\n\n\n<p>Nedenleri ve semptomlar\u0131 anlamak, kafa derisi sorunlar\u0131n\u0131 y\u00f6netmek i\u00e7in hayati \u00f6nem ta\u015f\u0131r.<\/p>\n\n\n\n<p>Sa\u00e7 ve kafa derisi sorunlar\u0131n\u0131n ele al\u0131nmas\u0131nda ki\u015fiye \u00f6zel bak\u0131m esast\u0131r.<\/p>\n\n\n\n<h2 class=\"wp-block-heading\">Sa\u00e7 Derisi Sorunlar\u0131n\u0131n Etkisini Anlamak<\/h2>\n\n\n\n<figure class=\"wp-block-image size-large\"><img decoding=\"async\" width=\"1024\" height=\"683\" src=\"https:\/\/goldcityhair.com\/wp-content\/uploads\/2026\/02\/image_2-329-1024x683.webp\" alt=\"Sa\u00e7 Derisi Sorunlar\u0131: Korkun\u00e7 Ger\u00e7ek ve G\u00fc\u00e7l\u00fc \u00c7\u00f6z\u00fcm\" class=\"wp-image-22904\" srcset=\"https:\/\/goldcityhair.com\/wp-content\/uploads\/2026\/02\/image_2-329-1024x683.webp 1024w, https:\/\/goldcityhair.com\/wp-content\/uploads\/2026\/02\/image_2-329-300x200.webp 300w, https:\/\/goldcityhair.com\/wp-content\/uploads\/2026\/02\/image_2-329-768x512.webp 768w, https:\/\/goldcityhair.com\/wp-content\/uploads\/2026\/02\/image_2-329-18x12.webp 18w, https:\/\/goldcityhair.com\/wp-content\/uploads\/2026\/02\/image_2-329.webp 1200w\" sizes=\"(max-width: 1024px) 100vw, 1024px\" \/><\/figure>\n\n\n\n<p>Sa\u00e7 derimizin sa\u011fl\u0131\u011f\u0131 genel sa\u011fl\u0131\u011f\u0131m\u0131z\u0131n anahtar\u0131d\u0131r. Sa\u00e7 b\u00fcy\u00fcmesini ve konforunu etkiler. Sa\u011fl\u0131kl\u0131 bir kafa derisi sa\u00e7\u0131n iyi uzamas\u0131 i\u00e7in hayati \u00f6nem ta\u015f\u0131r ve kafa derisi sorunlar\u0131 k\u0131zar\u0131kl\u0131k, \u015fi\u015flik ve sa\u00e7 d\u00f6k\u00fclmesi gibi semptomlara neden olabilir.<\/p>\n\n\n\n<p>Sa\u00e7 derisi sorunlar\u0131 hafif pullanmadan ciddi sa\u00e7 d\u00f6k\u00fclmesine ve iltihapl\u0131 rahats\u0131zl\u0131klara kadar \u00e7e\u015fitlilik g\u00f6sterir. Bu sorunlar bir\u00e7ok insan\u0131 etkiler. Genetik, \u00e7evre ve ya\u015fam tarz\u0131 se\u00e7imlerinden kaynaklanabilirler.<\/p>\n\n\n\n<h3 class=\"wp-block-heading\">Sa\u00e7 Derisi Sorunlar\u0131n\u0131n Yayg\u0131nl\u0131\u011f\u0131<\/h3>\n\n\n\n<p>Sa\u00e7 derisi sorunlar\u0131 insanlar\u0131n d\u00fc\u015f\u00fcnd\u00fc\u011f\u00fcnden daha yayg\u0131nd\u0131r. Kepek, seboreik dermatit ve sedef hastal\u0131\u011f\u0131 gibi durumlar yayg\u0131nd\u0131r. Bunlar rahats\u0131zl\u0131\u011fa neden olabilir ve ki\u015finin ya\u015fam kalitesini etkileyebilir.<\/p>\n\n\n\n<p>Dermatolojik \u00e7al\u0131\u015fmalar bir\u00e7ok insan\u0131n kafa derisi problemleriyle kar\u015f\u0131la\u015ft\u0131\u011f\u0131n\u0131 g\u00f6stermektedir. \u00d6rne\u011fin kepek, belirli ya\u015f gruplar\u0131nda daha fazla olmak \u00fczere yayg\u0131nd\u0131r.<\/p>\n\n\n\n<h3 class=\"wp-block-heading\">Sa\u00e7 Derisi Sa\u011fl\u0131\u011f\u0131 Genel Sa\u011fl\u0131\u011f\u0131 Nas\u0131l Etkiler?<\/h3>\n\n\n\n<p>Sa\u00e7 derisi sa\u011fl\u0131\u011f\u0131 genel sa\u011fl\u0131kla ba\u011flant\u0131l\u0131d\u0131r. Sa\u00e7 derisi rahats\u0131zl\u0131klar\u0131 ka\u015f\u0131nt\u0131, k\u0131zar\u0131kl\u0131k ve sa\u00e7 d\u00f6k\u00fclmesi gibi rahats\u0131zl\u0131klara neden olabilir. Bu durum \u00f6zg\u00fcveni ve ya\u015fam kalitesini d\u00fc\u015f\u00fcrebilir. Baz\u0131 kafa derisi rahats\u0131zl\u0131klar\u0131 sistemik sa\u011fl\u0131k sorunlar\u0131yla ba\u011flant\u0131l\u0131d\u0131r, bu da kafa derisi sa\u011fl\u0131\u011f\u0131n\u0131 genel sa\u011fl\u0131k bak\u0131m\u0131 i\u00e7in \u00f6nemli hale getirir.<\/p>\n\n\n\n<p>Etkili kafa derisi bozukluklar\u0131 tedavisi ve cilt ve kafa derisi ko\u015fullar\u0131n\u0131n y\u00f6netimi \u00e7ok \u00f6nemlidir. Nedenleri ve semptomlar\u0131 anlamak, do\u011fru kafa derisi sorunlar\u0131n\u0131 ve tedavilerini bulman\u0131n ilk ad\u0131m\u0131d\u0131r.<\/p>\n\n\n\n<p>\u0130nsanlar kafa derisi sa\u011fl\u0131\u011f\u0131na odaklanarak semptomlar\u0131 hafifletebilir ve ciddi durumlar\u0131 \u00f6nleyebilir. Sa\u00e7 derisi hastal\u0131\u011f\u0131n\u0131n belirtilerini bilmek ve te\u015fhis ve tedavi i\u00e7in profesyonel tavsiye almak \u00f6nemlidir.<\/p>\n\n\n\n<p>Sonu\u00e7 olarak, kafa derisi sorunlar\u0131n\u0131 anlamak genel sa\u011fl\u0131k ve refah i\u00e7in hayati \u00f6nem ta\u015f\u0131maktad\u0131r. Kafa derisi sorunlar\u0131n\u0131n yayg\u0131nl\u0131\u011f\u0131n\u0131 ve etkilerini bilmek, bireylerin kafa derisi sa\u011fl\u0131klar\u0131n\u0131 y\u00f6netmelerine ve ya\u015fam kalitelerini art\u0131rmalar\u0131na yard\u0131mc\u0131 olur.<\/p>\n\n\n\n<p>&nbsp;<\/p>\n\n\n\n<figure class=\"wp-block-image size-large\"><img decoding=\"async\" width=\"1024\" height=\"683\" src=\"https:\/\/goldcityhair.com\/wp-content\/uploads\/2026\/02\/image_3-301-1024x683.webp\" alt=\"Sa\u00e7 Derisi Sorunlar\u0131: Korkun\u00e7 Ger\u00e7ek ve G\u00fc\u00e7l\u00fc \u00c7\u00f6z\u00fcm\" class=\"wp-image-22905\" srcset=\"https:\/\/goldcityhair.com\/wp-content\/uploads\/2026\/02\/image_3-301-1024x683.webp 1024w, https:\/\/goldcityhair.com\/wp-content\/uploads\/2026\/02\/image_3-301-300x200.webp 300w, https:\/\/goldcityhair.com\/wp-content\/uploads\/2026\/02\/image_3-301-768x512.webp 768w, https:\/\/goldcityhair.com\/wp-content\/uploads\/2026\/02\/image_3-301-18x12.webp 18w, https:\/\/goldcityhair.com\/wp-content\/uploads\/2026\/02\/image_3-301.webp 1200w\" sizes=\"(max-width: 1024px) 100vw, 1024px\" \/><\/figure>\n\n\n\n<p>Sa\u00e7 derisi bir\u00e7ok iltihapl\u0131 sorunla kar\u015f\u0131 kar\u015f\u0131ya kalabilir ve bu da \u00e7ok fazla rahats\u0131zl\u0131\u011fa neden olabilir. Bu sorunlar genetik, \u00e7evre ve ba\u011f\u0131\u015f\u0131kl\u0131k sistemimizden kaynaklan\u0131r. Bu ko\u015fullar\u0131 bilmek, onlar\u0131 daha iyi y\u00f6netmemize ve tedavi etmemize yard\u0131mc\u0131 olur.<\/p>\n\n\n\n<h3 class=\"wp-block-heading\">Kepek ve Seboreik Dermatit<\/h3>\n\n\n\n<p>Kepek ve seboreik dermatit yayg\u0131n kafa derisi problemleridir. Sa\u00e7 derisinin \u00e7ok fazla deri h\u00fccresi \u00fcretmesine ve iltihaplanmas\u0131na neden olurlar. Belirtiler aras\u0131nda pullanma, k\u0131zar\u0131kl\u0131k ve tahri\u015f yer al\u0131r. Bu sorunlar genellikle kafa derisindeki \u00e7ok fazla mayadan kaynaklan\u0131r. Tedavi genellikle antifungal ila\u00e7lar\u0131 ve \u00f6zel \u015fampuanlar\u0131 i\u00e7erir.<\/p>\n\n\n\n<p>Seboreik dermatit, y\u00fcz ve kulaklar gibi di\u011fer ya\u011fl\u0131 v\u00fccut b\u00f6lgelerini de etkileyebilir. Bu sorunlar\u0131n \u00fcstesinden gelmek i\u00e7in ya\u015fam tarz\u0131m\u0131z\u0131 de\u011fi\u015ftirmemiz ve topikal tedaviler kullanmam\u0131z gerekir.<\/p>\n\n\n\n<h3 class=\"wp-block-heading\">Sa\u00e7l\u0131 Deride Sedef Hastal\u0131\u011f\u0131<\/h3>\n\n\n\n<p>Sedef hastal\u0131\u011f\u0131, kafa derisini etkileyerek kal\u0131n pullanmalara ve iltihaplanmaya neden olabilen kronik bir durumdur. Kafa derisi sedef hastal\u0131\u011f\u0131n\u0131n tedavisi zordur \u00e7\u00fcnk\u00fc kafa derisi \u00e7ok hassast\u0131r. Tedavi topikal kortikosteroidleri, \u0131\u015f\u0131k tedavisini ve t\u00fcm v\u00fccudu etkileyen ila\u00e7lar\u0131 i\u00e7erir.<\/p>\n\n\n\n<h3 class=\"wp-block-heading\">Liken Planopilaris<\/h3>\n\n\n\n<p>Liken planopilaris, kafa derisinde yara izli sa\u00e7 d\u00f6k\u00fclmesine neden olan nadir bir durumdur. Otoimm\u00fcn bir sorun oldu\u011fu d\u00fc\u015f\u00fcn\u00fclmektedir. Tedavide iltihab\u0131 azaltmak ve sa\u00e7 d\u00f6k\u00fclmesini durdurmak i\u00e7in ba\u011f\u0131\u015f\u0131kl\u0131k sistemini bask\u0131layan ila\u00e7lar kullan\u0131l\u0131r.<\/p>\n\n\n\n<p>Do\u011fru tedavi i\u00e7in bu kafa derisi rahats\u0131zl\u0131klar\u0131 aras\u0131ndaki farklar\u0131 bilmek \u00e7ok \u00f6nemlidir. \u0130\u015fte her bir durumun ana noktalar\u0131n\u0131 \u00f6zetleyen bir tablo:<\/p>\n\n\n\n<p>Bu kafa derisi sorunlar\u0131n\u0131n nedenlerini, semptomlar\u0131n\u0131 ve tedavilerini bilerek, onlar\u0131 daha iyi y\u00f6netebiliriz. Bu da kafa derisi sa\u011fl\u0131\u011f\u0131m\u0131z\u0131 iyile\u015ftirmeye yard\u0131mc\u0131 olur.<\/p>\n\n\n\n<h2 class=\"wp-block-heading\">Enfeksiy\u00f6z ve Folik\u00fcler Sa\u00e7 Derisi Hastal\u0131klar\u0131<\/h2>\n\n\n\n<p>Enfeksiy\u00f6z ve folik\u00fcler kafa derisi rahats\u0131zl\u0131klar\u0131 hakk\u0131nda bilgi sahibi olmak \u00f6nemlidir. Tedavi edilmezlerse rahats\u0131zl\u0131\u011fa, sa\u00e7 d\u00f6k\u00fclmesine ve daha fazlas\u0131na neden olabilirler. Bunlar\u0131 anlamak, kafa derisi sorunlar\u0131n\u0131n te\u015fhis ve tedavisine yard\u0131mc\u0131 olur.<\/p>\n\n\n\n<h3 class=\"wp-block-heading\">Mantar Enfeksiyonlar\u0131 (Tinea Capitis)<\/h3>\n\n\n\n<p>Tinea capitis gibi mantar enfeksiyonlar\u0131 sa\u00e7 d\u00f6k\u00fclmesine ve rahats\u0131zl\u0131\u011fa yol a\u00e7abilir. Tinea capitis veya kafa derisinde sa\u00e7k\u0131ran, kolayca yay\u0131l\u0131r ve oral antifungal ila\u00e7larla h\u0131zl\u0131 tedavi gerektirir.<\/p>\n\n\n\n<p>Tinea capitis'in ba\u015fl\u0131ca belirtileri \u015funlard\u0131r:<\/p>\n\n\n\n<p>Yama \u015feklinde sa\u00e7 d\u00f6k\u00fclmesi<\/p>\n\n\n\n<p>K\u0131zar\u0131kl\u0131k ve iltihaplanma<\/p>\n\n\n\n<p>Kafa derisinde kabuklanma veya pullanma<\/p>\n\n\n\n<h3 class=\"wp-block-heading\">Folik\u00fclit<\/h3>\n\n\n\n<p>Folik\u00fclit, sa\u00e7 folik\u00fcllerinin iltihaplanmas\u0131 veya enfeksiyonudur. Bakteri veya mantardan kaynaklanabilir. Belirtileri aras\u0131nda kafa derisinde k\u0131rm\u0131z\u0131 \u015fi\u015flikler, ka\u015f\u0131nt\u0131 ve irin dolu yumrular yer al\u0131r.<\/p>\n\n\n\n<p>Folik\u00fclitin etkili y\u00f6netimi \u015funlar\u0131 i\u00e7erir:<\/p>\n\n\n\n<p>\u0130yi bir sa\u00e7 derisi hijyeni sa\u011flamak<\/p>\n\n\n\n<p>Antifungal veya antibakteriyel tedavilerin re\u00e7ete edildi\u011fi \u015fekilde kullan\u0131lmas\u0131<\/p>\n\n\n\n<p>Ki\u015fisel bak\u0131m malzemelerini payla\u015fmaktan ka\u00e7\u0131nma<\/p>\n\n\n\n<h3 class=\"wp-block-heading\">Sa\u00e7 D\u00f6k\u00fclmesi ve \u0130ncelmesi<\/h3>\n\n\n\n<p>Sa\u00e7 d\u00f6k\u00fclmesi ve incelmesi \u00e7e\u015fitli kafa derisi rahats\u0131zl\u0131klar\u0131ndan kaynaklanabilir. Nedenini bilmek etkili tedavinin anahtar\u0131d\u0131r.<\/p>\n\n\n\n<p>Sa\u00e7 d\u00f6k\u00fclmesi ve incelmesinin nedenleri aras\u0131nda \u015funlar yer al\u0131r:<\/p>\n\n\n\n<p>Temel nedeni tedavi etmek, sa\u00e7 d\u00f6k\u00fclmesini durdurmak ve sa\u00e7lar\u0131n yeniden uzamas\u0131na yard\u0131mc\u0131 olmak i\u00e7in hayati \u00f6nem ta\u015f\u0131r.<\/p>\n\n\n\n<h2 class=\"wp-block-heading\">Sonu\u00e7<\/h2>\n\n\n\n<p>Kafa derisi sorunlar\u0131na neyin neden oldu\u011funu bilmek, bu sorunlar\u0131 tedavi etmenin ve sa\u00e7\u0131n\u0131z\u0131 sa\u011fl\u0131kl\u0131 tutman\u0131n anahtar\u0131d\u0131r. Kepek, sedef hastal\u0131\u011f\u0131 ve mantar enfeksiyonlar\u0131 gibi sorunlar hayat\u0131n\u0131z\u0131 ger\u00e7ekten etkileyebilir.<\/p>\n\n\n\n<p>Sa\u00e7 derisi sa\u011fl\u0131\u011f\u0131 genel sa\u011fl\u0131\u011f\u0131n\u0131zla ba\u011flant\u0131l\u0131d\u0131r. Sa\u00e7 ve sa\u00e7 derisi sorunlar\u0131n\u0131 h\u0131zl\u0131 bir \u015fekilde ele almak \u00f6nemlidir. Bu \u015fekilde daha b\u00fcy\u00fck sorunlardan ka\u00e7\u0131nabilirsiniz.<\/p>\n\n\n\n<p>\u0130yi bir sa\u00e7 derisi bak\u0131m\u0131 ve bazen t\u0131bbi yard\u0131m sa\u00e7 derisi sorunlar\u0131n\u0131 \u00e7\u00f6zebilir. Yayg\u0131n sa\u00e7 derisi sorunlar\u0131na y\u00f6nelik tedaviler hakk\u0131nda bilgi sahibi olmak sa\u00e7 derinizin sa\u011fl\u0131kl\u0131 kalmas\u0131na yard\u0131mc\u0131 olur.<\/p>\n\n\n\n<p>Kafa derisi sa\u011fl\u0131\u011f\u0131na odaklanarak bir\u00e7ok kafa derisi sorunundan ka\u00e7\u0131nabilir ve sa\u00e7\u0131n\u0131z\u0131 m\u00fckemmel durumda tutabilirsiniz. Nedenleri ve semptomlar\u0131 anlamak ve bunlar\u0131 nas\u0131l tedavi edece\u011finizi bilmek \u00e7ok \u00f6nemlidir.<\/p>\n\n\n\n<h2 class=\"wp-block-heading\">SSS<\/h2>\n\n\n<div id=\"rank-math-faq\" class=\"rank-math-block\">\n<div class=\"rank-math-list\">\n<div id=\"faq-question-17721673269890.5031874723514129\" class=\"rank-math-list-item\">\n<h3 class=\"rank-math-question\">En yayg\u0131n sa\u00e7 derisi sorunlar\u0131 nelerdir?<\/h3>\n<div class=\"rank-math-answer\">\n\n<p>Yayg\u0131n kafa derisi sorunlar\u0131 \u015funlard\u0131r <strong>kepek, seboreik dermatit, sedef hastal\u0131\u011f\u0131, mantar enfeksiyonlar\u0131, folik\u00fclit, kafa derisi egzamas\u0131 ve sa\u00e7 d\u00f6k\u00fclmesi<\/strong>.<\/p>\n\n<\/div>\n<\/div>\n<div id=\"faq-question-17721673269890.8388887678629415\" class=\"rank-math-list-item\">\n<h3 class=\"rank-math-question\">Sa\u00e7 derisi sorunlar\u0131 genel sa\u011fl\u0131k durumunu nas\u0131l etkiler?<\/h3>\n<div class=\"rank-math-answer\">\n\n<p>Sa\u00e7 derisi sorunlar\u0131 \u015funlara neden olabilir <strong>ka\u015f\u0131nt\u0131, a\u011fr\u0131, iltihaplanma, stres, uyku bozuklu\u011fu ve \u00f6zg\u00fcven sorunlar\u0131<\/strong>, Bu da hem fiziksel hem de ruhsal sa\u011fl\u0131\u011f\u0131 etkilemektedir.<\/p>\n\n<\/div>\n<\/div>\n<div id=\"faq-question-17721673269890.7325702365131697\" class=\"rank-math-list-item\">\n<h3 class=\"rank-math-question\">Kepek ve seboreik dermatit aras\u0131ndaki fark nedir?<\/h3>\n<div class=\"rank-math-answer\">\n\n<p>Kepek <strong>belirgin k\u0131zar\u0131kl\u0131k olmadan hafif pullanma<\/strong>, seboreik dermatit ise \u015funlar\u0131 i\u00e7erir <strong>daha kal\u0131n pullar i\u00e7eren k\u0131rm\u0131z\u0131, iltihapl\u0131, ya\u011fl\u0131 yamalar<\/strong>.<\/p>\n\n<\/div>\n<\/div>\n<div id=\"faq-question-17721673269890.15087940047723558\" class=\"rank-math-list-item\">\n<h3 class=\"rank-math-question\">Sa\u00e7l\u0131 deride sedef hastal\u0131\u011f\u0131n\u0131n belirtileri nelerdir?<\/h3>\n<div class=\"rank-math-answer\">\n\n<p>Belirtiler \u015funlar\u0131 i\u00e7erir <strong>kal\u0131n g\u00fcm\u00fc\u015fi pullar, k\u0131zar\u0131kl\u0131k, ka\u015f\u0131nt\u0131, a\u011fr\u0131 ve bazen ge\u00e7ici sa\u00e7 d\u00f6k\u00fclmesi<\/strong> alevlenmeler s\u0131ras\u0131nda.<\/p>\n\n<\/div>\n<\/div>\n<div id=\"faq-question-17721673269890.6176605425854061\" class=\"rank-math-list-item\">\n<h3 class=\"rank-math-question\">Liken planopilaris nas\u0131l tedavi edilir?<\/h3>\n<div class=\"rank-math-answer\">\n\n<p>Tedavi genellikle \u015funlar\u0131 i\u00e7erir <strong>topikal veya oral kortikosteroidler, imm\u00fcnomod\u00fclat\u00f6rler ve anti-enflamatuar ila\u00e7lar<\/strong> iltihaplanmay\u0131 azaltmak ve kal\u0131c\u0131 sa\u00e7 d\u00f6k\u00fclmesini \u00f6nlemek i\u00e7in.<\/p>\n\n<\/div>\n<\/div>\n<div id=\"faq-question-17721673269890.6465113228215744\" class=\"rank-math-list-item\">\n<h3 class=\"rank-math-question\">Sa\u00e7l\u0131 derideki mantar enfeksiyonlar\u0131n\u0131n nedenleri nelerdir?<\/h3>\n<div class=\"rank-math-answer\">\n\n<p>Mantar enfeksiyonlar\u0131, \u00f6rne\u011fin <strong>tinea capitis<\/strong>, neden olur <strong>dermatofit mantarlar<\/strong>, genellikle do\u011frudan temas veya kontamine nesneler yoluyla yay\u0131l\u0131r.<\/p>\n\n<\/div>\n<\/div>\n<div id=\"faq-question-17721673269890.5954976607760438\" class=\"rank-math-list-item\">\n<h3 class=\"rank-math-question\">Folik\u00fclit nas\u0131l tedavi edilir?<\/h3>\n<div class=\"rank-math-answer\">\n\n<p>Folik\u00fclit \u015fu y\u00f6ntemlerle tedavi edilir <strong>antibakteriyel veya antifungal tedaviler, uygun kafa derisi hijyeni, tahri\u015ften ka\u00e7\u0131nma ve s\u0131cak kompresler<\/strong> hafif vakalarda.<\/p>\n\n<\/div>\n<\/div>\n<div id=\"faq-question-17721673269890.16182192904672854\" class=\"rank-math-list-item\">\n<h3 class=\"rank-math-question\">Kafa derisi rahats\u0131zl\u0131klar\u0131ndan kaynaklanan sa\u00e7 d\u00f6k\u00fclmesi ve seyrelmesi i\u00e7in tedaviler nelerdir?<\/h3>\n<div class=\"rank-math-answer\">\n\n<p>Tedaviler \u015funlar\u0131 i\u00e7erir <strong>Altta yatan kafa derisi sorununun ele al\u0131nmas\u0131, topikal minoksidil, d\u00fc\u015f\u00fck seviyeli lazer tedavisi, PRP tedavisi veya ciddi vakalarda sa\u00e7 ekimi<\/strong>.<\/p>\n\n<\/div>\n<\/div>\n<div id=\"faq-question-17721673269890.35546436441122253\" class=\"rank-math-list-item\">\n<h3 class=\"rank-math-question\">Sa\u011fl\u0131kl\u0131 bir sa\u00e7 derisini nas\u0131l koruyabilirim?<\/h3>\n<div class=\"rank-math-answer\">\n\n<p>Sa\u011fl\u0131kl\u0131 bir sa\u00e7 derisi i\u00e7in <strong>nazik \u015fampuanlar kullanmak, nemlendirmek, sert kimyasallardan ka\u00e7\u0131nmak, stresi y\u00f6netmek ve dengeli beslenmek<\/strong>.<\/p>\n\n<\/div>\n<\/div>\n<div id=\"faq-question-17721673269890.35530985547910576\" class=\"rank-math-list-item\">\n<h3 class=\"rank-math-question\">Sa\u00e7 derisi sa\u011fl\u0131\u011f\u0131n\u0131 ihmal etmenin olas\u0131 sonu\u00e7lar\u0131 nelerdir?<\/h3>\n<div class=\"rank-math-answer\">\n\n<p>Sa\u00e7 derisi sa\u011fl\u0131\u011f\u0131n\u0131 ihmal etmek \u015funlara yol a\u00e7abilir <strong>kal\u0131c\u0131 ka\u015f\u0131nt\u0131, iltihaplanma, enfeksiyonlar, h\u0131zland\u0131r\u0131lm\u0131\u015f sa\u00e7 d\u00f6k\u00fclmesi ve baz\u0131 durumlarda kal\u0131c\u0131 yara izi veya kel noktalar<\/strong>.<\/p>\n\n<\/div>\n<\/div>\n<\/div>\n<\/div>\n\n\n<h2 class=\"wp-block-heading\">Referanslar<\/h2>\n\n\n\n<p>Ulusal Biyoteknoloji Bilgi Merkezi. Kan\u0131ta Dayal\u0131 T\u0131bbi \u00d6ng\u00f6r\u00fc. Eri\u015fim adresi <a href=\"https:\/\/pmc.ncbi.nlm.nih.gov\/articles\/PMC6369642\/\" data-type=\"URL\" data-id=\"https:\/\/pmc.ncbi.nlm.nih.gov\/articles\/PMC6369642\/\" target=\"_blank\" rel=\"noopener\">https:\/\/pmc.ncbi.nlm.nih.gov\/articles\/PMC6369642\/<\/a><\/p>\n\n\n\n<p><\/p>","protected":false},"excerpt":{"rendered":"<p>Scalp health is very important for our overall well-being. Millions of people worldwide face different hair and scalp problems. The scalp has many sebaceous glands and hair follicles, making it vulnerable to various conditions. Understand scalp issues with the scary truth and a powerful fix. Use amazing, incredible ways to stop scary irritation and achieve [&hellip;]<\/p>","protected":false},"author":13,"featured_media":22903,"comment_status":"closed","ping_status":"closed","sticky":false,"template":"","format":"standard","meta":{"footnotes":"","rank_math_title":"","rank_math_description":"Understand scalp issues with the scary truth and a powerful fix. Use amazing, incredible ways to stop scary irritation and achieve health.","rank_math_canonical_url":"","rank_math_focus_keyword":"scalp issues"},"categories":[14],"tags":[93,2059,2090,3643,1925],"class_list":["post-20038","post","type-post","status-publish","format-standard","has-post-thumbnail","hentry","category-hair","tag-hair-care","tag-health","tag-relief","tag-scalp-issues","tag-skin-care"],"_links":{"self":[{"href":"https:\/\/goldcityhair.com\/tr\/wp-json\/wp\/v2\/posts\/20038","targetHints":{"allow":["GET"]}}],"collection":[{"href":"https:\/\/goldcityhair.com\/tr\/wp-json\/wp\/v2\/posts"}],"about":[{"href":"https:\/\/goldcityhair.com\/tr\/wp-json\/wp\/v2\/types\/post"}],"author":[{"embeddable":true,"href":"https:\/\/goldcityhair.com\/tr\/wp-json\/wp\/v2\/users\/13"}],"replies":[{"embeddable":true,"href":"https:\/\/goldcityhair.com\/tr\/wp-json\/wp\/v2\/comments?post=20038"}],"version-history":[{"count":3,"href":"https:\/\/goldcityhair.com\/tr\/wp-json\/wp\/v2\/posts\/20038\/revisions"}],"predecessor-version":[{"id":23504,"href":"https:\/\/goldcityhair.com\/tr\/wp-json\/wp\/v2\/posts\/20038\/revisions\/23504"}],"wp:featuredmedia":[{"embeddable":true,"href":"https:\/\/goldcityhair.com\/tr\/wp-json\/wp\/v2\/media\/22903"}],"wp:attachment":[{"href":"https:\/\/goldcityhair.com\/tr\/wp-json\/wp\/v2\/media?parent=20038"}],"wp:term":[{"taxonomy":"category","embeddable":true,"href":"https:\/\/goldcityhair.com\/tr\/wp-json\/wp\/v2\/categories?post=20038"},{"taxonomy":"post_tag","embeddable":true,"href":"https:\/\/goldcityhair.com\/tr\/wp-json\/wp\/v2\/tags?post=20038"}],"curies":[{"name":"wp","href":"https:\/\/api.w.org\/{rel}","templated":true}]}}