{"id":20039,"date":"2026-02-23T04:40:09","date_gmt":"2026-02-23T03:40:09","guid":{"rendered":"https:\/\/goldcityhair.com\/?p=20039"},"modified":"2026-03-09T06:50:11","modified_gmt":"2026-03-09T05:50:11","slug":"kafa-derisindeki-pul-pul-yamalar-inanilmaz-sonuclar","status":"publish","type":"post","link":"https:\/\/goldcityhair.com\/tr\/sac\/kafa-derisindeki-pul-pul-yamalar-inanilmaz-sonuclar\/","title":{"rendered":"Sa\u00e7 Derisinde Pul Pul Yamalar: \u015ea\u015f\u0131rt\u0131c\u0131 Sonu\u00e7lar"},"content":{"rendered":"<figure class=\"wp-block-image size-large\"><img fetchpriority=\"high\" decoding=\"async\" width=\"1024\" height=\"683\" src=\"https:\/\/goldcityhair.com\/wp-content\/uploads\/2026\/02\/image_1-96-1024x683.webp\" alt=\"Sa\u00e7 Derisinde Pul Pul Yamalar: \u015ea\u015f\u0131rt\u0131c\u0131 Sonu\u00e7lar\" class=\"wp-image-21624\" srcset=\"https:\/\/goldcityhair.com\/wp-content\/uploads\/2026\/02\/image_1-96-1024x683.webp 1024w, https:\/\/goldcityhair.com\/wp-content\/uploads\/2026\/02\/image_1-96-300x200.webp 300w, https:\/\/goldcityhair.com\/wp-content\/uploads\/2026\/02\/image_1-96-768x512.webp 768w, https:\/\/goldcityhair.com\/wp-content\/uploads\/2026\/02\/image_1-96-18x12.webp 18w, https:\/\/goldcityhair.com\/wp-content\/uploads\/2026\/02\/image_1-96.webp 1200w\" sizes=\"(max-width: 1024px) 100vw, 1024px\" \/><\/figure>\n\n\n\n<p>B\u00fcy\u00fck pul pul lekeler g\u00f6rmek \u00fcz\u00fcc\u00fc olabilir. Ancak bunun kepek mi yoksa sedef hastal\u0131\u011f\u0131 m\u0131 oldu\u011funu bilmek, sorunu \u00e7\u00f6zmenin anahtar\u0131d\u0131r.<\/p>\n\n\n\n<p>Sa\u00e7 derisindeki pul pul d\u00f6k\u00fclmeleri inan\u0131lmaz sonu\u00e7larla durdurun. Korkun\u00e7 ka\u015f\u0131nt\u0131ya son vermek ve inan\u0131lmaz bir sa\u00e7 derisi sa\u011fl\u0131\u011f\u0131 elde etmek i\u00e7in g\u00fc\u00e7l\u00fc, inan\u0131lmaz s\u0131rlar\u0131 kullan\u0131n.<\/p>\n\n\n\n<p>Bir\u00e7ok ki\u015fi kepek ve sedef hastal\u0131\u011f\u0131n\u0131 kar\u0131\u015ft\u0131r\u0131r, ancak farkl\u0131 tedavilere ihtiya\u00e7 duyarlar. Kepek, bir mantardan ve \u00e7ok fazla ya\u011fdan kaynaklan\u0131r ve beyaz veya sar\u0131 pullar olu\u015fturur. Otoimm\u00fcn bir sorun olan sedef hastal\u0131\u011f\u0131, kafa derisi b\u00f6lgesinin \u00f6tesine yay\u0131labilen b\u00fcy\u00fck pullarla kal\u0131n, g\u00fcm\u00fc\u015fi veya k\u0131rm\u0131z\u0131 lekeler yapar.<\/p>\n\n\n\n<p>Gold City Hair, sa\u00e7 deriniz i\u00e7in do\u011fru te\u015fhis ve bak\u0131m\u0131 sa\u011flayarak size odaklan\u0131r.<\/p>\n\n\n\n<h3 class=\"wp-block-heading\">\u00d6nemli \u00c7\u0131kar\u0131mlar<\/h3>\n\n\n\n<p>Kepek ve sedef hastal\u0131\u011f\u0131n\u0131 birbirinden ay\u0131rmak do\u011fru tedavi i\u00e7in \u00e7ok \u00f6nemlidir.<\/p>\n\n\n\n<p>Kepek, bir mantardan ve \u00e7ok fazla ya\u011fdan kaynaklan\u0131r.<\/p>\n\n\n\n<p>Sedef hastal\u0131\u011f\u0131 kal\u0131n, g\u00fcm\u00fc\u015fi veya k\u0131rm\u0131z\u0131 lekeler olu\u015fturan otoimm\u00fcn bir sorundur.<\/p>\n\n\n\n<p>Do\u011fru tan\u0131y\u0131 almak, durumunuzu y\u00f6netmek i\u00e7in hayati \u00f6nem ta\u015f\u0131r.<\/p>\n\n\n\n<p>Gold City Hair, kafa derisi sorunlar\u0131 i\u00e7in ki\u015fiselle\u015ftirilmi\u015f bak\u0131m sunar.<\/p>\n\n\n\n<h2 class=\"wp-block-heading\">Sa\u00e7 Derisinde Pul Pul Yamalar Olu\u015fmas\u0131n\u0131 Anlamak: Nedenleri ve Yayg\u0131nl\u0131\u011f\u0131<\/h2>\n\n\n\n<figure class=\"wp-block-image size-large\"><img decoding=\"async\" width=\"1024\" height=\"683\" src=\"https:\/\/goldcityhair.com\/wp-content\/uploads\/2026\/02\/image_2-98-1024x683.webp\" alt=\"Sa\u00e7 Derisinde Pul Pul Yamalar: \u015ea\u015f\u0131rt\u0131c\u0131 Sonu\u00e7lar\" class=\"wp-image-21625\" srcset=\"https:\/\/goldcityhair.com\/wp-content\/uploads\/2026\/02\/image_2-98-1024x683.webp 1024w, https:\/\/goldcityhair.com\/wp-content\/uploads\/2026\/02\/image_2-98-300x200.webp 300w, https:\/\/goldcityhair.com\/wp-content\/uploads\/2026\/02\/image_2-98-768x512.webp 768w, https:\/\/goldcityhair.com\/wp-content\/uploads\/2026\/02\/image_2-98-18x12.webp 18w, https:\/\/goldcityhair.com\/wp-content\/uploads\/2026\/02\/image_2-98.webp 1200w\" sizes=\"(max-width: 1024px) 100vw, 1024px\" \/><\/figure>\n\n\n\n<p>Kafa derisindeki pul pul yamalar rahats\u0131z edici ve utan\u00e7 verici olabilir. Genellikle nedenleri hakk\u0131nda kafa kar\u0131\u015f\u0131kl\u0131\u011f\u0131na yol a\u00e7arlar. Hem kepek hem de sedef hastal\u0131\u011f\u0131, pul pul sa\u00e7 derisi lekelerine neden olan yayg\u0131n durumlard\u0131r. Farkl\u0131 nedenleri vard\u0131r ve insanlar\u0131 farkl\u0131 \u015fekillerde etkilerler.<\/p>\n\n\n\n<p>Kepek, seboreik dermatitin hafif bir formudur. D\u00fcnya n\u00fcfusunun yakla\u015f\u0131k yar\u0131s\u0131n\u0131 bir noktada etkiler. Kafa derisinde Malassezia mayas\u0131n\u0131n a\u015f\u0131r\u0131 \u00e7o\u011falmas\u0131ndan kaynaklan\u0131r. Ya\u011fl\u0131 cilt, stres ve so\u011fuk hava kepe\u011fi daha da k\u00f6t\u00fcle\u015ftirerek g\u00f6zle g\u00f6r\u00fcl\u00fcr pullanmalara neden olabilir.<\/p>\n\n\n\n<h3 class=\"wp-block-heading\">Kepek: Mantar K\u00f6kenleri ve Ya\u011f \u00dcretimi<\/h3>\n\n\n\n<p>Kepek esas olarak \u00e7ok fazla Malassezia mayas\u0131ndan kaynaklan\u0131r. Bu maya kafa derisindeki ya\u011flar\u0131 yiyerek onlar\u0131 par\u00e7alar. Bu tahri\u015f, cilt h\u00fccrelerinin daha h\u0131zl\u0131 d\u00f6nmesini sa\u011flayarak pullanmaya yol a\u00e7ar.<\/p>\n\n\n\n<p>Ya\u011fl\u0131 cilde sahip ki\u015filerin kepeklenme olas\u0131l\u0131\u011f\u0131 daha y\u00fcksektir. Bunun nedeni, kafa derilerinin Malassezia mayas\u0131n\u0131n sevdi\u011fi daha fazla sebum \u00fcretmesidir. Stres, sa\u00e7\u0131n\u0131z\u0131 yeterince y\u0131kamamak ve baz\u0131 sa\u011fl\u0131k sorunlar\u0131 da kepe\u011fe neden olabilir. Baz\u0131 ki\u015filerde k\u00fc\u00e7\u00fck kepek pullar\u0131 g\u00f6r\u00fcl\u00fcrken, di\u011ferlerinde genellikle kafa derisinin \u00f6n k\u0131sm\u0131nda b\u00fcy\u00fck kepek pullar\u0131 veya b\u00fcy\u00fck kepek pullar\u0131 g\u00f6r\u00fcl\u00fcr.<\/p>\n\n\n\n<h3 class=\"wp-block-heading\">Sedef Hastal\u0131\u011f\u0131: Otoimm\u00fcn Ba\u011flant\u0131<\/h3>\n\n\n\n<p>Kafa derisi sedef hastal\u0131\u011f\u0131 otoimm\u00fcn bir durumdur. Ba\u011f\u0131\u015f\u0131kl\u0131k sistemi sa\u011fl\u0131kl\u0131 cilt h\u00fccrelerine sald\u0131rd\u0131\u011f\u0131nda ortaya \u00e7\u0131kar. Bu da yeni deri h\u00fccrelerinin \u00e7ok h\u0131zl\u0131 b\u00fcy\u00fcmesine ve kafa derisinde kal\u0131n, pullu yamalar olu\u015fmas\u0131na neden olur. Bu yamalar ka\u015f\u0131nt\u0131l\u0131 ve a\u011fr\u0131l\u0131 olabilir. Sedef hastal\u0131\u011f\u0131 d\u00fcnya n\u00fcfusunun yakla\u015f\u0131k y\u00fczde 2 ila 3'\u00fcn\u00fc etkiler, bu da onu kepekten daha az yayg\u0131n hale getirir.<\/p>\n\n\n\n<p>Sedef hastal\u0131\u011f\u0131n\u0131n kesin nedeni tam olarak anla\u015f\u0131lamam\u0131\u015ft\u0131r. Genetik ve \u00e7evresel fakt\u00f6rleri i\u00e7erir. Stres, so\u011fuk hava ve baz\u0131 ila\u00e7lar sedef hastal\u0131\u011f\u0131n\u0131 tetikleyebilir. Kepekten farkl\u0131 olarak, sedef hastal\u0131\u011f\u0131 kafa derisinin daha b\u00fcy\u00fck bir k\u0131sm\u0131n\u0131 kaplayabilen daha kal\u0131n, g\u00fcm\u00fc\u015fi plaklara neden olabilir.<\/p>\n\n\n\n<p>Etkili bir \u015fekilde y\u00f6netmek ve tedavi etmek i\u00e7in kepek ve sedef hastal\u0131\u011f\u0131 aras\u0131ndaki fark\u0131 bilmek \u00f6nemlidir. Her iki durum da pul pul lekelere neden olur, ancak farkl\u0131 nedenleri ve etkileri vard\u0131r. \u0130nsanlar her birinin belirti ve semptomlar\u0131n\u0131 tan\u0131yarak do\u011fru tedaviyi bulabilir ve kendilerini daha iyi hissedebilirler.<\/p>\n\n\n\n<h2 class=\"wp-block-heading\">Ko\u015fullar Aras\u0131ndaki Temel Farkl\u0131l\u0131klar\u0131n Belirlenmesi<\/h2>\n\n\n\n<figure class=\"wp-block-image size-large\"><img decoding=\"async\" width=\"1024\" height=\"683\" src=\"https:\/\/goldcityhair.com\/wp-content\/uploads\/2026\/02\/image_3-92-1024x683.webp\" alt=\"Sa\u00e7 Derisinde Pul Pul Yamalar: \u015ea\u015f\u0131rt\u0131c\u0131 Sonu\u00e7lar\" class=\"wp-image-21626\" srcset=\"https:\/\/goldcityhair.com\/wp-content\/uploads\/2026\/02\/image_3-92-1024x683.webp 1024w, https:\/\/goldcityhair.com\/wp-content\/uploads\/2026\/02\/image_3-92-300x200.webp 300w, https:\/\/goldcityhair.com\/wp-content\/uploads\/2026\/02\/image_3-92-768x512.webp 768w, https:\/\/goldcityhair.com\/wp-content\/uploads\/2026\/02\/image_3-92-18x12.webp 18w, https:\/\/goldcityhair.com\/wp-content\/uploads\/2026\/02\/image_3-92.webp 1200w\" sizes=\"(max-width: 1024px) 100vw, 1024px\" \/><\/figure>\n\n\n\n<p>Do\u011fru tedavi i\u00e7in kepek ve sedef hastal\u0131\u011f\u0131 aras\u0131ndaki fark\u0131 bilmek \u00f6nemlidir. Her ikisi de sa\u00e7 derinizi pul pul yapabilir, ancak farkl\u0131 nedenlerden ba\u015flar ve farkl\u0131 \u015fekillerde ortaya \u00e7\u0131karlar.<\/p>\n\n\n\n<h3 class=\"wp-block-heading\">Kepek \u00d6zellikleri: Sa\u00e7 Derisinin \u00d6n K\u0131sm\u0131nda Beyaz, Ya\u011fl\u0131 Pullar<\/h3>\n\n\n\n<p>Kepek, ya\u011fl\u0131 ve \u00e7o\u011funlukla kafa derisinin \u00f6n k\u0131sm\u0131nda bulunan beyaz veya sar\u0131ms\u0131 pullar \u015feklinde ortaya \u00e7\u0131kar. Bu pullar biraz ka\u015f\u0131nabilir. Kafa derisi k\u0131rm\u0131z\u0131 ve iltihapl\u0131 g\u00f6r\u00fcnebilir, ancak genellikle ac\u0131maz.<\/p>\n\n\n\n<h3 class=\"wp-block-heading\">Sedef Hastal\u0131\u011f\u0131 Belirtileri: Kal\u0131n, Simli Plaklar ve Daha B\u00fcy\u00fck Pullar<\/h3>\n\n\n\n<p>Sa\u00e7l\u0131 deri sedef hastal\u0131\u011f\u0131 ise b\u00fcy\u00fck pullarla birlikte kal\u0131n, g\u00fcm\u00fc\u015fi plaklar olu\u015fturur. Bu pullar v\u00fccudun di\u011fer b\u00f6lgelerine de yay\u0131labilir. Plaklar \u00e7ok ac\u0131yabilir ve ka\u015f\u0131nabilir. Cilt s\u0131cak hissedilebilir ve \u00e7izilirse kanayabilir.<\/p>\n\n\n\n<h3 class=\"wp-block-heading\">G\u00f6r\u00fcn\u00fc\u015f\u00fcn \u00d6tesinde: Ka\u015f\u0131nt\u0131, A\u011fr\u0131 ve Da\u011f\u0131l\u0131m Paternleri<\/h3>\n\n\n\n<p>Kepek ve sedef hastal\u0131\u011f\u0131, nas\u0131l hissedildikleri ve nerede ortaya \u00e7\u0131kt\u0131klar\u0131 bak\u0131m\u0131ndan farkl\u0131l\u0131k g\u00f6sterir. Kepek genellikle kafa derisinde biraz ka\u015f\u0131n\u0131r. Sedef hastal\u0131\u011f\u0131 ise \u00e7ok fazla ac\u0131 verebilir ve ka\u015f\u0131nt\u0131 yapabilir ve plaklar\u0131 kafa derisinde veya dirsekler ve dizler gibi ba\u015fka yerlerde olabilir.<\/p>\n\n\n\n<p>Kepek \u00e7o\u011funlukla kafa derisinde, \u00e7o\u011funlukla \u00f6n ve merkezde kal\u0131r. Sedef hastal\u0131\u011f\u0131 kafa derisinde olabilece\u011fi gibi v\u00fccudun di\u011fer b\u00f6lgelerine de yay\u0131labilir.<\/p>\n\n\n\n<h2 class=\"wp-block-heading\">Sonu\u00e7: Tedavi Se\u00e7enekleri ve Ne Zaman Profesyonel Yard\u0131m Al\u0131nmal\u0131?<\/h2>\n\n\n\n<p>Kepek ve kafa derisi sedef hastal\u0131\u011f\u0131 aras\u0131ndaki fark\u0131 bilmek, bunlar\u0131 iyi y\u00f6netmek i\u00e7in \u00f6nemlidir. Her durumun kendine \u00f6zg\u00fc tedavi se\u00e7enekleri vard\u0131r.<\/p>\n\n\n\n<p>Kepek antifungal \u015fampuanlarla tedavi edilebilir. Bu \u015fampuanlar mantar\u0131 kontrol alt\u0131na al\u0131r ve pullanmay\u0131 azalt\u0131r. \u00d6te yandan, kafa derisi sedef hastal\u0131\u011f\u0131 topikal steroidler ve sistemik tedaviler gibi daha g\u00fc\u00e7l\u00fc tedavilere ihtiya\u00e7 duyabilir. Bunlar iltihaplanmay\u0131 ve pullanmay\u0131 y\u00f6netmeye yard\u0131mc\u0131 olur.<\/p>\n\n\n\n<p>Belirtiler iyile\u015fmiyor veya k\u00f6t\u00fcle\u015fiyorsa, bir dermatolo\u011fa g\u00f6r\u00fcnme zaman\u0131 gelmi\u015f demektir. Do\u011fru bir te\u015fhis koyabilir ve size \u00f6zel bir tedavi plan\u0131 \u00f6nerebilirler. Bu, kafa derisi sa\u011fl\u0131\u011f\u0131n\u0131 iyile\u015ftirmenin anahtar\u0131d\u0131r.<\/p>\n\n\n\n<p>Sa\u00e7 derinizi sa\u011fl\u0131kl\u0131 tutmak i\u00e7in d\u00fczenli olarak ila\u00e7l\u0131 \u015fampuanlarla y\u0131kay\u0131n. Ayr\u0131ca, stresi azaltmaya \u00e7al\u0131\u015f\u0131n ve sert sa\u00e7 \u00fcr\u00fcnlerinden ka\u00e7\u0131n\u0131n. Do\u011fru tedavileri ve ne zaman profesyonel yard\u0131m alaca\u011f\u0131n\u0131z\u0131 bilmek kepek ve kafa derisi sedef hastal\u0131\u011f\u0131n\u0131 y\u00f6netmenize yard\u0131mc\u0131 olabilir. Bu \u015fekilde kafa derinizi iyi durumda tutabilirsiniz.<\/p>\n\n\n\n<h2 class=\"wp-block-heading\">SSS<\/h2>\n\n\n<div id=\"rank-math-faq\" class=\"rank-math-block\">\n<div class=\"rank-math-list\">\n<div id=\"faq-question-17720797396040.2877672740654045\" class=\"rank-math-list-item\">\n<h3 class=\"rank-math-question\">Kepek kafa derisinde nas\u0131l g\u00f6r\u00fcn\u00fcr?<\/h3>\n<div class=\"rank-math-answer\">\n\n<p>Kepek, kafa derisinde ve sa\u00e7ta k\u00fc\u00e7\u00fck beyaz veya sar\u0131ms\u0131 pullar \u015feklinde g\u00f6r\u00fcl\u00fcr ve genellikle hafif ka\u015f\u0131nt\u0131 e\u015flik eder. Kafa derisi hafif ya\u011fl\u0131 g\u00f6r\u00fcnebilir ancak genellikle iltihapl\u0131 de\u011fildir.<\/p>\n\n<\/div>\n<\/div>\n<div id=\"faq-question-17720797396040.17024970201172462\" class=\"rank-math-list-item\">\n<h3 class=\"rank-math-question\">Kepek veya kafa derisi sedefi olup olmad\u0131\u011f\u0131m\u0131 nas\u0131l anlayabilirim?<\/h3>\n<div class=\"rank-math-answer\">\n\n<p>Kepek tipik olarak daha k\u00fc\u00e7\u00fck, gev\u015fek pullara neden olurken, kafa derisi sedef hastal\u0131\u011f\u0131 daha belirgin k\u0131rm\u0131z\u0131 lekeler ile daha kal\u0131n, g\u00fcm\u00fc\u015fi pullar \u00fcretir. Sedef hastal\u0131\u011f\u0131 kepekten farkl\u0131 olarak genellikle sa\u00e7 \u00e7izgisinin \u00f6tesine uzan\u0131r.<\/p>\n\n<\/div>\n<\/div>\n<div id=\"faq-question-17720797396040.5734780352410206\" class=\"rank-math-list-item\">\n<h3 class=\"rank-math-question\">Sa\u00e7l\u0131 deri sedef hastal\u0131\u011f\u0131n\u0131n karakteristik belirtileri nelerdir?<\/h3>\n<div class=\"rank-math-answer\">\n\n<p>Sa\u00e7l\u0131 deri sedef hastal\u0131\u011f\u0131, alt\u0131nda g\u00fcm\u00fc\u015fi beyaz pullar ve k\u0131zar\u0131kl\u0131k bulunan kal\u0131n, kabuklu plaklara neden olur. Ayr\u0131ca yo\u011fun ka\u015f\u0131nt\u0131, yanma veya tahri\u015f nedeniyle ge\u00e7ici sa\u00e7 d\u00f6k\u00fclmesine neden olabilir.<\/p>\n\n<\/div>\n<\/div>\n<div id=\"faq-question-17720797396040.6313972154582781\" class=\"rank-math-list-item\">\n<h3 class=\"rank-math-question\">Ayn\u0131 anda hem kepek hem de kafa derisi sedef hastal\u0131\u011f\u0131m olabilir mi?<\/h3>\n<div class=\"rank-math-answer\">\n\n<p>Evet, kepek (seboreik dermatit) ve sedef hastal\u0131\u011f\u0131 ayr\u0131 kafa derisi rahats\u0131zl\u0131klar\u0131 oldu\u011fu i\u00e7in her iki rahats\u0131zl\u0131\u011fa ayn\u0131 anda sahip olmak m\u00fcmk\u00fcnd\u00fcr. Bir dermatolog her iki rahats\u0131zl\u0131\u011f\u0131n ay\u0131rt edilmesine ve uygun \u015fekilde y\u00f6netilmesine yard\u0131mc\u0131 olabilir.<\/p>\n\n<\/div>\n<\/div>\n<div id=\"faq-question-17720797396040.08512549575759909\" class=\"rank-math-list-item\">\n<h3 class=\"rank-math-question\">B\u00fcy\u00fck kepek pullar\u0131 daha ciddi bir durumun i\u015fareti midir?<\/h3>\n<div class=\"rank-math-answer\">\n\n<p>B\u00fcy\u00fck, kal\u0131n pullar basit kepekten ziyade seboreik dermatit veya kafa derisi sedef hastal\u0131\u011f\u0131na i\u015faret edebilir. K\u0131zar\u0131kl\u0131k veya rahats\u0131zl\u0131kla birlikte kal\u0131c\u0131 pullanma bir sa\u011fl\u0131k uzman\u0131 taraf\u0131ndan de\u011ferlendirilmelidir.<\/p>\n\n<\/div>\n<\/div>\n<div id=\"faq-question-17720797396040.6753903266577832\" class=\"rank-math-list-item\">\n<h3 class=\"rank-math-question\">Kepek ve kafa derisi sedef hastal\u0131\u011f\u0131n\u0131 nas\u0131l etkili bir \u015fekilde y\u00f6netebilirim?<\/h3>\n<div class=\"rank-math-answer\">\n\n<p>Kepek genellikle \u00e7inko veya ketokonazol gibi bile\u015fenler i\u00e7eren ila\u00e7l\u0131 \u015fampuanlarla y\u00f6netilirken, kafa derisi sedef hastal\u0131\u011f\u0131 topikal kortikosteroidler gibi re\u00e7eteli tedaviler gerektirebilir. Tutarl\u0131 kafa derisi bak\u0131m\u0131 ve t\u0131bbi rehberlik her iki durumun da kontrol\u00fcn\u00fc iyile\u015ftirir.<\/p>\n\n<\/div>\n<\/div>\n<div id=\"faq-question-17720797396040.6566631863812443\" class=\"rank-math-list-item\">\n<h3 class=\"rank-math-question\">Da\u011f\u0131l\u0131m \u015fekilleri a\u00e7\u0131s\u0131ndan kepek ve sa\u00e7l\u0131 deri sedef hastal\u0131\u011f\u0131 aras\u0131ndaki fark nedir?<\/h3>\n<div class=\"rank-math-answer\">\n\n<p>Kepek genellikle kafa derisiyle s\u0131n\u0131rl\u0131 kal\u0131r ve kulak arkas\u0131 gibi ya\u011fl\u0131 b\u00f6lgeleri etkileyebilir. Sa\u00e7l\u0131 deri sedef hastal\u0131\u011f\u0131 genellikle iyi tan\u0131mlanm\u0131\u015f yamalar olu\u015fturur ve al\u0131na, boyuna veya kulaklar\u0131n i\u00e7ine yay\u0131labilir.<\/p>\n\n<\/div>\n<\/div>\n<div id=\"faq-question-17720797396040.5254659079641507\" class=\"rank-math-list-item\">\n<h3 class=\"rank-math-question\">Stres kepe\u011fi veya kafa derisi sedef hastal\u0131\u011f\u0131n\u0131 tetikleyebilir mi?<\/h3>\n<div class=\"rank-math-answer\">\n\n<p>Evet, stres ba\u011f\u0131\u015f\u0131kl\u0131k sistemini etkileyerek ve iltihaplanmay\u0131 art\u0131rarak hem kepe\u011fi hem de kafa derisi sedef hastal\u0131\u011f\u0131n\u0131 k\u00f6t\u00fcle\u015ftirebilir. Stresi y\u00f6netmek alevlenmeleri azaltmaya yard\u0131mc\u0131 olabilir.<\/p>\n\n<\/div>\n<\/div>\n<div id=\"faq-question-17720797396040.8809709544811658\" class=\"rank-math-list-item\">\n<h3 class=\"rank-math-question\">Kepek ve kafa derisi sedef hastal\u0131\u011f\u0131n\u0131 tedavi etmek i\u00e7in herhangi bir ev ilac\u0131 var m\u0131?<\/h3>\n<div class=\"rank-math-answer\">\n\n<p>Hafif kepek i\u00e7in \u00e7ay a\u011fac\u0131 ya\u011f\u0131 \u015fampuanlar\u0131 veya seyreltilmi\u015f elma sirkesi durulamalar\u0131 pullar\u0131n azalmas\u0131na yard\u0131mc\u0131 olabilir. Sa\u00e7l\u0131 deri sedef hastal\u0131\u011f\u0131 tipik olarak t\u0131bbi tedavi gerektirir, ancak nemlendirici ya\u011flar re\u00e7eteli tedavinin yan\u0131 s\u0131ra pullar\u0131 yumu\u015fatmaya yard\u0131mc\u0131 olabilir.<\/p>\n\n<\/div>\n<\/div>\n<\/div>\n<\/div>\n\n\n<h2 class=\"wp-block-heading\">Referanslar<\/h2>\n\n\n\n<p>Ulusal Biyoteknoloji Bilgi Merkezi. Kan\u0131ta Dayal\u0131 T\u0131bbi \u00d6ng\u00f6r\u00fc. Eri\u015fim adresi <a href=\"https:\/\/pmc.ncbi.nlm.nih.gov\/articles\/PMC4908440\/\" data-type=\"URL\" data-id=\"https:\/\/pmc.ncbi.nlm.nih.gov\/articles\/PMC4908440\/\" target=\"_blank\" rel=\"noopener\">https:\/\/pmc.ncbi.nlm.nih.gov\/articles\/PMC4908440\/<\/a>[1<\/p>","protected":false},"excerpt":{"rendered":"<p>Seeing big flaky patches can be upsetting. But knowing if it&#8217;s dandruff or psoriasis is key to fixing it. Stop flaky patches on scalp with amazing results. Use powerful, incredible secrets to end scary itching and achieve incredible scalp health. Many mix up dandruff and psoriasis, but they need different treatments. Dandruff comes from a [&hellip;]<\/p>","protected":false},"author":13,"featured_media":21624,"comment_status":"closed","ping_status":"closed","sticky":false,"template":"","format":"standard","meta":{"footnotes":"","rank_math_title":"","rank_math_description":"Stop flaky patches on scalp with amazing results. Use powerful, incredible secrets to end scary itching and achieve incredible scalp health.","rank_math_canonical_url":"","rank_math_focus_keyword":"flaky patches on scalp,health,treatment"},"categories":[14],"tags":[2934,3393,2059,3159,2090],"class_list":["post-20039","post","type-post","status-publish","format-standard","has-post-thumbnail","hentry","category-hair","tag-dandruff","tag-flaky-scalp","tag-health","tag-psoriasis","tag-relief"],"_links":{"self":[{"href":"https:\/\/goldcityhair.com\/tr\/wp-json\/wp\/v2\/posts\/20039","targetHints":{"allow":["GET"]}}],"collection":[{"href":"https:\/\/goldcityhair.com\/tr\/wp-json\/wp\/v2\/posts"}],"about":[{"href":"https:\/\/goldcityhair.com\/tr\/wp-json\/wp\/v2\/types\/post"}],"author":[{"embeddable":true,"href":"https:\/\/goldcityhair.com\/tr\/wp-json\/wp\/v2\/users\/13"}],"replies":[{"embeddable":true,"href":"https:\/\/goldcityhair.com\/tr\/wp-json\/wp\/v2\/comments?post=20039"}],"version-history":[{"count":2,"href":"https:\/\/goldcityhair.com\/tr\/wp-json\/wp\/v2\/posts\/20039\/revisions"}],"predecessor-version":[{"id":23432,"href":"https:\/\/goldcityhair.com\/tr\/wp-json\/wp\/v2\/posts\/20039\/revisions\/23432"}],"wp:featuredmedia":[{"embeddable":true,"href":"https:\/\/goldcityhair.com\/tr\/wp-json\/wp\/v2\/media\/21624"}],"wp:attachment":[{"href":"https:\/\/goldcityhair.com\/tr\/wp-json\/wp\/v2\/media?parent=20039"}],"wp:term":[{"taxonomy":"category","embeddable":true,"href":"https:\/\/goldcityhair.com\/tr\/wp-json\/wp\/v2\/categories?post=20039"},{"taxonomy":"post_tag","embeddable":true,"href":"https:\/\/goldcityhair.com\/tr\/wp-json\/wp\/v2\/tags?post=20039"}],"curies":[{"name":"wp","href":"https:\/\/api.w.org\/{rel}","templated":true}]}}