{"id":20040,"date":"2026-02-23T04:40:09","date_gmt":"2026-02-23T03:40:09","guid":{"rendered":"https:\/\/goldcityhair.com\/?p=20040"},"modified":"2026-03-09T06:52:19","modified_gmt":"2026-03-09T05:52:19","slug":"kafada-kizariklik-korkutucu-gercek-sasirtici-tedavi","status":"publish","type":"post","link":"https:\/\/goldcityhair.com\/tr\/sac\/kafada-kizariklik-korkutucu-gercek-sasirtici-tedavi\/","title":{"rendered":"Ba\u015fta K\u0131zar\u0131kl\u0131k: Korkun\u00e7 Ger\u00e7ek ve \u015ea\u015f\u0131rt\u0131c\u0131 Tedavi"},"content":{"rendered":"<figure class=\"wp-block-image size-large\"><img fetchpriority=\"high\" decoding=\"async\" width=\"1024\" height=\"683\" src=\"https:\/\/goldcityhair.com\/wp-content\/uploads\/2026\/02\/image_1-75-1024x683.webp\" alt=\"Ba\u015fta K\u0131zar\u0131kl\u0131k: Korkun\u00e7 Ger\u00e7ek ve \u015ea\u015f\u0131rt\u0131c\u0131 Tedavi\" class=\"wp-image-21501\" srcset=\"https:\/\/goldcityhair.com\/wp-content\/uploads\/2026\/02\/image_1-75-1024x683.webp 1024w, https:\/\/goldcityhair.com\/wp-content\/uploads\/2026\/02\/image_1-75-300x200.webp 300w, https:\/\/goldcityhair.com\/wp-content\/uploads\/2026\/02\/image_1-75-768x512.webp 768w, https:\/\/goldcityhair.com\/wp-content\/uploads\/2026\/02\/image_1-75-18x12.webp 18w, https:\/\/goldcityhair.com\/wp-content\/uploads\/2026\/02\/image_1-75.webp 1200w\" sizes=\"(max-width: 1024px) 100vw, 1024px\" \/><\/figure>\n\n\n\n<p>Kafa derisi d\u00f6k\u00fcnt\u00fcs\u00fc kal\u0131c\u0131 ve sinir bozucu bir durum olabilir. Genel n\u00fcfusun yakla\u015f\u0131k y\u00fczde 3 ila 5'ini etkiler. K\u0131rm\u0131z\u0131 lekeler, a\u011fr\u0131l\u0131 yumrular, pullanan cilt ve ka\u015f\u0131nt\u0131l\u0131 iltihabi tepkiler \u015feklinde ortaya \u00e7\u0131kar.<\/p>\n\n\n\n<p>Korkun\u00e7 ger\u00e7ek ve inan\u0131lmaz bir tedavi ile ba\u015f\u0131n\u0131zdaki k\u0131zar\u0131kl\u0131\u011f\u0131 d\u00fczeltin. Korkun\u00e7 ka\u015f\u0131nt\u0131y\u0131 durdurmak ve \u015fimdi sa\u011fl\u0131\u011fa kavu\u015fmak i\u00e7in g\u00fc\u00e7l\u00fc, inan\u0131lmaz \u00e7areler kullan\u0131n.<\/p>\n\n\n\n<p>Sa\u00e7l\u0131 deri d\u00f6k\u00fcnt\u00fcleri seboreik dermatit, mantar enfeksiyonlar\u0131 ve alerjik reaksiyonlar gibi bir\u00e7ok \u015feyden kaynaklanabilir. Neyin sebep oldu\u011funu bilmek do\u011fru tedavi i\u00e7in \u00f6nemlidir.<\/p>\n\n\n\n<p>gold city hair uzman dermatoloji\u0307k bakim sunuyor. Hasta merkezli \u00e7\u00f6z\u00fcmlere odaklan\u0131rlar. Kafa derisi d\u00f6k\u00fcnt\u00fclerini h\u0131zl\u0131 bir \u015fekilde tan\u0131mlamak ve tedavi etmek i\u00e7in geli\u015fmi\u015f t\u0131bbi protokoller kullan\u0131rlar.<\/p>\n\n\n\n<h3 class=\"wp-block-heading\">\u00d6nemli \u00c7\u0131kar\u0131mlar<\/h3>\n\n\n\n<p>Sa\u00e7l\u0131 deri d\u00f6k\u00fcnt\u00fcleri n\u00fcfusun \u00f6nemli bir b\u00f6l\u00fcm\u00fcn\u00fc etkiler.<\/p>\n\n\n\n<p>Seboreik dermatit ve mantar enfeksiyonlar\u0131 dahil olmak \u00fczere \u00e7e\u015fitli durumlar kafa derisi d\u00f6k\u00fcnt\u00fclerine neden olabilir.<\/p>\n\n\n\n<p>Nedeni anlamak etkili tedavinin anahtar\u0131d\u0131r.<\/p>\n\n\n\n<p>Sa\u00e7l\u0131 deri d\u00f6k\u00fcnt\u00fcs\u00fc tedavisi i\u00e7in uzman dermatolojik bak\u0131m mevcuttur.<\/p>\n\n\n\n<p>Geli\u015fmi\u015f t\u0131bbi protokoller kafa derisi d\u00f6k\u00fcnt\u00fclerinde h\u0131zl\u0131 rahatlama sa\u011flayabilir.<\/p>\n\n\n\n<h2 class=\"wp-block-heading\">Ba\u015f D\u00f6k\u00fcnt\u00fclerini Anlamak<\/h2>\n\n\n\n<figure class=\"wp-block-image size-large\"><img decoding=\"async\" width=\"1024\" height=\"683\" src=\"https:\/\/goldcityhair.com\/wp-content\/uploads\/2026\/02\/image_2-76-1024x683.webp\" alt=\"Ba\u015fta K\u0131zar\u0131kl\u0131k: Korkun\u00e7 Ger\u00e7ek ve \u015ea\u015f\u0131rt\u0131c\u0131 Tedavi\" class=\"wp-image-21502\" srcset=\"https:\/\/goldcityhair.com\/wp-content\/uploads\/2026\/02\/image_2-76-1024x683.webp 1024w, https:\/\/goldcityhair.com\/wp-content\/uploads\/2026\/02\/image_2-76-300x200.webp 300w, https:\/\/goldcityhair.com\/wp-content\/uploads\/2026\/02\/image_2-76-768x512.webp 768w, https:\/\/goldcityhair.com\/wp-content\/uploads\/2026\/02\/image_2-76-18x12.webp 18w, https:\/\/goldcityhair.com\/wp-content\/uploads\/2026\/02\/image_2-76.webp 1200w\" sizes=\"(max-width: 1024px) 100vw, 1024px\" \/><\/figure>\n\n\n\n<p>Ba\u015ftaki bir d\u00f6k\u00fcnt\u00fc bir\u00e7ok \u015fekilde ortaya \u00e7\u0131kabilir ve endi\u015fe ve rahats\u0131zl\u0131\u011fa neden olabilir. Sa\u00e7l\u0131 deri d\u00f6k\u00fcnt\u00fcleri k\u0131rm\u0131z\u0131 lekeler, a\u011fr\u0131l\u0131 \u015fi\u015flikler, pul pul d\u00f6k\u00fclen cilt ve ka\u015f\u0131nt\u0131l\u0131 noktalar gibi g\u00f6r\u00fcnebilir. Bunlar ba\u015f\u0131n arkas\u0131nda, sa\u00e7 \u00e7izgisinde veya sa\u00e7 alt\u0131nda olabilir.<\/p>\n\n\n\n<h3 class=\"wp-block-heading\">Yayg\u0131n Belirtiler ve G\u00f6r\u00fcn\u00fcm<\/h3>\n\n\n\n<p>Kafa derisi d\u00f6k\u00fcnt\u00fcs\u00fc belirtileri de\u011fi\u015febilir, ancak yayg\u0131n olanlar aras\u0131nda ka\u015f\u0131nt\u0131, beyaz pullar, k\u0131rm\u0131z\u0131 lekeler ve a\u011fr\u0131l\u0131 yumrular bulunur. Bazen d\u00f6k\u00fcnt\u00fcler \u015fi\u015flik ve hassasiyete de neden olabilir.<\/p>\n\n\n\n<p>Kafa derisi d\u00f6k\u00fcnt\u00fcs\u00fcn\u00fcn g\u00f6r\u00fcn\u00fcm\u00fc nedene ba\u011fl\u0131 olarak de\u011fi\u015febilir. \u00d6rne\u011fin, seboreik dermatit sar\u0131ms\u0131, ya\u011fl\u0131, pullu yamalar \u015feklinde ortaya \u00e7\u0131kabilir. \u00d6te yandan, sa\u00e7k\u0131ran dairesel, ka\u015f\u0131nt\u0131l\u0131 bir d\u00f6k\u00fcnt\u00fcye neden olabilir.<\/p>\n\n\n\n<h3 class=\"wp-block-heading\">Ne Zaman T\u0131bbi Yard\u0131m Al\u0131nmal\u0131<\/h3>\n\n\n\n<p>Belirtileriniz ge\u00e7mezse veya k\u00f6t\u00fcle\u015firse bir doktora g\u00f6r\u00fcnmelisiniz. Bir sa\u011fl\u0131k uzman\u0131 d\u00f6k\u00fcnt\u00fcye neyin neden oldu\u011funu bulabilir ve do\u011fru tedaviyi \u00f6nerebilir.<\/p>\n\n\n\n<p>Bir doktora g\u00f6r\u00fcnmeniz gerekti\u011fine dair baz\u0131 i\u015faretler \u015funlard\u0131r:<\/p>\n\n\n\n<p>Semptomlar\u0131n \u015fiddetinin artmas\u0131<\/p>\n\n\n\n<p>D\u00f6k\u00fcnt\u00fcn\u00fcn di\u011fer b\u00f6lgelere yay\u0131lmas\u0131<\/p>\n\n\n\n<p>\u0130rin veya ak\u0131nt\u0131 varl\u0131\u011f\u0131<\/p>\n\n\n\n<p>Ate\u015f veya \u015fi\u015fmi\u015f lenf d\u00fc\u011f\u00fcmleri<\/p>\n\n\n\n<h2 class=\"wp-block-heading\">Ba\u015fta S\u0131k G\u00f6r\u00fclen K\u0131zar\u0131kl\u0131k T\u00fcrleri<\/h2>\n\n\n\n<figure class=\"wp-block-image size-large\"><img decoding=\"async\" width=\"1024\" height=\"683\" src=\"https:\/\/goldcityhair.com\/wp-content\/uploads\/2026\/02\/image_3-71-1024x683.webp\" alt=\"Ba\u015fta K\u0131zar\u0131kl\u0131k: Korkun\u00e7 Ger\u00e7ek ve \u015ea\u015f\u0131rt\u0131c\u0131 Tedavi\" class=\"wp-image-21503\" srcset=\"https:\/\/goldcityhair.com\/wp-content\/uploads\/2026\/02\/image_3-71-1024x683.webp 1024w, https:\/\/goldcityhair.com\/wp-content\/uploads\/2026\/02\/image_3-71-300x200.webp 300w, https:\/\/goldcityhair.com\/wp-content\/uploads\/2026\/02\/image_3-71-768x512.webp 768w, https:\/\/goldcityhair.com\/wp-content\/uploads\/2026\/02\/image_3-71-18x12.webp 18w, https:\/\/goldcityhair.com\/wp-content\/uploads\/2026\/02\/image_3-71.webp 1200w\" sizes=\"(max-width: 1024px) 100vw, 1024px\" \/><\/figure>\n\n\n\n<p>Ba\u015fta g\u00f6r\u00fclebilecek farkl\u0131 d\u00f6k\u00fcnt\u00fcler hakk\u0131nda bilgi sahibi olmak \u00f6nemlidir. Her t\u00fcr\u00fcn kendine \u00f6zg\u00fc bir nedeni vard\u0131r. Bunu bilmek do\u011fru tedaviyi bulmaya yard\u0131mc\u0131 olur.<\/p>\n\n\n\n<h3 class=\"wp-block-heading\">Seboreik Dermatit<\/h3>\n\n\n\n<p>Seboreik dermatit kafada s\u0131k g\u00f6r\u00fclen bir d\u00f6k\u00fcnt\u00fcd\u00fcr. Kafa derisinde pullu, pullu yamalar \u015feklinde g\u00f6r\u00fcl\u00fcr. Bu durum \u00e7ok rahats\u0131z edici olabilir ve genellikle k\u0131zar\u0131kl\u0131k ve ka\u015f\u0131nt\u0131ya neden olur.<\/p>\n\n\n\n<p>Seboreik dermatit belirtileri \u015funlar\u0131 i\u00e7erir:<\/p>\n\n\n\n<p>Kafa derisinde pul pul yamalar<\/p>\n\n\n\n<p>K\u0131zar\u0131kl\u0131k ve iltihaplanma<\/p>\n\n\n\n<p>Ka\u015f\u0131nt\u0131 ve tahri\u015f<\/p>\n\n\n\n<h3 class=\"wp-block-heading\">Mantar Enfeksiyonlar\u0131: Sa\u00e7k\u0131ran ve Maya<\/h3>\n\n\n\n<p>Sa\u00e7k\u0131ran ve maya gibi mantar enfeksiyonlar\u0131 da kafada k\u0131zar\u0131kl\u0131klara neden olabilir. Sa\u00e7k\u0131ran \u00e7ok ka\u015f\u0131nt\u0131l\u0131 ve bula\u015f\u0131c\u0131d\u0131r. Maya enfeksiyonlar\u0131 kafa derisini ka\u015f\u0131nt\u0131l\u0131 ve pul pul hale getirebilir.<\/p>\n\n\n\n<p>Mantar enfeksiyonlar\u0131n\u0131n yayg\u0131n belirtileri \u015funlard\u0131r:<\/p>\n\n\n\n<p>Yo\u011fun ka\u015f\u0131nt\u0131l\u0131 d\u00f6k\u00fcnt\u00fcler<\/p>\n\n\n\n<p>K\u0131zar\u0131kl\u0131k ve iltihaplanma<\/p>\n\n\n\n<p>Pullanma ve kabuklanma<\/p>\n\n\n\n<h3 class=\"wp-block-heading\">Sa\u00e7 \u00dcr\u00fcnlerinden Kaynaklanan Kontakt Dermatit<\/h3>\n\n\n\n<p>Sa\u00e7 \u00fcr\u00fcnlerine kar\u015f\u0131 alerjik reaksiyonlar kontakt dermatite yol a\u00e7abilir. Bu, kafada k\u0131zar\u0131kl\u0131klara neden olur. Cilt bir sa\u00e7 bak\u0131m \u00fcr\u00fcn\u00fcndeki bir \u015feye tepki verdi\u011finde tahri\u015fe yol a\u00e7ar.<\/p>\n\n\n\n<p>Kontakt dermatit belirtileri \u015funlar\u0131 i\u00e7erir:<\/p>\n\n\n\n<p>K\u0131zar\u0131kl\u0131k ve iltihaplanma<\/p>\n\n\n\n<p>Ka\u015f\u0131nt\u0131 ve tahri\u015f<\/p>\n\n\n\n<p>Kabarc\u0131klar veya d\u00f6k\u00fcnt\u00fcler<\/p>\n\n\n\n<h3 class=\"wp-block-heading\">Sedef Hastal\u0131\u011f\u0131 ve Folik\u00fclit<\/h3>\n\n\n\n<p>Sedef hastal\u0131\u011f\u0131 kafa derisinde kal\u0131n, pullu lekelere neden olabilir. Folik\u00fclit sa\u00e7 k\u00f6klerinin iltihaplanmas\u0131na neden olur. Her ikisi de \u00e7ok rahats\u0131z edici olabilir ve uygun tedavi gerektirir.<\/p>\n\n\n\n<p>Sedef hastal\u0131\u011f\u0131 ve folik\u00fclitin yayg\u0131n belirtileri \u015funlard\u0131r:<\/p>\n\n\n\n<p>Kal\u0131n, pullu yamalar<\/p>\n\n\n\n<p>\u0130ltihaplanma ve k\u0131zar\u0131kl\u0131k<\/p>\n\n\n\n<p>Kafa derisinde p\u00fcst\u00fcller veya \u015fi\u015flikler<\/p>\n\n\n\n<h2 class=\"wp-block-heading\">Ba\u015ftaki K\u0131zar\u0131kl\u0131\u011f\u0131n Tedavisi: Etkili \u00c7\u00f6z\u00fcmler<\/h2>\n\n\n\n<p>Ba\u015f\u0131n\u0131zda bir d\u00f6k\u00fcnt\u00fc oldu\u011funda, nedenini bulmak do\u011fru tedavinin anahtar\u0131d\u0131r. Kafa derisi \u00e7ok hassast\u0131r. Do\u011fru tedavi semptomlar\u0131 hafifletebilir ve daha fazla tahri\u015fi durdurabilir.<\/p>\n\n\n\n<h3 class=\"wp-block-heading\">\u0130la\u00e7l\u0131 \u015eampuanlar ve Topikal Tedaviler<\/h3>\n\n\n\n<p>\u0130la\u00e7l\u0131 \u015fampuanlar ve kremler bir\u00e7ok kafa derisi d\u00f6k\u00fcnt\u00fcs\u00fc i\u00e7in genellikle ilk ad\u0131md\u0131r. Seboreik dermatit ve kepek gibi sorunlar i\u00e7in re\u00e7etesiz sat\u0131lan \u015fampuanlar i\u015fe yarar. \u00c7inko piritiyon, ketokonazol veya salisilik asit i\u00e7erirler.<\/p>\n\n\n\n<p>\u0130la\u00e7l\u0131 \u015fampuanlardaki temel bile\u015fenler:<\/p>\n\n\n\n<p>\u00c7inko piritiyon: Kepek ve seboreik dermatite kar\u015f\u0131 etkilidir.<\/p>\n\n\n\n<p>Ketokonazol: Antifungal \u00f6zellikleri mantar enfeksiyonlar\u0131n\u0131n tedavisine yard\u0131mc\u0131 olur.<\/p>\n\n\n\n<p>Salisilik asit: Pullar\u0131n giderilmesine ve iltihaplanman\u0131n azalt\u0131lmas\u0131na yard\u0131mc\u0131 olur.<\/p>\n\n\n\n<h3 class=\"wp-block-heading\">A\u011f\u0131r Vakalar i\u00e7in Re\u00e7ete Se\u00e7enekleri<\/h3>\n\n\n\n<p>OTC tedavileri i\u015fe yaramazsa veya d\u00f6k\u00fcnt\u00fc k\u00f6t\u00fcyse, bir doktor daha g\u00fc\u00e7l\u00fc ila\u00e7lar re\u00e7ete edebilir. Bir dermatolog daha g\u00fc\u00e7l\u00fc kremler veya haplar verebilir. Sedef hastal\u0131\u011f\u0131 i\u00e7in tedaviler biyolojik ila\u00e7lar\u0131 veya di\u011fer ila\u00e7lar\u0131 i\u00e7erebilir.<\/p>\n\n\n\n<p>Re\u00e7ete se\u00e7enekleri \u015funlar\u0131 i\u00e7erebilir:<\/p>\n\n\n\n<p>Enflamasyonu azaltmak i\u00e7in daha g\u00fc\u00e7l\u00fc topikal kortikosteroidler.<\/p>\n\n\n\n<p>\u0130nat\u00e7\u0131 mantar enfeksiyonlar\u0131 i\u00e7in antifungal ila\u00e7lar.<\/p>\n\n\n\n<p>Sedef hastal\u0131\u011f\u0131 gibi otoimm\u00fcn hastal\u0131klar i\u00e7in biyolojik ila\u00e7lar.<\/p>\n\n\n\n<h3 class=\"wp-block-heading\">H\u0131zl\u0131 Rahatlama i\u00e7in Rahatlat\u0131c\u0131 Ev \u00c7\u00f6z\u00fcmleri<\/h3>\n\n\n\n<p>Ba\u015f d\u00f6k\u00fcnt\u00fcs\u00fcne yard\u0131mc\u0131 olabilecek ev ila\u00e7lar\u0131 da vard\u0131r. S\u0131cak veya so\u011fuk kompres ka\u015f\u0131nt\u0131y\u0131 ve \u015fi\u015fli\u011fi hafifletebilir. Kafa derinizi temiz tutmak ve sert sa\u00e7 \u00fcr\u00fcnlerinden ka\u00e7\u0131nmak da yard\u0131mc\u0131 olur.<\/p>\n\n\n\n<p>Dikkate al\u0131nmas\u0131 gereken ev ila\u00e7lar\u0131:<\/p>\n\n\n\n<p>Sa\u00e7 derisini yat\u0131\u015ft\u0131rmak i\u00e7in s\u0131cak veya so\u011fuk kompresler.<\/p>\n\n\n\n<p>Antifungal ve antibakteriyel \u00f6zellikleri i\u00e7in \u00e7ay a\u011fac\u0131 ya\u011f\u0131.<\/p>\n\n\n\n<p>Tahri\u015fi yat\u0131\u015ft\u0131rmak ve ka\u015f\u0131nt\u0131y\u0131 azaltmak i\u00e7in aloe vera.<\/p>\n\n\n\n<h2 class=\"wp-block-heading\">Sonu\u00e7<\/h2>\n\n\n\n<p>Kafa derisi d\u00f6k\u00fcnt\u00fclerinin neden olu\u015ftu\u011funu ve nas\u0131l tedavi edilece\u011fini bilmek \u00f6nemlidir. Ba\u015f\u0131n\u0131zdaki bir k\u0131zar\u0131kl\u0131k, hava d\u00f6k\u00fcnt\u00fcs\u00fc veya k\u00fcl gibi bir\u00e7ok \u015feyden kaynaklanabilir. Do\u011fru tedaviyi bulmak daha iyi hissetmenin anahtar\u0131d\u0131r.<\/p>\n\n\n\n<p>Sa\u00e7 derisindeki d\u00f6k\u00fcnt\u00fcler seboreik dermatit veya mantar enfeksiyonlar\u0131 gibi farkl\u0131 nedenlerden kaynaklanabilir. D\u00f6k\u00fcnt\u00fclerinize neyin neden oldu\u011funu bilmek en iyi tedaviyi se\u00e7menize yard\u0131mc\u0131 olur. Bu, \u00f6zel \u015fampuanlar, kremler veya ciddi vakalar i\u00e7in daha g\u00fc\u00e7l\u00fc ila\u00e7lar olabilir.<\/p>\n\n\n\n<p>Hafif d\u00f6k\u00fcnt\u00fcler i\u00e7in ev ila\u00e7lar\u0131 \u00e7ok yard\u0131mc\u0131 olabilir. Ancak belirtileriniz ge\u00e7mezse veya k\u00f6t\u00fcle\u015firse bir doktora g\u00f6r\u00fcn\u00fcn. Profesyonel bak\u0131m gerektiren ciddi sorunlar\u0131 kontrol edebilirler.<\/p>\n\n\n\n<p>Kafa derisi d\u00f6k\u00fcnt\u00fcleri ve tedavileri hakk\u0131nda bilgi edinmek kafa derinize iyi bakman\u0131za yard\u0131mc\u0131 olur. Bu \u015fekilde, gelecekteki sorunlardan ka\u00e7\u0131nabilir ve kendinizi daha rahat hissedebilirsiniz. Her \u015fey kafa derinizi sa\u011fl\u0131kl\u0131 ve tahri\u015ften uzak tutmakla ilgilidir.<\/p>\n\n\n\n<h2 class=\"wp-block-heading\">SSS<\/h2>\n\n\n<div id=\"rank-math-faq\" class=\"rank-math-block\">\n<div class=\"rank-math-list\">\n<div id=\"faq-question-17719877893690.7318836186285574\" class=\"rank-math-list-item\">\n<h3 class=\"rank-math-question\">Kafa derisi d\u00f6k\u00fcnt\u00fcs\u00fcn\u00fcn yayg\u0131n nedenleri nelerdir?<\/h3>\n<div class=\"rank-math-answer\">\n\n<p>Yayg\u0131n nedenler aras\u0131nda seboreik dermatit, sedef hastal\u0131\u011f\u0131, mantar enfeksiyonlar\u0131 (tinea capitis gibi), sa\u00e7 \u00fcr\u00fcnlerine kar\u015f\u0131 alerjik reaksiyonlar, egzama, s\u0131cak d\u00f6k\u00fcnt\u00fcs\u00fc ve bakteriyel enfeksiyonlar yer al\u0131r.<\/p>\n\n<\/div>\n<\/div>\n<div id=\"faq-question-17719877893690.5349694224499693\" class=\"rank-math-list-item\">\n<h3 class=\"rank-math-question\">Kafa derisi d\u00f6k\u00fcnt\u00fcs\u00fcn\u00fc nas\u0131l tespit edebilirim?<\/h3>\n<div class=\"rank-math-answer\">\n\n<p>Kafa derisi d\u00f6k\u00fcnt\u00fcs\u00fc, nedenine ba\u011fl\u0131 olarak k\u0131zar\u0131kl\u0131k, ka\u015f\u0131nt\u0131, pullanma, yumrular, pullu yamalar, kabuklanma ve hatta k\u00fc\u00e7\u00fck kabarc\u0131klar \u015feklinde g\u00f6r\u00fclebilir.<\/p>\n\n<\/div>\n<\/div>\n<div id=\"faq-question-17719877893690.712921251028536\" class=\"rank-math-list-item\">\n<h3 class=\"rank-math-question\">Seboreik dermatit nedir ve nas\u0131l tedavi edilir?<\/h3>\n<div class=\"rank-math-answer\">\n\n<p>Seboreik dermatit, maya a\u015f\u0131r\u0131 b\u00fcy\u00fcmesi ve a\u015f\u0131r\u0131 ya\u011f ile ba\u011flant\u0131l\u0131 yayg\u0131n bir enflamatuar durumdur; ketokonazol, selenyum s\u00fclf\u00fcr veya \u00e7inko pirition i\u00e7eren ila\u00e7l\u0131 \u015fampuanlar ve bazen topikal steroidler ile tedavi edilir.<\/p>\n\n<\/div>\n<\/div>\n<div id=\"faq-question-17719877893690.6062024148888397\" class=\"rank-math-list-item\">\n<h3 class=\"rank-math-question\">Kafa derisindeki k\u0131zar\u0131kl\u0131k mantar enfeksiyonu belirtisi olabilir mi?<\/h3>\n<div class=\"rank-math-answer\">\n\n<p>Evet, mantar enfeksiyonlar\u0131 genellikle k\u0131rm\u0131z\u0131, ka\u015f\u0131nt\u0131l\u0131, pullu lekelere ve bazen sa\u00e7 d\u00f6k\u00fclmesine neden olur ve tipik olarak antifungal tedavi gerektirir.<\/p>\n\n<\/div>\n<\/div>\n<div id=\"faq-question-17719877893690.053912777629625985\" class=\"rank-math-list-item\">\n<h3 class=\"rank-math-question\">Ba\u015f\u0131mdaki d\u00f6k\u00fcnt\u00fcy\u00fc evde nas\u0131l tedavi edebilirim?<\/h3>\n<div class=\"rank-math-answer\">\n\n<p>Nazik \u015fampuanlar kullan\u0131n, tahri\u015f edici \u00fcr\u00fcnlerden ka\u00e7\u0131n\u0131n, aloe vera gibi yat\u0131\u015ft\u0131r\u0131c\u0131 maddeler uygulay\u0131n ve uygunsa re\u00e7etesiz antifungal veya anti-inflamatuar tedavileri deneyin.<\/p>\n\n<\/div>\n<\/div>\n<div id=\"faq-question-17719877893690.6576267714939119\" class=\"rank-math-list-item\">\n<h3 class=\"rank-math-question\">Kafa derisi d\u00f6k\u00fcnt\u00fcs\u00fc i\u00e7in ne zaman t\u0131bbi yard\u0131m almal\u0131y\u0131m?<\/h3>\n<div class=\"rank-math-answer\">\n\n<p>D\u00f6k\u00fcnt\u00fc a\u011fr\u0131l\u0131ysa, yay\u0131l\u0131yorsa, irin \u00fcretiyorsa, sa\u00e7 d\u00f6k\u00fclmesine neden oluyorsa, ate\u015f e\u015flik ediyorsa veya bir hafta i\u00e7inde iyile\u015fmiyorsa bir doktora g\u00f6r\u00fcn\u00fcn.<\/p>\n\n<\/div>\n<\/div>\n<div id=\"faq-question-17719877893690.23513077066429433\" class=\"rank-math-list-item\">\n<h3 class=\"rank-math-question\">Sa\u00e7 \u00fcr\u00fcnleri kafa derisinde d\u00f6k\u00fcnt\u00fcye neden olabilir mi?<\/h3>\n<div class=\"rank-math-answer\">\n\n<p>Evet, baz\u0131 \u015fampuanlar, boyalar, \u015fekillendirici \u00fcr\u00fcnler veya kokular alerjik kontakt dermatiti veya tahri\u015fi tetikleyebilir.<\/p>\n\n<\/div>\n<\/div>\n<div id=\"faq-question-17719877893690.39037873556121905\" class=\"rank-math-list-item\">\n<h3 class=\"rank-math-question\">Sa\u00e7l\u0131 deride sedef hastal\u0131\u011f\u0131 i\u00e7in tedavi se\u00e7enekleri nelerdir?<\/h3>\n<div class=\"rank-math-answer\">\n\n<p>Tedavi se\u00e7enekleri aras\u0131nda ila\u00e7l\u0131 \u015fampuanlar, topikal kortikosteroidler, D vitamini analoglar\u0131, k\u00f6m\u00fcr katran\u0131 \u00fcr\u00fcnleri, \u0131\u015f\u0131k tedavisi ve ciddi vakalar i\u00e7in re\u00e7eteli sistemik ila\u00e7lar bulunmaktad\u0131r.<\/p>\n\n<\/div>\n<\/div>\n<\/div>\n<\/div>\n\n\n<h2 class=\"wp-block-heading\">Referanslar<\/h2>\n\n\n\n<p>Ulusal Biyoteknoloji Bilgi Merkezi. Kan\u0131ta Dayal\u0131 T\u0131bbi \u00d6ng\u00f6r\u00fc. Eri\u015fim adresi <a href=\"https:\/\/www.ncbi.nlm.nih.gov\/pmc\/articles\/PMC4852869\/\" data-type=\"URL\" data-id=\"https:\/\/www.ncbi.nlm.nih.gov\/pmc\/articles\/PMC4852869\/\" target=\"_blank\" rel=\"noopener\">https:\/\/www.ncbi.nlm.nih.gov\/pmc\/articles\/PMC4852869\/<\/a><\/p>","protected":false},"excerpt":{"rendered":"<p>A scalp rash can be a persistent and frustrating condition. It affects about 3 to 5 percent of the general population. It shows up as red patches, painful bumps, flaking skin, and itchy inflammatory responses. Fix a rash on head with the scary truth and an amazing cure. Use powerful, incredible remedies to stop scary [&hellip;]<\/p>","protected":false},"author":13,"featured_media":21501,"comment_status":"closed","ping_status":"closed","sticky":false,"template":"","format":"standard","meta":{"footnotes":"","rank_math_title":"","rank_math_description":"Fix a rash on head with the scary truth and an amazing cure. Use powerful, incredible remedies to stop scary itching and achieve health now.","rank_math_canonical_url":"","rank_math_focus_keyword":"rash on head,health,treatment"},"categories":[14],"tags":[2059,3372,2090,417,1925],"class_list":["post-20040","post","type-post","status-publish","format-standard","has-post-thumbnail","hentry","category-hair","tag-health","tag-rash","tag-relief","tag-scalp-care","tag-skin-care"],"_links":{"self":[{"href":"https:\/\/goldcityhair.com\/tr\/wp-json\/wp\/v2\/posts\/20040","targetHints":{"allow":["GET"]}}],"collection":[{"href":"https:\/\/goldcityhair.com\/tr\/wp-json\/wp\/v2\/posts"}],"about":[{"href":"https:\/\/goldcityhair.com\/tr\/wp-json\/wp\/v2\/types\/post"}],"author":[{"embeddable":true,"href":"https:\/\/goldcityhair.com\/tr\/wp-json\/wp\/v2\/users\/13"}],"replies":[{"embeddable":true,"href":"https:\/\/goldcityhair.com\/tr\/wp-json\/wp\/v2\/comments?post=20040"}],"version-history":[{"count":2,"href":"https:\/\/goldcityhair.com\/tr\/wp-json\/wp\/v2\/posts\/20040\/revisions"}],"predecessor-version":[{"id":23439,"href":"https:\/\/goldcityhair.com\/tr\/wp-json\/wp\/v2\/posts\/20040\/revisions\/23439"}],"wp:featuredmedia":[{"embeddable":true,"href":"https:\/\/goldcityhair.com\/tr\/wp-json\/wp\/v2\/media\/21501"}],"wp:attachment":[{"href":"https:\/\/goldcityhair.com\/tr\/wp-json\/wp\/v2\/media?parent=20040"}],"wp:term":[{"taxonomy":"category","embeddable":true,"href":"https:\/\/goldcityhair.com\/tr\/wp-json\/wp\/v2\/categories?post=20040"},{"taxonomy":"post_tag","embeddable":true,"href":"https:\/\/goldcityhair.com\/tr\/wp-json\/wp\/v2\/tags?post=20040"}],"curies":[{"name":"wp","href":"https:\/\/api.w.org\/{rel}","templated":true}]}}