{"id":20041,"date":"2026-02-23T04:40:09","date_gmt":"2026-02-23T03:40:09","guid":{"rendered":"https:\/\/goldcityhair.com\/?p=20041"},"modified":"2026-03-09T06:50:39","modified_gmt":"2026-03-09T05:50:39","slug":"kafa-derisi-lezyonlari-korkunc-gercek-duzeltmeleri","status":"publish","type":"post","link":"https:\/\/goldcityhair.com\/tr\/sac\/kafa-derisi-lezyonlari-korkunc-gercek-duzeltmeleri\/","title":{"rendered":"Sa\u00e7 Derisindeki Lezyonlar: Korkun\u00e7 Ger\u00e7ek ve \u00c7\u00f6z\u00fcmleri"},"content":{"rendered":"<figure class=\"wp-block-image size-large\"><img fetchpriority=\"high\" decoding=\"async\" width=\"1024\" height=\"683\" src=\"https:\/\/goldcityhair.com\/wp-content\/uploads\/2026\/02\/image_1-333-1024x683.webp\" alt=\"Sa\u00e7 Derisindeki Lezyonlar: Korkun\u00e7 Ger\u00e7ek ve \u00c7\u00f6z\u00fcmler\" class=\"wp-image-22909\" srcset=\"https:\/\/goldcityhair.com\/wp-content\/uploads\/2026\/02\/image_1-333-1024x683.webp 1024w, https:\/\/goldcityhair.com\/wp-content\/uploads\/2026\/02\/image_1-333-300x200.webp 300w, https:\/\/goldcityhair.com\/wp-content\/uploads\/2026\/02\/image_1-333-768x512.webp 768w, https:\/\/goldcityhair.com\/wp-content\/uploads\/2026\/02\/image_1-333-18x12.webp 18w, https:\/\/goldcityhair.com\/wp-content\/uploads\/2026\/02\/image_1-333.webp 1200w\" sizes=\"(max-width: 1024px) 100vw, 1024px\" \/><\/figure>\n\n\n\n<p>Sa\u00e7 derisi rahats\u0131zl\u0131klar\u0131 bir\u00e7ok insan\u0131 etkileyen yayg\u0131n bir sorundur. Pilar kistleri tek ba\u015f\u0131na bireylerin yakla\u015f\u0131k y\u00fczde 10'unu etkiler. Bu da onlar\u0131 b\u00fcy\u00fck bir endi\u015fe kayna\u011f\u0131 haline getirmektedir.<\/p>\n\n\n\n<p>Korkutucu ger\u00e7ekler ve \u00e7\u00f6z\u00fcmlerle kafa derisindeki lezyonlar\u0131 anlay\u0131n. Korkun\u00e7 lekeleri y\u00f6netmek ve inan\u0131lmaz bir sa\u011fl\u0131k elde etmek i\u00e7in \u015fa\u015f\u0131rt\u0131c\u0131, g\u00fc\u00e7l\u00fc yollar kullan\u0131n.<\/p>\n\n\n\n<p>Bir\u00e7ok \u015fey kafa derisi sorunlar\u0131na neden olabilir. Bunlar aras\u0131nda kronik sa\u011fl\u0131k sorunlar\u0131, \u00e7evresel maruziyetler, enfeksiyonlar ve parazitler yer al\u0131r. Do\u011fru te\u015fhisi koymak bu sorunlar\u0131 tedavi etmenin anahtar\u0131d\u0131r.<\/p>\n\n\n\n<p>Farkl\u0131 kafa derisi b\u00fcy\u00fcmeleri hakk\u0131nda bilgi sahibi olmak \u00f6nemlidir. Kafa derisini etkileyebilecek bir\u00e7ok durum vard\u0131r. Ayr\u0131nt\u0131l\u0131 bir rehber, insanlar\u0131n te\u015fhis ve tedavi se\u00e7eneklerini anlamalar\u0131na yard\u0131mc\u0131 olabilir.<\/p>\n\n\n\n<h3 class=\"wp-block-heading\">\u00d6nemli \u00c7\u0131kar\u0131mlar<\/h3>\n\n\n\n<p>Kafa derisi rahats\u0131zl\u0131klar\u0131 yayg\u0131n bir sorundur ve pilar kistler n\u00fcfusun yakla\u015f\u0131k 10%'sini etkilemektedir.<\/p>\n\n\n\n<p>Kronik sa\u011fl\u0131k sorunlar\u0131 ve \u00e7evresel maruziyetler de dahil olmak \u00fczere \u00e7e\u015fitli fakt\u00f6rler kafa derisi b\u00fcy\u00fcmelerine neden olabilir.<\/p>\n\n\n\n<p>Etkili tedavi i\u00e7in do\u011fru te\u015fhis \u015fartt\u0131r.<\/p>\n\n\n\n<p>Farkl\u0131 kafa derisi b\u00fcy\u00fcmesi t\u00fcrlerini anlamak, do\u011fru bak\u0131m\u0131 almak i\u00e7in \u00f6nemlidir.<\/p>\n\n\n\n<p>Ayr\u0131nt\u0131l\u0131 bir k\u0131lavuz, insanlar\u0131n tan\u0131lar\u0131n\u0131 ve tedavi se\u00e7eneklerini anlamalar\u0131na yard\u0131mc\u0131 olabilir.<\/p>\n\n\n\n<h2 class=\"wp-block-heading\">Sa\u00e7l\u0131 Deride S\u0131k G\u00f6r\u00fclen Lezyonlar\u0131 Anlamak: Prevalans ve Genel Bak\u0131\u015f<\/h2>\n\n\n\n<figure class=\"wp-block-image size-large\"><img decoding=\"async\" width=\"1024\" height=\"683\" src=\"https:\/\/goldcityhair.com\/wp-content\/uploads\/2026\/02\/image_2-330-1024x683.webp\" alt=\"Sa\u00e7 Derisindeki Lezyonlar: Korkun\u00e7 Ger\u00e7ek ve \u00c7\u00f6z\u00fcmler\" class=\"wp-image-22910\" srcset=\"https:\/\/goldcityhair.com\/wp-content\/uploads\/2026\/02\/image_2-330-1024x683.webp 1024w, https:\/\/goldcityhair.com\/wp-content\/uploads\/2026\/02\/image_2-330-300x200.webp 300w, https:\/\/goldcityhair.com\/wp-content\/uploads\/2026\/02\/image_2-330-768x512.webp 768w, https:\/\/goldcityhair.com\/wp-content\/uploads\/2026\/02\/image_2-330-18x12.webp 18w, https:\/\/goldcityhair.com\/wp-content\/uploads\/2026\/02\/image_2-330.webp 1200w\" sizes=\"(max-width: 1024px) 100vw, 1024px\" \/><\/figure>\n\n\n\n<p>Hem hastalar hem de doktorlar i\u00e7in kafa derisi lezyonlar\u0131 hakk\u0131nda bilgi sahibi olmak \u00f6nemlidir. Bunlar zarars\u0131z b\u00fcy\u00fcmeler veya ciddi t\u00fcm\u00f6rler olabilir. Ne kadar yayg\u0131n olduklar\u0131 \u00e7ok de\u011fi\u015fkenlik g\u00f6sterebilir.<\/p>\n\n\n\n<h3 class=\"wp-block-heading\">Toplumda Sa\u00e7l\u0131 Deri Lezyonlar\u0131n\u0131n Yayg\u0131nl\u0131\u011f\u0131<\/h3>\n\n\n\n<p>Kafa derisi lezyonlar\u0131 olduk\u00e7a yayg\u0131nd\u0131r. Baz\u0131 t\u00fcrleri di\u011ferlerinden daha yayg\u0131nd\u0131r. \u00d6rne\u011fin, kafa taramas\u0131 yap\u0131lan yeti\u015fkinlerin yakla\u015f\u0131k y\u00fczde 2,5'inde pilar kistler bulunur.<\/p>\n\n\n\n<p>Bu kistlerin \u00e7o\u011fu, y\u00fczde 80 ila 90'\u0131 kafa derisindedir. Bu da bu b\u00f6lgede ne kadar yayg\u0131n olduklar\u0131n\u0131 g\u00f6stermektedir.<\/p>\n\n\n\n<p>Kafa derisi lezyonlar\u0131n\u0131n \u00e7o\u011fu, y\u00fczde 93 ila 99'u kanserli de\u011fildir. Bunu bilmek doktorlar\u0131n bunlar\u0131 nas\u0131l tedavi edeceklerine karar vermelerine yard\u0131mc\u0131 olur. Ayr\u0131ca kafa derisinde b\u00fcy\u00fcme tespit eden ki\u015filerin sakinle\u015fmesine de yard\u0131mc\u0131 olur.<\/p>\n\n\n\n<h3 class=\"wp-block-heading\">\u0130yi Huylu ve K\u00f6t\u00fc Huylu Sa\u00e7 Derisi B\u00fcy\u00fcmeleri<\/h3>\n\n\n\n<p>Zarars\u0131z ve tehlikeli kafa derisi b\u00fcy\u00fcmeleri aras\u0131ndaki fark\u0131 anlamak \u00e7ok \u00f6nemlidir. Pilar kistleri gibi iyi huylu b\u00fcy\u00fcmeler genellikle ciddi de\u011fildir. \u00c7ok fazla tedaviye ihtiya\u00e7 duymayabilirler.<\/p>\n\n\n\n<p>Ancak k\u00f6t\u00fc huylu t\u00fcm\u00f6rler ciddidir ve h\u0131zl\u0131 hareket edilmesi gerekir. Hemen tedavi edilmeleri gerekir.<\/p>\n\n\n\n<p>Zarars\u0131z ve tehlikeli b\u00fcy\u00fcmeler aras\u0131ndaki fark\u0131 bilmek \u00e7ok \u00f6nemlidir. Doktorlar kafa derisindeki bir lezyonun ne oldu\u011funu anlamak i\u00e7in \u00f6zel aletler kullan\u0131rlar. Bu, do\u011fru tedaviyi vermelerine yard\u0131mc\u0131 olur.<\/p>\n\n\n\n<h2 class=\"wp-block-heading\">7 Yayg\u0131n Sa\u00e7 Derisi Lezyonu T\u00fcr\u00fc ve \u00d6zellikleri<\/h2>\n\n\n\n<figure class=\"wp-block-image size-large\"><img decoding=\"async\" width=\"1024\" height=\"683\" src=\"https:\/\/goldcityhair.com\/wp-content\/uploads\/2026\/02\/image_3-302-1024x683.webp\" alt=\"Sa\u00e7 Derisindeki Lezyonlar: Korkun\u00e7 Ger\u00e7ek ve \u00c7\u00f6z\u00fcmler\" class=\"wp-image-22911\" srcset=\"https:\/\/goldcityhair.com\/wp-content\/uploads\/2026\/02\/image_3-302-1024x683.webp 1024w, https:\/\/goldcityhair.com\/wp-content\/uploads\/2026\/02\/image_3-302-300x200.webp 300w, https:\/\/goldcityhair.com\/wp-content\/uploads\/2026\/02\/image_3-302-768x512.webp 768w, https:\/\/goldcityhair.com\/wp-content\/uploads\/2026\/02\/image_3-302-18x12.webp 18w, https:\/\/goldcityhair.com\/wp-content\/uploads\/2026\/02\/image_3-302.webp 1200w\" sizes=\"(max-width: 1024px) 100vw, 1024px\" \/><\/figure>\n\n\n\n<p>Kafa derisi lezyonlar\u0131 hakk\u0131nda bilgi sahibi olmak do\u011fru tedavi i\u00e7in \u00e7ok \u00f6nemlidir. Bu b\u00fcy\u00fcmeler kistlere, t\u00fcm\u00f6rlere ve daha fazlas\u0131na yol a\u00e7an bir\u00e7ok \u015feyden kaynaklanabilir.<\/p>\n\n\n\n<p>Kafa derisindeki bir lezyon zarars\u0131z ya da ciddi olabilir. T\u00fcr\u00fcn\u00fc bilmek nas\u0131l tedavi edilece\u011fine karar vermeye yard\u0131mc\u0131 olur. 7 yayg\u0131n kafa derisi lezyonuna, belirtilerine ve semptomlar\u0131na bakaca\u011f\u0131z.<\/p>\n\n\n\n<h3 class=\"wp-block-heading\">Pilar Kistleri (Trikilemmal Kistler)<\/h3>\n\n\n\n<p>Trikilemmal kistler olarak da bilinen pilar kistler yayg\u0131nd\u0131r ve genellikle zarars\u0131zd\u0131r. Bunlar:<\/p>\n\n\n\n<p>Dokunuldu\u011funda p\u00fcr\u00fczs\u00fcz ve sa\u011flam<\/p>\n\n\n\n<p>Hareketli ve \u00e7evre dokuya ba\u011fl\u0131 de\u011fil<\/p>\n\n\n\n<p>Kal\u0131n, keratinimsi bir malzeme ile doldurulmu\u015f<\/p>\n\n\n\n<p>Bu kistler iltihaplanabilir veya enfekte olabilir, a\u011fr\u0131ya ve yara izine neden olabilir. Genellikle cerrahi olarak \u00e7\u0131kar\u0131l\u0131rlar.<\/p>\n\n\n\n<h3 class=\"wp-block-heading\">Epidermoid Kistler<\/h3>\n\n\n\n<p>Epidermoid kistler kafa derisinde iyi huylu b\u00fcy\u00fcmelerdir. Bunlar:<\/p>\n\n\n\n<p>Sevimsiz, beyaz bir malzeme ile doldurulmu\u015f<\/p>\n\n\n\n<p>Genellikle yava\u015f b\u00fcy\u00fcr ve a\u011fr\u0131s\u0131zd\u0131r<\/p>\n\n\n\n<p>\u0130ltihaplanabilir veya enfekte olabilir<\/p>\n\n\n\n<p>Cerrahi olarak \u00e7\u0131kar\u0131larak tedavi edilirler. Bunlar\u0131 di\u011fer kafa derisi lezyonlar\u0131ndan ay\u0131rmak \u00f6nemlidir.<\/p>\n\n\n\n<h3 class=\"wp-block-heading\">Dermoid Kistler<\/h3>\n\n\n\n<p>Dermoid kistler do\u011fumda mevcuttur veya \u00e7ocukluk \u00e7a\u011f\u0131nda ortaya \u00e7\u0131kar. Bunlar:<\/p>\n\n\n\n<p>Tipik olarak do\u011fumda mevcuttur veya \u00e7ocukluk d\u00f6neminde ortaya \u00e7\u0131kar<\/p>\n\n\n\n<p>Sa\u00e7, deri ve di\u011fer elementler de dahil olmak \u00fczere \u00e7e\u015fitli dokularla doludur<\/p>\n\n\n\n<p>Enfekte olabilir veya rahats\u0131zl\u0131\u011fa neden olabilir<\/p>\n\n\n\n<p>Sorunlardan ka\u00e7\u0131nmak i\u00e7in genellikle cerrahi olarak \u00e7\u0131kar\u0131l\u0131rlar.<\/p>\n\n\n\n<h3 class=\"wp-block-heading\">Sebas\u00f6z Hiperplazi<\/h3>\n\n\n\n<p>Sebas\u00f6z hiperplazi iyi huylu bir durumdur. Kafa derisindeki ya\u011f bezlerinin b\u00fcy\u00fcmesine neden olur. \u015euna benzer:<\/p>\n\n\n\n<p>K\u00fc\u00e7\u00fck, sar\u0131ms\u0131 veya et renginde \u015fi\u015flikler<\/p>\n\n\n\n<p>Genellikle \u00e7oklu ve yayg\u0131n olabilir<\/p>\n\n\n\n<p>Di\u011fer cilt rahats\u0131zl\u0131klar\u0131 ile ili\u015fkili olabilir<\/p>\n\n\n\n<p>Genellikle endi\u015fe verici de\u011fildir ancak g\u00f6r\u00fcn\u00fc\u015f i\u00e7in tedavi edilebilir.<\/p>\n\n\n\n<p>\u00d6zetle, kafa derisi lezyonlar\u0131 hakk\u0131nda bilgi sahibi olmak tedavi i\u00e7in hayati \u00f6nem ta\u015f\u0131r. Bu yayg\u0131n b\u00fcy\u00fcmelerin belirtilerini tan\u0131mak, do\u011fru bak\u0131m\u0131 almaya yard\u0131mc\u0131 olur. Bu da en iyi sonu\u00e7lar\u0131n al\u0131nmas\u0131n\u0131 sa\u011flar.<\/p>\n\n\n\n<h2 class=\"wp-block-heading\">Sonu\u00e7: Sa\u00e7 Derisindeki B\u00fcy\u00fcmeler \u0130\u00e7in Ne Zaman T\u0131bbi Yard\u0131m Al\u0131nmal\u0131d\u0131r?<\/h2>\n\n\n\n<p>Kafa derinizdeki bir b\u00fcy\u00fcmenin neden orada oldu\u011funu bilmek \u00f6nemlidir. Bir\u00e7o\u011fu zarars\u0131zd\u0131r, ancak baz\u0131lar\u0131 t\u00fcm\u00f6r gibi ciddi olabilir.<\/p>\n\n\n\n<p>Yeni veya de\u011fi\u015fen bir b\u00fcy\u00fcme g\u00f6r\u00fcrseniz, bir doktora g\u00f6r\u00fcn\u00fcn. H\u0131zl\u0131 b\u00fcy\u00fcyen bir yumru, a\u011fr\u0131 veya kanama gibi belirtilere dikkat edin.<\/p>\n\n\n\n<p>Sa\u00e7 derisindeki b\u00fcy\u00fcmelerin bir\u00e7ok nedeni olabilir. Bir doktor veya dermatolo\u011fun kontrol etmesi gerekir. Endi\u015feleniyorsan\u0131z, sa\u011fl\u0131k sorunlar\u0131ndan ka\u00e7\u0131nmak i\u00e7in kontrol ettirin.<\/p>\n\n\n\n<p>Erken kontrol ettirmek kendinizi daha iyi hissetmenizi sa\u011flayabilir. Ne zaman doktora g\u00f6r\u00fcnmeniz gerekti\u011fini bilmek sa\u00e7 derinizin sa\u011fl\u0131kl\u0131 kalmas\u0131na yard\u0131mc\u0131 olur.<\/p>\n\n\n\n<h2 class=\"wp-block-heading\">SSS<\/h2>\n\n\n<div id=\"rank-math-faq\" class=\"rank-math-block\">\n<div class=\"rank-math-list\">\n<div id=\"faq-question-17721680228620.3226307452887671\" class=\"rank-math-list-item\">\n<h3 class=\"rank-math-question\">Sa\u00e7l\u0131 deri kistlerinin en yayg\u0131n t\u00fcrleri nelerdir?<\/h3>\n<div class=\"rank-math-answer\">\n\n<p>Yayg\u0131n kafa derisi kistleri \u015funlar\u0131 i\u00e7erir <strong>epidermoid kistler, pilar (trikilemmal) kistler ve sebase kistler<\/strong>, Bunlar genellikle iyi huyludur ve yava\u015f b\u00fcy\u00fcr.<\/p>\n\n<\/div>\n<\/div>\n<div id=\"faq-question-17721680228620.6570453815104773\" class=\"rank-math-list-item\">\n<h3 class=\"rank-math-question\">\u0130yi huylu ve k\u00f6t\u00fc huylu kafa derisi b\u00fcy\u00fcmesi aras\u0131ndaki fark nedir?<\/h3>\n<div class=\"rank-math-answer\">\n\n<p>\u0130yi huylu b\u00fcy\u00fcmeler <strong>kanserli de\u011fildir, yava\u015f b\u00fcy\u00fcr ve genellikle a\u011fr\u0131s\u0131zd\u0131r<\/strong>, k\u00f6t\u00fc huylu b\u00fcy\u00fcmeler ise <strong>h\u0131zla b\u00fcy\u00fcr, kanar, \u00fclserle\u015fir veya a\u011fr\u0131ya neden olur<\/strong>, ve derhal t\u0131bbi de\u011ferlendirme gerektirir.<\/p>\n\n<\/div>\n<\/div>\n<div id=\"faq-question-17721680228620.5818322600268888\" class=\"rank-math-list-item\">\n<h3 class=\"rank-math-question\">Kafa derisi t\u00fcm\u00f6r\u00fcn\u00fcn belirtileri nelerdir?<\/h3>\n<div class=\"rank-math-answer\">\n\n<p>Belirtiler \u015funlar\u0131 i\u00e7erebilir <strong>yumru, kal\u0131c\u0131 a\u011fr\u0131, k\u0131zar\u0131kl\u0131k, kanama, \u00fclserasyon veya boyut veya renk de\u011fi\u015fiklikleri<\/strong> kafa derisi lezyonunun.<\/p>\n\n<\/div>\n<\/div>\n<div id=\"faq-question-17721680228620.6616609362601522\" class=\"rank-math-list-item\">\n<h3 class=\"rank-math-question\">Kafa derisi lezyonlar\u0131 altta yatan bir durumun belirtisi olabilir mi?<\/h3>\n<div class=\"rank-math-answer\">\n\n<p>Evet, baz\u0131 kafa derisi lezyonlar\u0131 \u015funlar\u0131 g\u00f6sterebilir <strong>enfeksiyonlar, otoimm\u00fcn bozukluklar veya cilt kanserleri<\/strong>, Bu nedenle do\u011fru de\u011ferlendirme \u00f6nemlidir.<\/p>\n\n<\/div>\n<\/div>\n<div id=\"faq-question-17721680228620.0697263420392723\" class=\"rank-math-list-item\">\n<h3 class=\"rank-math-question\">Kafa derisi b\u00fcy\u00fcmeleri nas\u0131l te\u015fhis edilir?<\/h3>\n<div class=\"rank-math-answer\">\n\n<p>Te\u015fhis genellikle bir <strong>fizik muayene, dermoskopi, g\u00f6r\u00fcnt\u00fcleme ve bazen biyopsi<\/strong> b\u00fcy\u00fcmenin niteli\u011fini belirlemek i\u00e7in.<\/p>\n\n<\/div>\n<\/div>\n<div id=\"faq-question-17721680228620.9335090506414887\" class=\"rank-math-list-item\">\n<h3 class=\"rank-math-question\">Kafa derisindeki nod\u00fcller her zaman endi\u015fe kayna\u011f\u0131 m\u0131d\u0131r?<\/h3>\n<div class=\"rank-math-answer\">\n\n<p>Hay\u0131r, bir\u00e7ok kafa derisi nod\u00fcl\u00fc <strong>iyi huylu kistler<\/strong>, ancak boyut, a\u011fr\u0131 veya g\u00f6r\u00fcn\u00fcmdeki de\u011fi\u015fiklikler bir sa\u011fl\u0131k uzman\u0131 taraf\u0131ndan de\u011ferlendirilmelidir.<\/p>\n\n<\/div>\n<\/div>\n<div id=\"faq-question-17721680228620.2225908767919108\" class=\"rank-math-list-item\">\n<h3 class=\"rank-math-question\">Sa\u00e7l\u0131 derideki ya\u011f hiperplazisi nedir?<\/h3>\n<div class=\"rank-math-answer\">\n\n<p>Sebas\u00f6z hiperplazi bir <strong>ya\u011f bezlerinin iyi huylu b\u00fcy\u00fcmesi<\/strong>, genellikle zarars\u0131z olan k\u00fc\u00e7\u00fck, sar\u0131ms\u0131 yumrular olarak ortaya \u00e7\u0131kar.<\/p>\n\n<\/div>\n<\/div>\n<div id=\"faq-question-17721680228620.3598195825988496\" class=\"rank-math-list-item\">\n<h3 class=\"rank-math-question\">Kafa derisi b\u00fcy\u00fcmesi i\u00e7in ne zaman t\u0131bbi yard\u0131m almal\u0131y\u0131m?<\/h3>\n<div class=\"rank-math-answer\">\n\n<p>B\u00fcy\u00fcme varsa t\u0131bbi de\u011ferlendirme isteyin <strong>h\u0131zla b\u00fcy\u00fcr, kanar, a\u011fr\u0131l\u0131 hale gelir, renk de\u011fi\u015ftirir veya birka\u00e7 hafta boyunca devam eder<\/strong>, enfeksiyon veya maligniteyi ekarte etmek i\u00e7in.<\/p>\n\n<\/div>\n<\/div>\n<\/div>\n<\/div>\n\n\n<h2 class=\"wp-block-heading\">Referanslar<\/h2>\n\n\n\n<p>Ulusal Biyoteknoloji Bilgi Merkezi. Kan\u0131ta Dayal\u0131 T\u0131bbi \u00d6ng\u00f6r\u00fc. Eri\u015fim adresi <a href=\"https:\/\/pmc.ncbi.nlm.nih.gov\/articles\/PMC10510136\/\" data-type=\"URL\" data-id=\"https:\/\/pmc.ncbi.nlm.nih.gov\/articles\/PMC10510136\/\" target=\"_blank\" rel=\"noopener\">https:\/\/pmc.ncbi.nlm.nih.gov\/articles\/PMC10510136\/<\/a><\/p>\n\n\n\n<p><\/p>","protected":false},"excerpt":{"rendered":"<p>Scalp conditions are a common problem, affecting many people. Pilar cysts alone affect about 10 percent of individuals. This makes them a big concern. Understand lesions on scalp with the scary truth and fixes. Use amazing, powerful ways to manage scary spots and achieve incredible health. Many things can cause scalp problems. These include chronic [&hellip;]<\/p>","protected":false},"author":13,"featured_media":22909,"comment_status":"closed","ping_status":"closed","sticky":false,"template":"","format":"standard","meta":{"footnotes":"","rank_math_title":"","rank_math_description":"Understand lesions on scalp with the scary truth and fixes. Use amazing, powerful ways to manage scary spots and achieve incredible health.","rank_math_canonical_url":"","rank_math_focus_keyword":"lesions on scalp,health,treatment"},"categories":[14],"tags":[2059,3644,2540,393,1925],"class_list":["post-20041","post","type-post","status-publish","format-standard","has-post-thumbnail","hentry","category-hair","tag-health","tag-lesions","tag-medical","tag-scalp-health","tag-skin-care"],"_links":{"self":[{"href":"https:\/\/goldcityhair.com\/tr\/wp-json\/wp\/v2\/posts\/20041","targetHints":{"allow":["GET"]}}],"collection":[{"href":"https:\/\/goldcityhair.com\/tr\/wp-json\/wp\/v2\/posts"}],"about":[{"href":"https:\/\/goldcityhair.com\/tr\/wp-json\/wp\/v2\/types\/post"}],"author":[{"embeddable":true,"href":"https:\/\/goldcityhair.com\/tr\/wp-json\/wp\/v2\/users\/13"}],"replies":[{"embeddable":true,"href":"https:\/\/goldcityhair.com\/tr\/wp-json\/wp\/v2\/comments?post=20041"}],"version-history":[{"count":2,"href":"https:\/\/goldcityhair.com\/tr\/wp-json\/wp\/v2\/posts\/20041\/revisions"}],"predecessor-version":[{"id":23435,"href":"https:\/\/goldcityhair.com\/tr\/wp-json\/wp\/v2\/posts\/20041\/revisions\/23435"}],"wp:featuredmedia":[{"embeddable":true,"href":"https:\/\/goldcityhair.com\/tr\/wp-json\/wp\/v2\/media\/22909"}],"wp:attachment":[{"href":"https:\/\/goldcityhair.com\/tr\/wp-json\/wp\/v2\/media?parent=20041"}],"wp:term":[{"taxonomy":"category","embeddable":true,"href":"https:\/\/goldcityhair.com\/tr\/wp-json\/wp\/v2\/categories?post=20041"},{"taxonomy":"post_tag","embeddable":true,"href":"https:\/\/goldcityhair.com\/tr\/wp-json\/wp\/v2\/tags?post=20041"}],"curies":[{"name":"wp","href":"https:\/\/api.w.org\/{rel}","templated":true}]}}