{"id":20042,"date":"2026-02-23T04:40:09","date_gmt":"2026-02-23T03:40:09","guid":{"rendered":"https:\/\/goldcityhair.com\/?p=20042"},"modified":"2026-03-09T06:50:41","modified_gmt":"2026-03-09T05:50:41","slug":"kirik-uclari-iyilestirir-inanilmaz-guclu-sonuclar","status":"publish","type":"post","link":"https:\/\/goldcityhair.com\/tr\/sac\/kirik-uclari-iyilestirir-inanilmaz-guclu-sonuclar\/","title":{"rendered":"B\u00f6l\u00fcnm\u00fc\u015f U\u00e7lar\u0131 \u0130yile\u015ftirin: \u0130nan\u0131lmaz G\u00fc\u00e7l\u00fc Sonu\u00e7lar"},"content":{"rendered":"<figure class=\"wp-block-image size-large\"><img fetchpriority=\"high\" decoding=\"async\" width=\"1024\" height=\"683\" src=\"https:\/\/goldcityhair.com\/wp-content\/uploads\/2026\/02\/image_1-78-1024x683.webp\" alt=\"B\u00f6l\u00fcnm\u00fc\u015f U\u00e7lar\u0131 \u0130yile\u015ftirin: \u0130nan\u0131lmaz G\u00fc\u00e7l\u00fc Sonu\u00e7lar\" class=\"wp-image-21518\" srcset=\"https:\/\/goldcityhair.com\/wp-content\/uploads\/2026\/02\/image_1-78-1024x683.webp 1024w, https:\/\/goldcityhair.com\/wp-content\/uploads\/2026\/02\/image_1-78-300x200.webp 300w, https:\/\/goldcityhair.com\/wp-content\/uploads\/2026\/02\/image_1-78-768x512.webp 768w, https:\/\/goldcityhair.com\/wp-content\/uploads\/2026\/02\/image_1-78-18x12.webp 18w, https:\/\/goldcityhair.com\/wp-content\/uploads\/2026\/02\/image_1-78.webp 1200w\" sizes=\"(max-width: 1024px) 100vw, 1024px\" \/><\/figure>\n\n\n\n<p>Y\u0131pranm\u0131\u015f sa\u00e7lar bir\u00e7ok ki\u015fi i\u00e7in ortak bir endi\u015fe kayna\u011f\u0131d\u0131r ve k\u0131r\u0131k u\u00e7lar donuk, k\u0131r\u0131lgan sa\u00e7 tellerine \u00f6nemli bir katk\u0131da bulunur.<\/p>\n\n\n\n<p>\u0130nan\u0131lmaz g\u00fc\u00e7l\u00fc sonu\u00e7larla k\u0131r\u0131k u\u00e7lar\u0131 nas\u0131l iyile\u015ftirece\u011finizi ke\u015ffedin. Korkun\u00e7 hasar\u0131 durdurmak ve inan\u0131lmaz derecede yumu\u015fak sa\u00e7lar elde etmek i\u00e7in inan\u0131lmaz s\u0131rlar\u0131 kullan\u0131n.<\/p>\n\n\n\n<p>Sa\u00e7\u0131n koruyucu d\u0131\u015f k\u00fctik\u00fcl tabakas\u0131 a\u015f\u0131nd\u0131\u011f\u0131nda sa\u00e7 u\u00e7lar\u0131nda k\u0131r\u0131lmalara yol a\u00e7ar. Bu durum \u0131s\u0131yla \u015fekillendirme, kimyasal i\u015flemler ve \u00e7evresel fakt\u00f6rler nedeniyle meydana gelir. Nedenlerini anlamak, etkili tedaviler bulman\u0131n anahtar\u0131d\u0131r.<\/p>\n\n\n\n<p>\u00c7e\u015fitli nedenleri ve \u00e7\u00f6z\u00fcm yollar\u0131n\u0131 ke\u015ffetmek, y\u0131pranm\u0131\u015f sa\u00e7lar\u0131 y\u00f6netmeye y\u00f6nelik ilk ad\u0131md\u0131r. Bu sayede daha sa\u011fl\u0131kl\u0131, daha canl\u0131 sa\u00e7lara sahip olabilirsiniz.<\/p>\n\n\n\n<h3 class=\"wp-block-heading\">\u00d6nemli \u00c7\u0131kar\u0131mlar<\/h3>\n\n\n\n<p>K\u0131r\u0131k u\u00e7lar, sa\u00e7\u0131n d\u0131\u015f k\u00fctik\u00fcl tabakas\u0131ndaki hasar nedeniyle olu\u015fur.<\/p>\n\n\n\n<p>Etkili \u00e7\u00f6z\u00fcmler, koruyucu serumlar ve besleyici ya\u011flar\u0131n bir kombinasyonunu i\u00e7erir.<\/p>\n\n\n\n<p>D\u00fczenli bak\u0131m, daha fazla hasar\u0131 \u00f6nlemenin anahtar\u0131d\u0131r.<\/p>\n\n\n\n<p>Do\u011fru sa\u00e7 \u00fcr\u00fcnlerini kullanmak kuru sa\u00e7 u\u00e7lar\u0131n\u0131 onarmaya yard\u0131mc\u0131 olabilir.<\/p>\n\n\n\n<p>Sa\u00e7 bak\u0131m\u0131na stratejik bir yakla\u015f\u0131m, k\u0131r\u0131k u\u00e7lar\u0131n y\u00f6netilmesine yard\u0131mc\u0131 olabilir.<\/p>\n\n\n\n<h2 class=\"wp-block-heading\">B\u00f6l\u00fcnm\u00fc\u015f U\u00e7lar\u0131 Anlamak: Nedenleri ve Bilimi<\/h2>\n\n\n\n<figure class=\"wp-block-image size-large\"><img decoding=\"async\" width=\"1024\" height=\"683\" src=\"https:\/\/goldcityhair.com\/wp-content\/uploads\/2026\/02\/image_2-79-1024x683.webp\" alt=\"B\u00f6l\u00fcnm\u00fc\u015f U\u00e7lar\u0131 \u0130yile\u015ftirin: \u0130nan\u0131lmaz G\u00fc\u00e7l\u00fc Sonu\u00e7lar\" class=\"wp-image-21519\" srcset=\"https:\/\/goldcityhair.com\/wp-content\/uploads\/2026\/02\/image_2-79-1024x683.webp 1024w, https:\/\/goldcityhair.com\/wp-content\/uploads\/2026\/02\/image_2-79-300x200.webp 300w, https:\/\/goldcityhair.com\/wp-content\/uploads\/2026\/02\/image_2-79-768x512.webp 768w, https:\/\/goldcityhair.com\/wp-content\/uploads\/2026\/02\/image_2-79-18x12.webp 18w, https:\/\/goldcityhair.com\/wp-content\/uploads\/2026\/02\/image_2-79.webp 1200w\" sizes=\"(max-width: 1024px) 100vw, 1024px\" \/><\/figure>\n\n\n\n<p>Sa\u00e7\u0131n\u0131za iyi bakmak i\u00e7in k\u0131r\u0131k u\u00e7lar\u0131n neden olu\u015ftu\u011funu bilmek \u00f6nemlidir. K\u0131r\u0131k u\u00e7lar sa\u00e7 hasar\u0131n\u0131n bir i\u015faretidir. \u00c7ok fazla \u0131s\u0131yla \u015fekillendirme, kimyasal i\u015flemler ve sert kullan\u0131mdan kaynaklanabilirler.<\/p>\n\n\n\n<h3 class=\"wp-block-heading\">B\u00f6l\u00fcnm\u00fc\u015f U\u00e7lar Nedir ve Neden Olu\u015fur?<\/h3>\n\n\n\n<p>K\u0131r\u0131k u\u00e7lar, sa\u00e7 iki veya \u00fc\u00e7 tele ayr\u0131ld\u0131\u011f\u0131nda meydana gelir. Bu sa\u00e7\u0131n ucunda ba\u015flar. Sa\u00e7\u0131n d\u0131\u015f katman\u0131 olan k\u00fctik\u00fcl\u00fcn hasar g\u00f6rmesi, i\u00e7 katmanlar\u0131 a\u00e7\u0131\u011fa \u00e7\u0131kararak yar\u0131lmalara ve k\u0131r\u0131lmalara neden olur.<\/p>\n\n\n\n<p>Kuru sa\u00e7lar i\u00e7in durulanmayan bir serum kullanmak sa\u00e7\u0131 korumaya yard\u0131mc\u0131 olur. Nemi i\u00e7eride tutar ve sa\u00e7 tellerinin s\u00fcrt\u00fcnmesini azalt\u0131r.<\/p>\n\n\n\n<p>Sa\u00e7 k\u00fctik\u00fcl\u00fc k\u0131r\u0131k u\u00e7lar\u0131 \u00f6nlemenin anahtar\u0131d\u0131r. Sa\u011fl\u0131kl\u0131 bir k\u00fctik\u00fcl sa\u00e7\u0131 g\u00fcvende tutar. Ancak, k\u00fctik\u00fcl hasar g\u00f6rd\u00fc\u011f\u00fcnde sa\u00e7 daha savunmas\u0131z hale gelir. K\u0131r\u0131k u\u00e7 ya\u011f\u0131 veya k\u0131r\u0131k u\u00e7 kapat\u0131c\u0131 kullanmak, k\u00fctik\u00fcl\u00fc beslemeye ve korumaya yard\u0131mc\u0131 olarak k\u0131r\u0131k u\u00e7lar\u0131 azalt\u0131r.<\/p>\n\n\n\n<h3 class=\"wp-block-heading\">Sa\u00e7 Hasar\u0131n\u0131n Yayg\u0131n Nedenleri<\/h3>\n\n\n\n<p>Bir\u00e7ok \u015fey sa\u00e7 u\u00e7lar\u0131n\u0131n k\u0131r\u0131lmas\u0131na yol a\u00e7abilir. A\u015f\u0131r\u0131 \u0131s\u0131yla \u015fekillendirme sa\u00e7\u0131 kurutur, k\u00fctik\u00fcl\u00fc kald\u0131r\u0131r ve k\u0131r\u0131lmalara neden olur. Sa\u00e7 boyas\u0131 veya perma gibi kimyasal i\u015flemler de sa\u00e7\u0131n yap\u0131s\u0131n\u0131 de\u011fi\u015ftirerek ve k\u00fctik\u00fcl\u00fc tehlikeye atarak sa\u00e7a zarar verir.<\/p>\n\n\n\n<p>Sa\u00e7\u0131n taranmas\u0131, f\u0131r\u00e7alanmas\u0131 veya kabaca tutulmas\u0131ndan kaynaklanan mekanik stres de sa\u00e7a zarar verebilir, \u00f6zellikle de sa\u00e7 \u0131slak oldu\u011funda. Nazik sa\u00e7 bak\u0131m \u00fcr\u00fcnleri kullanmak ve \u0131s\u0131yla \u015fekillendirmeyi azaltmak yard\u0131mc\u0131 olur. Rutininize k\u0131r\u0131k u\u00e7lar i\u00e7in sa\u00e7 bak\u0131m \u00fcr\u00fcnleri eklemek ekstra beslenme ve koruma sa\u011flar.<\/p>\n\n\n\n<h2 class=\"wp-block-heading\">Etkili Split End Tedavi \u00dcr\u00fcnleri ve Y\u00f6ntemleri<\/h2>\n\n\n\n<figure class=\"wp-block-image size-large\"><img decoding=\"async\" width=\"1024\" height=\"683\" src=\"https:\/\/goldcityhair.com\/wp-content\/uploads\/2026\/02\/image_3-74-1024x683.webp\" alt=\"B\u00f6l\u00fcnm\u00fc\u015f U\u00e7lar\u0131 \u0130yile\u015ftirin: \u0130nan\u0131lmaz G\u00fc\u00e7l\u00fc Sonu\u00e7lar\" class=\"wp-image-21520\" srcset=\"https:\/\/goldcityhair.com\/wp-content\/uploads\/2026\/02\/image_3-74-1024x683.webp 1024w, https:\/\/goldcityhair.com\/wp-content\/uploads\/2026\/02\/image_3-74-300x200.webp 300w, https:\/\/goldcityhair.com\/wp-content\/uploads\/2026\/02\/image_3-74-768x512.webp 768w, https:\/\/goldcityhair.com\/wp-content\/uploads\/2026\/02\/image_3-74-18x12.webp 18w, https:\/\/goldcityhair.com\/wp-content\/uploads\/2026\/02\/image_3-74.webp 1200w\" sizes=\"(max-width: 1024px) 100vw, 1024px\" \/><\/figure>\n\n\n\n<p>Do\u011fru sa\u00e7 bak\u0131m \u00fcr\u00fcnlerini ve y\u00f6ntemlerini anlamak ve kullanmak k\u0131r\u0131k u\u00e7lar\u0131 tedavi etmenin anahtar\u0131d\u0131r. K\u0131r\u0131k u\u00e7lar b\u00fcy\u00fck bir sorun olabilir, ancak do\u011fru yakla\u015f\u0131mla y\u00f6netilebilir ve tedavi edilebilirler.<\/p>\n\n\n\n<h3 class=\"wp-block-heading\">Durulanmayan Sa\u00e7 Kremleri ve Serumlar<\/h3>\n\n\n\n<p>K\u0131r\u0131k u\u00e7lar i\u00e7in durulanmayan sa\u00e7 kremleri ve sa\u00e7 serumlar\u0131 sa\u00e7\u0131 nemlendirmek ve beslemek i\u00e7in gereklidir. Nemi i\u00e7eride tutmaya yard\u0131mc\u0131 olarak k\u0131r\u0131k u\u00e7lar\u0131 daha az g\u00f6r\u00fcn\u00fcr hale getirir ve daha fazla hasar\u0131 \u00f6nler. Nemlendirici faydalar\u0131 i\u00e7in argan ya\u011f\u0131, hindistan cevizi ya\u011f\u0131 veya shea ya\u011f\u0131 i\u00e7eren \u00fcr\u00fcnleri tercih edin.<\/p>\n\n\n\n<h3 class=\"wp-block-heading\">Protein Bazl\u0131 Sa\u00e7 Bak\u0131mlar\u0131<\/h3>\n\n\n\n<p>Protein bazl\u0131 sa\u00e7 bak\u0131mlar\u0131 k\u0131r\u0131k u\u00e7lar\u0131 tedavi etmek i\u00e7in harikad\u0131r. Y\u0131pranm\u0131\u015f sa\u00e7lar\u0131 onar\u0131r ve g\u00fc\u00e7lendirir. Kimyasallardan, \u0131s\u0131dan veya \u00e7evreden zarar g\u00f6rm\u00fc\u015f sa\u00e7lar i\u00e7in iyidir. D\u00fczenli kullan\u0131m sa\u00e7\u0131 daha g\u00fc\u00e7l\u00fc ve k\u0131r\u0131k u\u00e7lara daha az e\u011filimli hale getirebilir.<\/p>\n\n\n\n<h3 class=\"wp-block-heading\">Do\u011fal Ya\u011flar ve U\u00e7 Kapat\u0131c\u0131lar<\/h3>\n\n\n\n<p>Do\u011fal ya\u011flar ve u\u00e7 kapat\u0131c\u0131lar sa\u00e7 bak\u0131m\u0131 i\u00e7in \u00f6nemlidir. Nemi hapseder ve sa\u00e7 u\u00e7lar\u0131n\u0131 hasardan korurlar. Argan, hindistan cevizi ve jojoba gibi ya\u011flar sa\u00e7\u0131 beslemek ve korumak i\u00e7in harikad\u0131r. Bu ya\u011flarla yap\u0131lan u\u00e7 kapat\u0131c\u0131lar nemi hapseder ve kurulu\u011fu \u00f6nleyerek k\u0131r\u0131k u\u00e7lar\u0131 azalt\u0131r.<\/p>\n\n\n\n<p>Kuru sa\u00e7 u\u00e7lar\u0131 i\u00e7in en iyi sa\u00e7 \u00fcr\u00fcn\u00fcn\u00fc se\u00e7erken sa\u00e7 tipinizi ve ihtiya\u00e7lar\u0131n\u0131z\u0131 g\u00f6z \u00f6n\u00fcnde bulundurun. Kuru veya y\u0131pranm\u0131\u015f sa\u00e7lar i\u00e7in nemlendirici bak\u0131m\u0131ndan zengin \u00fcr\u00fcnler se\u00e7in. Ya\u011fl\u0131 sa\u00e7lar i\u00e7in, sa\u00e7\u0131 a\u011f\u0131rla\u015ft\u0131rmayacak daha hafif \u00fcr\u00fcnler tercih edin.<\/p>\n\n\n\n<h2 class=\"wp-block-heading\">\u00d6nleme ve Uzun Vadeli Sa\u00e7 Bak\u0131m Stratejileri<\/h2>\n\n\n\n<p>K\u0131r\u0131k u\u00e7lar\u0131 \u00f6nlemek i\u00e7in do\u011fru \u00fcr\u00fcnlere ve tekniklere ihtiyac\u0131n\u0131z vard\u0131r. Sa\u00e7 u\u00e7lar\u0131n\u0131 kapatan bir serum kullanmak nemi hapsedebilir ve sa\u00e7\u0131 koruyabilir. D\u00fczenli sa\u00e7 kesimi ve nazik sa\u00e7 bak\u0131m \u00fcr\u00fcnleri de k\u0131r\u0131k u\u00e7lar\u0131n \u00f6nlenmesine yard\u0131mc\u0131 olur.<\/p>\n\n\n\n<p>Zaten k\u0131r\u0131k u\u00e7lar\u0131n\u0131z varsa, k\u0131r\u0131k sa\u00e7 tedavisi sa\u00e7\u0131n\u0131z\u0131 onarabilir ve besleyebilir. K\u0131r\u0131k u\u00e7lu kad\u0131nlar i\u00e7in uygun fiyatl\u0131, salon kalitesinde sa\u00e7 bak\u0131mlar\u0131 aray\u0131n. Bunlar argan ya\u011f\u0131 ve keratin gibi bile\u015fenler i\u00e7ermelidir. K\u0131r\u0131k u\u00e7lar i\u00e7in en iyi sa\u00e7 serumu sa\u00e7\u0131n\u0131z\u0131 p\u00fcr\u00fczs\u00fczle\u015ftirebilir ve koruyabilir. \u0130yi bir k\u0131r\u0131k u\u00e7 tedavisi y\u0131pranm\u0131\u015f sa\u00e7lar\u0131 onarabilir ve eski haline getirebilir.<\/p>\n\n\n\n<p>Sa\u00e7 bak\u0131m rutininize en iyi k\u0131r\u0131k u\u00e7 serumunu eklemek k\u0131r\u0131k u\u00e7lar\u0131 \u00f6nleyebilir. Bu da daha sa\u011fl\u0131kl\u0131 ve canl\u0131 sa\u00e7lara kavu\u015fman\u0131za yard\u0131mc\u0131 olur. Do\u011fru \u00fcr\u00fcn ve tekniklerle sa\u00e7lar\u0131n\u0131z\u0131 uzun s\u00fcre sa\u011fl\u0131kl\u0131 tutabilirsiniz. Bu, k\u0131r\u0131k u\u00e7lar\u0131n g\u00f6r\u00fcn\u00fcm\u00fcn\u00fc azalt\u0131r.<\/p>\n\n\n\n<h2 class=\"wp-block-heading\">SSS<\/h2>\n\n\n<div id=\"rank-math-faq\" class=\"rank-math-block\">\n<div class=\"rank-math-list\">\n<div id=\"faq-question-17719883712480.932178307923259\" class=\"rank-math-list-item\">\n<h3 class=\"rank-math-question\">K\u0131r\u0131k u\u00e7lar i\u00e7in en etkili sa\u00e7 bak\u0131mlar\u0131 nelerdir?<\/h3>\n<div class=\"rank-math-answer\">\n\n<p>En etkili bak\u0131mlar d\u00fczenli kesimler, protein a\u00e7\u0131s\u0131ndan zengin maskeler, g\u00fc\u00e7lendirici serumlar, derin sa\u00e7 kremleri ve k\u0131r\u0131k u\u00e7lar\u0131 yumu\u015fatmak ve ge\u00e7ici olarak kapatmak i\u00e7in form\u00fcle edilmi\u015f \u00fcr\u00fcnlerdir.<\/p>\n\n<\/div>\n<\/div>\n<div id=\"faq-question-17719883712480.26156445388922855\" class=\"rank-math-list-item\">\n<h3 class=\"rank-math-question\">K\u0131r\u0131k u\u00e7lar\u0131n olu\u015fmas\u0131n\u0131 en ba\u015fta nas\u0131l \u00f6nleyebilirim?<\/h3>\n<div class=\"rank-math-answer\">\n\n<p>A\u015f\u0131r\u0131 \u0131s\u0131 ve kimyasal hasarlardan ka\u00e7\u0131narak, nazik a\u00e7ma teknikleri kullanarak, sa\u00e7\u0131 g\u00fcne\u015ften ve s\u00fcrt\u00fcnmeden koruyarak ve sa\u00e7\u0131 iyi bak\u0131ml\u0131 tutarak k\u0131r\u0131k u\u00e7lar\u0131 \u00f6nleyin.<\/p>\n\n<\/div>\n<\/div>\n<div id=\"faq-question-17719883712490.5471355655410345\" class=\"rank-math-list-item\">\n<h3 class=\"rank-math-question\">K\u0131r\u0131k u\u00e7lar i\u00e7in en iyi sa\u00e7 serumu hangisidir?<\/h3>\n<div class=\"rank-math-answer\">\n\n<p>Argan ya\u011f\u0131, silikonlar veya keratin gibi onar\u0131c\u0131 ve yumu\u015fat\u0131c\u0131 bile\u015fenler i\u00e7eren bir serum, k\u0131r\u0131k u\u00e7lar\u0131n g\u00f6r\u00fcn\u00fcm\u00fcn\u00fc azaltmaya ve sa\u00e7 tellerini daha fazla k\u0131r\u0131lmaya kar\u015f\u0131 korumaya yard\u0131mc\u0131 olabilir.<\/p>\n\n<\/div>\n<\/div>\n<div id=\"faq-question-17719883712490.1766555477548234\" class=\"rank-math-list-item\">\n<h3 class=\"rank-math-question\">Ayr\u0131k u\u00e7 tedavisi olarak durulanmayan sa\u00e7 kremi kullanabilir miyim?<\/h3>\n<div class=\"rank-math-answer\">\n\n<p>Evet, durulanmayan sa\u00e7 kremleri sa\u00e7\u0131 nemlendirmeye, g\u00fc\u00e7lendirmeye ve korumaya yard\u0131mc\u0131 olur, bu da sa\u00e7 kesimleri aras\u0131nda k\u0131r\u0131k u\u00e7lar\u0131n \u015fiddetini azaltabilir.<\/p>\n\n<\/div>\n<\/div>\n<div id=\"faq-question-17719883712490.7569241071548531\" class=\"rank-math-list-item\">\n<h3 class=\"rank-math-question\">U\u00e7lar\u0131m\u0131n k\u0131r\u0131lmas\u0131n\u0131 \u00f6nlemek i\u00e7in ne s\u0131kl\u0131kta budama yapt\u0131rmal\u0131y\u0131m?<\/h3>\n<div class=\"rank-math-answer\">\n\n<p>Her g\u00fcn t\u0131ra\u015f olmak <strong>8-12 hafta<\/strong> Hasarl\u0131 u\u00e7lar\u0131n daha da k\u00f6t\u00fcle\u015fmeden giderilmesine yard\u0131mc\u0131 olur ve sa\u00e7\u0131n sa\u011fl\u0131kl\u0131 kalmas\u0131n\u0131 sa\u011flar.<\/p>\n\n<\/div>\n<\/div>\n<div id=\"faq-question-17719883712490.7392048643959233\" class=\"rank-math-list-item\">\n<h3 class=\"rank-math-question\">K\u0131r\u0131k u\u00e7lar i\u00e7in salon kalitesinde uygun fiyatl\u0131 sa\u00e7 bak\u0131mlar\u0131 var m\u0131?<\/h3>\n<div class=\"rank-math-answer\">\n\n<p>Evet, bir\u00e7ok eczane maskesi, serumu ve bak\u0131m k\u00fcr\u00fc, \u00f6zellikle keratin veya derin bak\u0131m form\u00fcll\u00fc olanlar, y\u00fcksek bir fiyat etiketi olmadan salon benzeri sonu\u00e7lar sunar.<\/p>\n\n<\/div>\n<\/div>\n<div id=\"faq-question-17719883712490.21761074672855218\" class=\"rank-math-list-item\">\n<h3 class=\"rank-math-question\">K\u0131r\u0131k u\u00e7lar\u0131 tedavi etmek i\u00e7in do\u011fal ya\u011flar kullanabilir miyim?<\/h3>\n<div class=\"rank-math-answer\">\n\n<p>Evet, hindistan cevizi, argan, jojoba veya hint ya\u011f\u0131 gibi do\u011fal ya\u011flar kuru u\u00e7lar\u0131 beslemeye ve p\u00fcr\u00fczs\u00fczle\u015ftirmeye yard\u0131mc\u0131 olarak k\u0131r\u0131k u\u00e7lar\u0131n daha az fark edilmesini sa\u011flayabilir.<\/p>\n\n<\/div>\n<\/div>\n<div id=\"faq-question-17719883712490.831092665571421\" class=\"rank-math-list-item\">\n<h3 class=\"rank-math-question\">K\u0131r\u0131k u\u00e7lar i\u00e7in sa\u00e7 serumu uygulaman\u0131n en iyi yolu nedir?<\/h3>\n<div class=\"rank-math-answer\">\n\n<p>\u00dczerine serum uygulay\u0131n <strong>sadece nemli veya kuru sa\u00e7 u\u00e7lar\u0131<\/strong>, k\u00f6klerden ka\u00e7\u0131n\u0131n ve k\u0131r\u0131k u\u00e7lar\u0131 yumu\u015fatmak ve \u0131s\u0131 ve s\u00fcrt\u00fcnmeden korumak i\u00e7in az miktarda kullan\u0131n.<\/p>\n\n<\/div>\n<\/div>\n<\/div>\n<\/div>\n\n\n<h2 class=\"wp-block-heading\">Referanslar<\/h2>\n\n\n\n<p>Ulusal Biyoteknoloji Bilgi Merkezi. Kan\u0131ta Dayal\u0131 T\u0131bbi \u00d6ng\u00f6r\u00fc. Eri\u015fim adresi <a href=\"https:\/\/pubmed.ncbi.nlm.nih.gov\/24123183\/\" data-type=\"URL\" data-id=\"https:\/\/pubmed.ncbi.nlm.nih.gov\/24123183\/\" target=\"_blank\" rel=\"noopener\">https:\/\/pubmed.ncbi.nlm.nih.gov\/24123183\/<\/a><\/p>","protected":false},"excerpt":{"rendered":"<p>Damaged hair is a common concern for many, with split ends being a major contributor to dull, brittle locks. Discover how to heal split ends with amazing powerful results. Use incredible secrets to stop scary damage and achieve incredibly soft hair. When the protective outer cuticle layer of hair wears away, it leads to split [&hellip;]<\/p>","protected":false},"author":13,"featured_media":21518,"comment_status":"closed","ping_status":"closed","sticky":false,"template":"","format":"standard","meta":{"footnotes":"","rank_math_title":"","rank_math_description":"Discover how to heal split ends with amazing powerful results. Use incredible secrets to stop scary damage and achieve incredibly soft hair.","rank_math_canonical_url":"","rank_math_focus_keyword":"heal split ends,health,treatment"},"categories":[14],"tags":[23,3373,2586,3061,3319],"class_list":["post-20042","post","type-post","status-publish","format-standard","has-post-thumbnail","hentry","category-hair","tag-beauty","tag-hair-healing","tag-repair","tag-shine","tag-split-ends"],"_links":{"self":[{"href":"https:\/\/goldcityhair.com\/tr\/wp-json\/wp\/v2\/posts\/20042","targetHints":{"allow":["GET"]}}],"collection":[{"href":"https:\/\/goldcityhair.com\/tr\/wp-json\/wp\/v2\/posts"}],"about":[{"href":"https:\/\/goldcityhair.com\/tr\/wp-json\/wp\/v2\/types\/post"}],"author":[{"embeddable":true,"href":"https:\/\/goldcityhair.com\/tr\/wp-json\/wp\/v2\/users\/13"}],"replies":[{"embeddable":true,"href":"https:\/\/goldcityhair.com\/tr\/wp-json\/wp\/v2\/comments?post=20042"}],"version-history":[{"count":2,"href":"https:\/\/goldcityhair.com\/tr\/wp-json\/wp\/v2\/posts\/20042\/revisions"}],"predecessor-version":[{"id":23437,"href":"https:\/\/goldcityhair.com\/tr\/wp-json\/wp\/v2\/posts\/20042\/revisions\/23437"}],"wp:featuredmedia":[{"embeddable":true,"href":"https:\/\/goldcityhair.com\/tr\/wp-json\/wp\/v2\/media\/21518"}],"wp:attachment":[{"href":"https:\/\/goldcityhair.com\/tr\/wp-json\/wp\/v2\/media?parent=20042"}],"wp:term":[{"taxonomy":"category","embeddable":true,"href":"https:\/\/goldcityhair.com\/tr\/wp-json\/wp\/v2\/categories?post=20042"},{"taxonomy":"post_tag","embeddable":true,"href":"https:\/\/goldcityhair.com\/tr\/wp-json\/wp\/v2\/tags?post=20042"}],"curies":[{"name":"wp","href":"https:\/\/api.w.org\/{rel}","templated":true}]}}