{"id":20058,"date":"2026-02-23T04:40:10","date_gmt":"2026-02-23T03:40:10","guid":{"rendered":"https:\/\/goldcityhair.com\/?p=20058"},"modified":"2026-03-09T06:25:57","modified_gmt":"2026-03-09T05:25:57","slug":"sac-flebi%cc%87-ameli%cc%87yati-i%cc%87nanilmaz-buyuk-kazanimlar","status":"publish","type":"post","link":"https:\/\/goldcityhair.com\/tr\/sac\/sac-flebi%cc%87-ameli%cc%87yati-i%cc%87nanilmaz-buyuk-kazanimlar\/","title":{"rendered":"Sa\u00e7 Flebi Ameliyat\u0131: \u0130nan\u0131lmaz B\u00fcy\u00fck Kazan\u00e7lar"},"content":{"rendered":"<figure class=\"wp-block-image size-large\"><img fetchpriority=\"high\" decoding=\"async\" width=\"1024\" height=\"683\" src=\"https:\/\/goldcityhair.com\/wp-content\/uploads\/2026\/02\/image_1-342-1024x683.webp\" alt=\"Sa\u00e7 Flebi Ameliyat\u0131: \u0130nan\u0131lmaz B\u00fcy\u00fck Kazan\u00e7lar\" class=\"wp-image-22958\" srcset=\"https:\/\/goldcityhair.com\/wp-content\/uploads\/2026\/02\/image_1-342-1024x683.webp 1024w, https:\/\/goldcityhair.com\/wp-content\/uploads\/2026\/02\/image_1-342-300x200.webp 300w, https:\/\/goldcityhair.com\/wp-content\/uploads\/2026\/02\/image_1-342-768x512.webp 768w, https:\/\/goldcityhair.com\/wp-content\/uploads\/2026\/02\/image_1-342-18x12.webp 18w, https:\/\/goldcityhair.com\/wp-content\/uploads\/2026\/02\/image_1-342.webp 1200w\" sizes=\"(max-width: 1024px) 100vw, 1024px\" \/><\/figure>\n\n\n\n<p>Sa\u00e7 flebi ameliyat\u0131 bir zamanlar kafa derisi sorunlar\u0131n\u0131 ve sa\u00e7 d\u00f6k\u00fclmesini d\u00fczeltmek i\u00e7in \u00f6nemli bir y\u00f6ntemdi. \u015eimdi ise, sa\u00e7 restorasyonunun ge\u00e7mi\u015finde \u00e7o\u011funlukla kullan\u0131l\u0131yor, g\u00fcn\u00fcm\u00fczde pek kullan\u0131lm\u0131yor.<\/p>\n\n\n\n<p>Bu ameliyat sa\u00e7 d\u00f6k\u00fclmesini \u00f6rtmek i\u00e7in sa\u00e7 ta\u015f\u0131yan dokuyu hareket ettirir. Farkl\u0131 kafa derisi problemlerini d\u00fczeltmek i\u00e7in rotasyonel kafa derisi flebi kullan\u0131r.<\/p>\n\n\n\n<p>Bu k\u0131lavuz sa\u00e7 flebi ameliyat\u0131n\u0131 ayr\u0131nt\u0131l\u0131 olarak a\u00e7\u0131klayacakt\u0131r. Tarih\u00e7esi, t\u00fcrleri ve olas\u0131 sorunlar\u0131 hakk\u0131nda bilgi edineceksiniz. Kafa derisi rekonstr\u00fcksiyon tekniklerine derinlemesine bir dal\u0131\u015f.<\/p>\n\n\n\n<h3 class=\"wp-block-heading\">\u00d6nemli \u00c7\u0131kar\u0131mlar<\/h3>\n\n\n\n<p>Sa\u00e7 restorasyonunda sa\u00e7 flep cerrahisinin tarih\u00e7esini ve \u00f6nemini anlamak.<\/p>\n\n\n\n<p>Rotasyonel kafa derisi flebi de dahil olmak \u00fczere ilgili cerrahi tekniklere genel bak\u0131\u015f.<\/p>\n\n\n\n<p>Sa\u00e7 restorasyon y\u00f6ntemlerinin evrimi \u00fczerine tart\u0131\u015fma.<\/p>\n\n\n\n<p>Sa\u00e7 flebi ameliyat\u0131n\u0131n olas\u0131 komplikasyonlar\u0131 ve riskleri hakk\u0131nda bilgiler.<\/p>\n\n\n\n<p>Prosed\u00fcrden ve iyile\u015fme s\u00fcrecinden ne beklenece\u011fi konusunda rehberlik.<\/p>\n\n\n\n<h2 class=\"wp-block-heading\">Sa\u00e7 Flebi Ameliyat\u0131n\u0131 Anlamak<\/h2>\n\n\n\n<figure class=\"wp-block-image size-large\"><img decoding=\"async\" width=\"1024\" height=\"684\" src=\"https:\/\/goldcityhair.com\/wp-content\/uploads\/2026\/02\/image_2-339-1024x684.webp\" alt=\"Sa\u00e7 Flebi Ameliyat\u0131: \u0130nan\u0131lmaz B\u00fcy\u00fck Kazan\u00e7lar\" class=\"wp-image-22960\" srcset=\"https:\/\/goldcityhair.com\/wp-content\/uploads\/2026\/02\/image_2-339-1024x684.webp 1024w, https:\/\/goldcityhair.com\/wp-content\/uploads\/2026\/02\/image_2-339-300x200.webp 300w, https:\/\/goldcityhair.com\/wp-content\/uploads\/2026\/02\/image_2-339-768x513.webp 768w, https:\/\/goldcityhair.com\/wp-content\/uploads\/2026\/02\/image_2-339-18x12.webp 18w, https:\/\/goldcityhair.com\/wp-content\/uploads\/2026\/02\/image_2-339.webp 1200w\" sizes=\"(max-width: 1024px) 100vw, 1024px\" \/><\/figure>\n\n\n\n<p>Sa\u00e7 flebi ameliyat\u0131 \u00f6nemli bir sa\u00e7 restorasyon y\u00f6ntemidir. Sa\u00e7 folik\u00fclleri i\u00e7eren bir kafa derisi b\u00f6l\u00fcm\u00fcn\u00fc kel noktalara ta\u015f\u0131r. Bu, \u00f6nemli \u00f6l\u00e7\u00fcde sa\u00e7 d\u00f6k\u00fclmesi olanlara yard\u0131mc\u0131 olur.<\/p>\n\n\n\n<h3 class=\"wp-block-heading\">Sa\u00e7 Flebi Ameliyat\u0131 Nedir?<\/h3>\n\n\n\n<p>Sa\u00e7 flep ameliyat\u0131 veya kafa derisi flep prosed\u00fcr\u00fc, kel noktalara sa\u00e7lar\u0131 geri getirmenin bir yoludur. Sa\u011fl\u0131kl\u0131 sa\u00e7 k\u00f6klerine sahip bir kafa derisi flebini ihtiya\u00e7 duyulan b\u00f6lgeye ta\u015f\u0131r. Bu y\u00f6ntem onlarca y\u0131ld\u0131r kullan\u0131lmaktad\u0131r ve baz\u0131 sa\u00e7 d\u00f6k\u00fclmesi tiplerinde i\u015fe yaramaktad\u0131r.<\/p>\n\n\n\n<h3 class=\"wp-block-heading\">Kafa Derisi Flep Prosed\u00fcr\u00fc T\u00fcrleri<\/h3>\n\n\n\n<p>Juri Flap, Elliot Flap ve Fleming\/Mayer Flap gibi bir\u00e7ok kafa derisi flep prosed\u00fcr\u00fc vard\u0131r. Her birinin kendine has \u00f6zellikleri vard\u0131r ve farkl\u0131 sa\u00e7 d\u00f6k\u00fclmesi modellerine uyar.<\/p>\n\n\n\n<p>Juri Flap, kel noktalar\u0131 kapatmak i\u00e7in bir kafa derisi flebini d\u00f6nd\u00fcr\u00fcr. Elliot Flap daha karma\u015f\u0131kt\u0131r ve daha geni\u015f kel alanlar\u0131 kapsar. Fleming\/Mayer Flap, do\u011fal bir g\u00f6r\u00fcn\u00fcm hedefleyerek sa\u00e7 \u00e7izgisini d\u00fczeltmek i\u00e7in m\u00fckemmeldir.<\/p>\n\n\n\n<h3 class=\"wp-block-heading\">Faydalar ve S\u0131n\u0131rlamalar<\/h3>\n\n\n\n<p>Sa\u00e7 flebi ameliyat\u0131n\u0131n tek seferde \u00e7ok say\u0131da sa\u00e7\u0131 geri kazand\u0131rmak gibi b\u00fcy\u00fck faydalar\u0131 vard\u0131r. Ancak, yeterli don\u00f6r sa\u00e7a ihtiya\u00e7 duyulmas\u0131 ve sorun riski gibi dezavantajlar\u0131 da vard\u0131r.<\/p>\n\n\n\n<p>\u00d6zetle, sa\u00e7 flebi ameliyat\u0131, farkl\u0131 ihtiya\u00e7lar i\u00e7in bir\u00e7ok y\u00f6ntemle sa\u00e7 restorasyonu i\u00e7in iyi bir se\u00e7imdir. Her birinin art\u0131lar\u0131n\u0131 ve eksilerini bilmek, ak\u0131ll\u0131 bir se\u00e7im yapman\u0131n anahtar\u0131d\u0131r.<\/p>\n\n\n\n<h2 class=\"wp-block-heading\">Sa\u00e7 Flebi Ameliyat\u0131 Prosed\u00fcr\u00fc<\/h2>\n\n\n\n<figure class=\"wp-block-image size-large\"><img decoding=\"async\" width=\"1024\" height=\"683\" src=\"https:\/\/goldcityhair.com\/wp-content\/uploads\/2026\/02\/image_3-311-1024x683.webp\" alt=\"Sa\u00e7 Flebi Ameliyat\u0131: \u0130nan\u0131lmaz B\u00fcy\u00fck Kazan\u00e7lar\" class=\"wp-image-22961\" srcset=\"https:\/\/goldcityhair.com\/wp-content\/uploads\/2026\/02\/image_3-311-1024x683.webp 1024w, https:\/\/goldcityhair.com\/wp-content\/uploads\/2026\/02\/image_3-311-300x200.webp 300w, https:\/\/goldcityhair.com\/wp-content\/uploads\/2026\/02\/image_3-311-768x512.webp 768w, https:\/\/goldcityhair.com\/wp-content\/uploads\/2026\/02\/image_3-311-18x12.webp 18w, https:\/\/goldcityhair.com\/wp-content\/uploads\/2026\/02\/image_3-311.webp 1200w\" sizes=\"(max-width: 1024px) 100vw, 1024px\" \/><\/figure>\n\n\n\n<p>Sa\u00e7 flebi ameliyat\u0131n\u0131 anlamak, bunu d\u00fc\u015f\u00fcnenler i\u00e7in \u00e7ok \u00f6nemlidir. Bu y\u00f6ntem, sa\u00e7 ta\u015f\u0131yan kafa derisi fleplerini kel noktalara ta\u015f\u0131r. B\u00fcy\u00fck sa\u00e7 d\u00f6k\u00fclmelerinin \u00fcstesinden gelmenin bir yoludur.<\/p>\n\n\n\n<h3 class=\"wp-block-heading\">Ameliyat \u00d6ncesi Kons\u00fcltasyon ve Planlama<\/h3>\n\n\n\n<p>\u0130lk ad\u0131m detayl\u0131 bir ameliyat \u00f6ncesi g\u00f6r\u00fc\u015fmedir. Cerrah sa\u00e7 d\u00f6k\u00fclmesini, don\u00f6r sa\u00e7\u0131 ve kafa derisi sa\u011fl\u0131\u011f\u0131n\u0131 kontrol eder. Bu konu\u015fma ameliyat\u0131n planlanmas\u0131 i\u00e7in hayati \u00f6nem ta\u015f\u0131r.<\/p>\n\n\n\n<p>Daha sonra, hasta ve cerrah ne beklemeleri gerekti\u011fini tart\u0131\u015f\u0131rlar. Flep boyutunu, yerini ve transfer y\u00f6ntemini planlarlar. Bu, ameliyat\u0131n hastan\u0131n ihtiya\u00e7lar\u0131n\u0131 kar\u015f\u0131lamas\u0131n\u0131 sa\u011flar.<\/p>\n\n\n\n<h3 class=\"wp-block-heading\">\u00c7ok A\u015famal\u0131 S\u00fcre\u00e7<\/h3>\n\n\n\n<p>Ana ameliyattan \u00f6nce kafa derisi geni\u015fletme ameliyat\u0131 yap\u0131labilir. Kafa derisini germek i\u00e7in doku geni\u015fleticiler kullan\u0131l\u0131r. Bu, daha b\u00fcy\u00fck bir flep i\u00e7in yer a\u00e7ar. Geni\u015fletme s\u00fcresi, ne kadar ihtiya\u00e7 duyuldu\u011funa ba\u011fl\u0131 olarak de\u011fi\u015fir.<\/p>\n\n\n\n<p>Sa\u00e7 flebi ameliyat\u0131n\u0131n birka\u00e7 ad\u0131m\u0131 vard\u0131r. \u0130lk olarak, flep don\u00f6r b\u00f6lgeden al\u0131n\u0131r. Daha sonra kel b\u00f6lgeye ta\u015f\u0131n\u0131r. Flebin hayatta kalmas\u0131n\u0131 ve do\u011fal g\u00f6r\u00fcnmesini sa\u011flamak i\u00e7in ameliyat\u0131n hassas olmas\u0131 gerekir.<\/p>\n\n\n\n<p>Geli\u015fmi\u015f bir y\u00f6ntem de rotasyonel kafa derisi flebidir. Sa\u00e7 ta\u015f\u0131yan bir kafa derisi flebini kel b\u00f6lgeye d\u00f6nd\u00fcr\u00fcr. Bu, do\u011fal bir sa\u00e7 b\u00fcy\u00fcme modelinin geri kazan\u0131lmas\u0131na yard\u0131mc\u0131 olur.<\/p>\n\n\n\n<h2 class=\"wp-block-heading\">Sa\u00e7 Flebi Ameliyat\u0131 Sonras\u0131 \u0130yile\u015fme<\/h2>\n\n\n\n<p>Sa\u00e7 flebi ameliyat\u0131ndan sonra iyile\u015fmek i\u00e7in dikkatli olunmas\u0131 ve ameliyat sonras\u0131 talimatlara uyulmas\u0131 gerekir. Bu s\u00fcre\u00e7, en iyi sonu\u00e7lar\u0131 alman\u0131n ve sorunlardan ka\u00e7\u0131nman\u0131n anahtar\u0131d\u0131r.<\/p>\n\n\n\n<h3 class=\"wp-block-heading\">Ameliyat Sonras\u0131 Acil Bak\u0131m<\/h3>\n\n\n\n<p>Ameliyattan hemen sonra cerrah\u0131n bak\u0131m talimatlar\u0131na uymak hayati \u00f6nem ta\u015f\u0131r. Bu, a\u011fr\u0131y\u0131 y\u00f6netmeyi, b\u00f6lgeyi temiz tutmay\u0131 ve a\u011f\u0131r i\u015flerden ka\u00e7\u0131nmay\u0131 i\u00e7erir.<\/p>\n\n\n\n<p>Ameliyat sonras\u0131 acil bak\u0131m\u0131n kilit y\u00f6nleri \u015funlard\u0131r:<\/p>\n\n\n\n<p>V\u00fccudunuzun iyile\u015fmesine yard\u0131mc\u0131 olmak i\u00e7in iyi dinlenmek<\/p>\n\n\n\n<p>Cerrah taraf\u0131ndan verilen ila\u00e7 plan\u0131na uymak<\/p>\n\n\n\n<p>A\u011f\u0131r kald\u0131rma, e\u011filme veya sert egzersizlerden ka\u00e7\u0131nma<\/p>\n\n\n\n<h3 class=\"wp-block-heading\">Uzun Vadeli \u0130yile\u015fme Zaman \u00c7izelgesi<\/h3>\n\n\n\n<p>Sa\u00e7 flebi ameliyat\u0131n\u0131n iyile\u015fme s\u00fcresi de\u011fi\u015fkenlik g\u00f6sterir. Yeni sa\u00e7lar\u0131n \u00e7\u0131kmas\u0131 ve kafa derisinin tamamen iyile\u015fmesi genellikle haftalar ila aylar s\u00fcrer.<\/p>\n\n\n\n<h3 class=\"wp-block-heading\">Potansiyel Komplikasyonlar ve Bunlardan Ka\u00e7\u0131nma Yollar\u0131<\/h3>\n\n\n\n<p>Sa\u00e7 flebi ameliyat\u0131 \u00e7o\u011funlukla g\u00fcvenlidir, ancak enfeksiyon, nekroz ve yara izi gibi riskler vard\u0131r. Cerrah\u0131n tavsiyelerine uymak ve takip ziyaretlerine gitmek bu riskleri azaltabilir.<\/p>\n\n\n\n<p>Komplikasyonlar\u0131 \u00f6nlemek i\u00e7in \u015funlar\u0131 yapmak \u00f6nemlidir:<\/p>\n\n\n\n<p>Ameliyat b\u00f6lgesini enfeksiyon belirtileri veya di\u011fer sorunlar a\u00e7\u0131s\u0131ndan izleyin<\/p>\n\n\n\n<p>Planlanan t\u00fcm takip randevular\u0131na gidin<\/p>\n\n\n\n<p>Ola\u011fand\u0131\u015f\u0131 semptomlar\u0131 hemen cerraha bildirin<\/p>\n\n\n\n<h2 class=\"wp-block-heading\">Sonu\u00e7<\/h2>\n\n\n\n<p>Sa\u00e7 flebi ameliyat\u0131 art\u0131k sa\u00e7 restorasyonu i\u00e7in en iyi se\u00e7enek de\u011fildir. Yine de kafa derisi rekonstr\u00fcksiyonu tarihinin \u00f6nemli bir par\u00e7as\u0131d\u0131r. Bunu bilmek, sa\u00e7 restorasyonunun zaman i\u00e7inde nas\u0131l de\u011fi\u015fti\u011fini g\u00f6rmemize yard\u0131mc\u0131 olur.<\/p>\n\n\n\n<p>Bu ameliyat, sa\u00e7 ta\u015f\u0131yan bir kafa derisi flebini kel noktalara ta\u015f\u0131r. Sa\u00e7 d\u00f6k\u00fclmesiyle sava\u015fman\u0131n do\u011fal bir yoludur. Daha yeni y\u00f6ntemler tercih edilse de, sa\u00e7 flep cerrahisi hakk\u0131nda bilgi edinmek g\u00fcn\u00fcm\u00fcz sa\u00e7 restorasyon tekniklerini geli\u015ftirebilir.<\/p>\n\n\n\n<p>Sa\u00e7 flep cerrahisini anlamak, g\u00fcn\u00fcm\u00fcz\u00fcn sa\u00e7 restorasyon geli\u015fmelerini takdir etmemize yard\u0131mc\u0131 olur. Ayr\u0131ca doktorlarla sa\u00e7 d\u00f6k\u00fclmesi se\u00e7enekleri hakk\u0131nda konu\u015fmay\u0131 da kolayla\u015ft\u0131r\u0131r. Bu bilgi, sa\u00e7 bak\u0131m\u0131 hakk\u0131nda bilin\u00e7li kararlar vermek i\u00e7in de\u011ferlidir.<\/p>\n\n\n\n<h2 class=\"wp-block-heading\">SSS<\/h2>\n\n\n<div id=\"rank-math-faq\" class=\"rank-math-block\">\n<div class=\"rank-math-list\">\n<div id=\"faq-question-17721706052200.7804427437780388\" class=\"rank-math-list-item\">\n<h3 class=\"rank-math-question\">Kafa derisi flebi ile sa\u00e7 flebi aras\u0131ndaki fark nedir?<\/h3>\n<div class=\"rank-math-answer\">\n\n<p>Kafa derisi flebi \u015funlar\u0131 i\u00e7erir <strong>Sa\u011fl\u0131kl\u0131 sa\u00e7lara ve kan ak\u0131\u015f\u0131na sahip bir kafa derisi b\u00f6l\u00fcm\u00fcn\u00fcn kel bir b\u00f6lgeye ta\u015f\u0131nmas\u0131<\/strong>, bir sa\u00e7 kapa\u011f\u0131 \u00f6zellikle <strong>sadece sa\u00e7 ta\u015f\u0131yan dokuyu nakleder<\/strong>, genellikle rekonstr\u00fcktif veya kozmetik prosed\u00fcrlerin bir par\u00e7as\u0131 olarak.<\/p>\n\n<\/div>\n<\/div>\n<div id=\"faq-question-17721706052200.8761923616226956\" class=\"rank-math-list-item\">\n<h3 class=\"rank-math-question\">Sa\u00e7 flebi ameliyat\u0131ndan sonra iyile\u015fme ne kadar s\u00fcrer?<\/h3>\n<div class=\"rank-math-answer\">\n\n<p>\u0130yile\u015fme tipik olarak <strong>\u0130lk iyile\u015fme i\u00e7in 2-4 hafta<\/strong>, tam sonu\u00e7lar ve sa\u00e7 b\u00fcy\u00fcmesi ile g\u00f6r\u00fclebilir <strong>birka\u00e7 ay<\/strong>.<\/p>\n\n<\/div>\n<\/div>\n<div id=\"faq-question-17721706052200.05688140260246799\" class=\"rank-math-list-item\">\n<h3 class=\"rank-math-question\">Sa\u00e7 flebi ameliyat\u0131 ile ili\u015fkili herhangi bir risk veya komplikasyon var m\u0131?<\/h3>\n<div class=\"rank-math-answer\">\n\n<p>Evet, potansiyel riskler \u015funlar\u0131 i\u00e7erir <strong>enfeksiyon, yara izi, flep nekrozu, do\u011fal olmayan sa\u00e7 y\u00f6n\u00fc ve ge\u00e7ici \u015fi\u015flik veya morarma<\/strong>.<\/p>\n\n<\/div>\n<\/div>\n<div id=\"faq-question-17721706052200.5347852160224911\" class=\"rank-math-list-item\">\n<h3 class=\"rank-math-question\">Sa\u00e7 flebi ameliyat\u0131 di\u011fer sa\u00e7 restorasyon teknikleri ile kombine edilebilir mi?<\/h3>\n<div class=\"rank-math-answer\">\n\n<p>Evet, a\u015fa\u011f\u0131dakilerle birle\u015ftirilebilir <strong>FUE veya FUT sa\u00e7 ekimleri, PRP tedavisi veya lazer tedavileri<\/strong> yo\u011funlu\u011fu ve kapsam\u0131 art\u0131rmak i\u00e7in.<\/p>\n\n<\/div>\n<\/div>\n<div id=\"faq-question-17721706052200.7926617491098179\" class=\"rank-math-list-item\">\n<h3 class=\"rank-math-question\">Sa\u00e7 flebi ameliyat\u0131n\u0131n ba\u015far\u0131s\u0131 nas\u0131l \u00f6l\u00e7\u00fcl\u00fcr?<\/h3>\n<div class=\"rank-math-answer\">\n\n<p>Ba\u015far\u0131 \u015fu \u015fekilde \u00f6l\u00e7\u00fcl\u00fcr <strong>flep sa\u011fkal\u0131m\u0131, do\u011fal sa\u00e7 y\u00f6n\u00fc, sa\u00e7 yo\u011funlu\u011fu ve estetik sonu\u00e7larla hasta memnuniyeti<\/strong>.<\/p>\n\n<\/div>\n<\/div>\n<div id=\"faq-question-17721706052200.24851465109819904\" class=\"rank-math-list-item\">\n<h3 class=\"rank-math-question\">Rotasyonel sa\u00e7l\u0131 deri flep ameliyat\u0131n\u0131n faydalar\u0131 nelerdir?<\/h3>\n<div class=\"rank-math-answer\">\n\n<p>Rotasyonel kafa derisi flepleri \u015funlar\u0131 sa\u011flar <strong>Kel b\u00f6lgeleri an\u0131nda kapat\u0131r, kan ak\u0131\u015f\u0131n\u0131 korur ve do\u011fal g\u00f6r\u00fcn\u00fcml\u00fc sa\u00e7 y\u00f6n\u00fc elde edebilir<\/strong>.<\/p>\n\n<\/div>\n<\/div>\n<div id=\"faq-question-17721706052200.5771345947481531\" class=\"rank-math-list-item\">\n<h3 class=\"rank-math-question\">Sa\u00e7 flebi ameliyat\u0131 sa\u00e7 d\u00f6k\u00fclmesi ya\u015fayan herkes i\u00e7in uygun mudur?<\/h3>\n<div class=\"rank-math-answer\">\n\n<p>Hay\u0131r, genellikle <strong>stabil sa\u00e7 d\u00f6k\u00fclmesi ve yeterli don\u00f6r kafa derisi dokusu olan hastalar i\u00e7in \u00f6nerilir<\/strong>, ve yayg\u0131n incelme veya zay\u0131f kafa derisi elastikiyeti olanlara uygun olmayabilir.<\/p>\n\n<\/div>\n<\/div>\n<div id=\"faq-question-17721706052200.4743492171063338\" class=\"rank-math-list-item\">\n<h3 class=\"rank-math-question\">Sa\u00e7 flebi ameliyat\u0131 i\u00e7in ameliyat \u00f6ncesi kons\u00fcltasyonda neler yer al\u0131r?<\/h3>\n<div class=\"rank-math-answer\">\n\n<p>\u0130sti\u015fare s\u00fcreci \u015funlar\u0131 i\u00e7ermektedir <strong>kafa derisi muayenesi, t\u0131bbi ge\u00e7mi\u015fin g\u00f6zden ge\u00e7irilmesi, beklentilerin tart\u0131\u015f\u0131lmas\u0131, flep tasar\u0131m planlamas\u0131, risklerin ve ameliyat sonras\u0131 bak\u0131m\u0131n a\u00e7\u0131klanmas\u0131<\/strong>.<\/p>\n\n<\/div>\n<\/div>\n<\/div>\n<\/div>\n\n\n<h2 class=\"wp-block-heading\">Referanslar<\/h2>\n\n\n\n<p>Ulusal Biyoteknoloji Bilgi Merkezi. Kan\u0131ta Dayal\u0131 T\u0131bbi \u00d6ng\u00f6r\u00fc. Eri\u015fim adresi <a href=\"https:\/\/pubmed.ncbi.nlm.nih.gov\/12196747\/\" data-type=\"URL\" data-id=\"https:\/\/pubmed.ncbi.nlm.nih.gov\/12196747\/\" target=\"_blank\" rel=\"noopener\">https:\/\/pubmed.ncbi.nlm.nih.gov\/12196747\/<\/a><\/p>","protected":false},"excerpt":{"rendered":"<p>Hair flap surgery was once a key method for fixing scalp issues and hair loss. Now, it&#8217;s mostly used in the history of hair restoration, not as much today. This surgery moves hair-bearing tissue to cover up hair loss. It uses rotational scalp flap to fix different scalp problems. This guide will explain hair flap [&hellip;]<\/p>","protected":false},"author":13,"featured_media":22958,"comment_status":"closed","ping_status":"closed","sticky":false,"template":"","format":"standard","meta":{"footnotes":"","rank_math_title":"","rank_math_description":"Explore hair flap surgery for incredible major wins. Use this powerful guide to stop scary hair loss and achieve amazing, permanent results.","rank_math_canonical_url":"","rank_math_focus_keyword":"hair flap surgery"},"categories":[14],"tags":[3652,2277,3448,2059,2836],"class_list":["post-20058","post","type-post","status-publish","format-standard","has-post-thumbnail","hentry","category-hair","tag-hair-flap","tag-hair-loss","tag-hair-surgery","tag-health","tag-restoration"],"_links":{"self":[{"href":"https:\/\/goldcityhair.com\/tr\/wp-json\/wp\/v2\/posts\/20058","targetHints":{"allow":["GET"]}}],"collection":[{"href":"https:\/\/goldcityhair.com\/tr\/wp-json\/wp\/v2\/posts"}],"about":[{"href":"https:\/\/goldcityhair.com\/tr\/wp-json\/wp\/v2\/types\/post"}],"author":[{"embeddable":true,"href":"https:\/\/goldcityhair.com\/tr\/wp-json\/wp\/v2\/users\/13"}],"replies":[{"embeddable":true,"href":"https:\/\/goldcityhair.com\/tr\/wp-json\/wp\/v2\/comments?post=20058"}],"version-history":[{"count":2,"href":"https:\/\/goldcityhair.com\/tr\/wp-json\/wp\/v2\/posts\/20058\/revisions"}],"predecessor-version":[{"id":23294,"href":"https:\/\/goldcityhair.com\/tr\/wp-json\/wp\/v2\/posts\/20058\/revisions\/23294"}],"wp:featuredmedia":[{"embeddable":true,"href":"https:\/\/goldcityhair.com\/tr\/wp-json\/wp\/v2\/media\/22958"}],"wp:attachment":[{"href":"https:\/\/goldcityhair.com\/tr\/wp-json\/wp\/v2\/media?parent=20058"}],"wp:term":[{"taxonomy":"category","embeddable":true,"href":"https:\/\/goldcityhair.com\/tr\/wp-json\/wp\/v2\/categories?post=20058"},{"taxonomy":"post_tag","embeddable":true,"href":"https:\/\/goldcityhair.com\/tr\/wp-json\/wp\/v2\/tags?post=20058"}],"curies":[{"name":"wp","href":"https:\/\/api.w.org\/{rel}","templated":true}]}}