{"id":20059,"date":"2026-02-23T04:40:10","date_gmt":"2026-02-23T03:40:10","guid":{"rendered":"https:\/\/goldcityhair.com\/?p=20059"},"modified":"2026-03-09T06:35:59","modified_gmt":"2026-03-09T05:35:59","slug":"kepek-ve-kuru-sac-derisi-korkutucu-gercek-duzeltme","status":"publish","type":"post","link":"https:\/\/goldcityhair.com\/tr\/sac\/kepek-ve-kuru-sac-derisi-korkutucu-gercek-duzeltme\/","title":{"rendered":"Kepek ve Kuru Sa\u00e7 Derisi: Korkun\u00e7 Ger\u00e7ek D\u00fczeltme"},"content":{"rendered":"<figure class=\"wp-block-image size-large\"><img fetchpriority=\"high\" decoding=\"async\" width=\"1024\" height=\"683\" src=\"https:\/\/goldcityhair.com\/wp-content\/uploads\/2026\/02\/image_1-343-1024x683.webp\" alt=\"Kepek ve Kuru Sa\u00e7 Derisi: Korkun\u00e7 Ger\u00e7ek D\u00fczeltme\" class=\"wp-image-22965\" srcset=\"https:\/\/goldcityhair.com\/wp-content\/uploads\/2026\/02\/image_1-343-1024x683.webp 1024w, https:\/\/goldcityhair.com\/wp-content\/uploads\/2026\/02\/image_1-343-300x200.webp 300w, https:\/\/goldcityhair.com\/wp-content\/uploads\/2026\/02\/image_1-343-768x512.webp 768w, https:\/\/goldcityhair.com\/wp-content\/uploads\/2026\/02\/image_1-343-18x12.webp 18w, https:\/\/goldcityhair.com\/wp-content\/uploads\/2026\/02\/image_1-343.webp 1200w\" sizes=\"(max-width: 1024px) 100vw, 1024px\" \/><\/figure>\n\n\n\n<p>Ka\u015f\u0131nt\u0131l\u0131, pul pul bir sa\u00e7 deriniz var ama bunun kepek mi yoksa kuru sa\u00e7 derisi mi oldu\u011funu bilmiyor musunuz? Bir\u00e7ok insan bu ikisini birbirine kar\u0131\u015ft\u0131r\u0131r. Her ikisi de sa\u00e7 derinizi pul pul yapar ve ka\u015f\u0131nd\u0131r\u0131r, ancak farkl\u0131 tedavilere ihtiya\u00e7 duyarlar.<\/p>\n\n\n\n<p>Kepek ve kuru kafa derisi aras\u0131ndaki korkutucu ger\u00e7e\u011fi \u00f6\u011frenin. Ka\u015f\u0131nt\u0131ya kar\u015f\u0131 inan\u0131lmaz bir rahatlama bulmak ve sa\u011fl\u0131kl\u0131 bir kafaya kavu\u015fmak i\u00e7in bu \u015fa\u015f\u0131rt\u0131c\u0131, g\u00fc\u00e7l\u00fc k\u0131lavuzu kullan\u0131n.<\/p>\n\n\n\n<p>Aradaki fark\u0131 bilmek, sa\u00e7 derinizi yeniden sa\u011fl\u0131kl\u0131 hale getirmenin anahtar\u0131d\u0131r. T\u0131p Uzman\u0131. \u00d6te yandan kuru sa\u00e7 derisi, sa\u00e7 deriniz yeterince nem almad\u0131\u011f\u0131nda ortaya \u00e7\u0131kar.<\/p>\n\n\n\n<p>Bu k\u0131lavuz size kepekli veya kuru bir sa\u00e7 derisine sahip olup olmad\u0131\u011f\u0131n\u0131z\u0131 nas\u0131l anlayaca\u011f\u0131n\u0131z\u0131 g\u00f6sterecektir. Nas\u0131l g\u00f6r\u00fcnd\u00fcklerine, nelere sebep olduklar\u0131na ve nas\u0131l y\u00f6netilebileceklerine bakaca\u011f\u0131z.<\/p>\n\n\n\n<h3 class=\"wp-block-heading\">\u00d6nemli \u00c7\u0131kar\u0131mlar<\/h3>\n\n\n\n<p>Kepek ve kuru sa\u00e7 derisini altta yatan nedenlerine g\u00f6re ay\u0131rt edin.<\/p>\n\n\n\n<p>Malassezia mayas\u0131n\u0131n kepe\u011fe neden olmadaki rol\u00fcn\u00fc anlay\u0131n.<\/p>\n\n\n\n<p>Kuru sa\u00e7 derisini \u00f6nlemede nemin \u00f6nemini kabul edin.<\/p>\n\n\n\n<p>Her bir durumun belirtilerini nas\u0131l tespit edece\u011finizi \u00f6\u011frenin.<\/p>\n\n\n\n<p>Hem kepek hem de kuru sa\u00e7 derisi i\u00e7in etkili y\u00f6netim stratejilerini ke\u015ffedin.<\/p>\n\n\n\n<h2 class=\"wp-block-heading\">Sa\u00e7 Derisi Hastal\u0131klar\u0131n\u0131 Anlama<\/h2>\n\n\n\n<figure class=\"wp-block-image size-large\"><img decoding=\"async\" width=\"1024\" height=\"683\" src=\"https:\/\/goldcityhair.com\/wp-content\/uploads\/2026\/02\/image_2-340-1024x683.webp\" alt=\"Kepek ve Kuru Sa\u00e7 Derisi: Korkun\u00e7 Ger\u00e7ek D\u00fczeltme\" class=\"wp-image-22966\" srcset=\"https:\/\/goldcityhair.com\/wp-content\/uploads\/2026\/02\/image_2-340-1024x683.webp 1024w, https:\/\/goldcityhair.com\/wp-content\/uploads\/2026\/02\/image_2-340-300x200.webp 300w, https:\/\/goldcityhair.com\/wp-content\/uploads\/2026\/02\/image_2-340-768x512.webp 768w, https:\/\/goldcityhair.com\/wp-content\/uploads\/2026\/02\/image_2-340-18x12.webp 18w, https:\/\/goldcityhair.com\/wp-content\/uploads\/2026\/02\/image_2-340.webp 1200w\" sizes=\"(max-width: 1024px) 100vw, 1024px\" \/><\/figure>\n\n\n\n<p>Kepek ve kuru sa\u00e7 derisi aras\u0131ndaki farklar\u0131 bilmek \u00f6nemlidir. Sa\u00e7 derisi sorunlar\u0131 hayat\u0131m\u0131z\u0131 ger\u00e7ekten etkileyebilir, rahats\u0131zl\u0131\u011fa neden olabilir ve kendimizi utanm\u0131\u015f hissetmemize yol a\u00e7abilir.<\/p>\n\n\n\n<h3 class=\"wp-block-heading\">Yayg\u0131n Sa\u00e7 Derisi Sorunlar\u0131<\/h3>\n\n\n\n<p>Sa\u00e7 derisi sorunlar\u0131 kepek ve kuru sa\u00e7 derisini i\u00e7erir. Kepek, \u00f6l\u00fc deri pullar\u0131 ve ka\u015f\u0131nt\u0131 ile kendini g\u00f6sterir. Kuru sa\u00e7 derisi ise nem eksikli\u011finden kaynaklan\u0131r ve kurulu\u011fa ve tahri\u015fe neden olur.<\/p>\n\n\n\n<h3 class=\"wp-block-heading\">Yayg\u0131nl\u0131k ve Etki<\/h3>\n\n\n\n<p>Kepek, Amerikal\u0131lar\u0131n yakla\u015f\u0131k yar\u0131s\u0131n\u0131 bir noktada etkiler. Hem kepek hem de kuru kafa derisi rahats\u0131zl\u0131\u011fa ve duygusal ac\u0131ya neden olabilir. Ayr\u0131ca \u00f6zg\u00fcvenimize ve ba\u015fkalar\u0131yla etkile\u015fimimize de zarar verebilirler.<\/p>\n\n\n\n<p>Kepek ve kuru sa\u00e7 derisi hakk\u0131nda bilgi sahibi olmak \u00e7ok \u00f6nemlidir. Nedenlerini ve semptomlar\u0131n\u0131 anlamak daha iyi tedaviler bulmam\u0131za yard\u0131mc\u0131 olur. Bu \u015fekilde, kendimizi daha iyi hissedebilir ve sa\u00e7 derisi sorunlar\u0131m\u0131z\u0131 y\u00f6netebiliriz.<\/p>\n\n\n\n<h2 class=\"wp-block-heading\">Kepek ve Kuru Sa\u00e7 Derisi: Temel Farkl\u0131l\u0131klar<\/h2>\n\n\n\n<figure class=\"wp-block-image size-large\"><img decoding=\"async\" width=\"1024\" height=\"683\" src=\"https:\/\/goldcityhair.com\/wp-content\/uploads\/2026\/02\/image_3-312-1024x683.webp\" alt=\"Kepek ve Kuru Sa\u00e7 Derisi: Korkun\u00e7 Ger\u00e7ek D\u00fczeltme\" class=\"wp-image-22967\" srcset=\"https:\/\/goldcityhair.com\/wp-content\/uploads\/2026\/02\/image_3-312-1024x683.webp 1024w, https:\/\/goldcityhair.com\/wp-content\/uploads\/2026\/02\/image_3-312-300x200.webp 300w, https:\/\/goldcityhair.com\/wp-content\/uploads\/2026\/02\/image_3-312-768x512.webp 768w, https:\/\/goldcityhair.com\/wp-content\/uploads\/2026\/02\/image_3-312-18x12.webp 18w, https:\/\/goldcityhair.com\/wp-content\/uploads\/2026\/02\/image_3-312.webp 1200w\" sizes=\"(max-width: 1024px) 100vw, 1024px\" \/><\/figure>\n\n\n\n<p>Kepek ve kuru kafa derisinin farkl\u0131 nedenleri, belirtileri ve g\u00f6r\u00fcn\u00fcmleri vard\u0131r. Bu farkl\u0131l\u0131klar\u0131 bilmek do\u011fru tedaviyi bulmaya yard\u0131mc\u0131 olur.<\/p>\n\n\n\n<h3 class=\"wp-block-heading\">Nedenler ve Tetikleyiciler<\/h3>\n\n\n\n<p>Kepek, kafa derisindeki \u00e7ok fazla ya\u011fdan ve Malassezia ad\u0131 verilen bir mantardan kaynaklan\u0131r. Bu kar\u0131\u015f\u0131m kepekte g\u00f6r\u00fclen pullara neden olur.<\/p>\n\n\n\n<p>Kuru sa\u00e7 derisi ise sa\u00e7 derisi nemi tutamad\u0131\u011f\u0131nda ortaya \u00e7\u0131kar. Bu da kurulu\u011fa ve pullanmaya yol a\u00e7ar.<\/p>\n\n\n\n<h3 class=\"wp-block-heading\">Belirtiler ve G\u00f6r\u00fcn\u00fcm<\/h3>\n\n\n\n<p>Kepek ve kuru sa\u00e7 derisinin her ikisi de pullanmaya neden olur, ancak pullar\u0131 farkl\u0131 g\u00f6r\u00fcn\u00fcr.<\/p>\n\n\n\n<p>Kepek pullar\u0131 b\u00fcy\u00fck, ya\u011fl\u0131 ve sar\u0131 veya beyazd\u0131r. Sa\u00e7 derisini k\u0131rm\u0131z\u0131 ve ka\u015f\u0131nt\u0131l\u0131 hale getirebilirler.<\/p>\n\n\n\n<p>Kuru kafa derisi pullar\u0131 daha k\u00fc\u00e7\u00fck, daha beyaz ve daha kurudur. V\u00fccudun ba\u015fka yerlerindeki kuru cilt pullar\u0131na benzerler.<\/p>\n\n\n\n<h3 class=\"wp-block-heading\">A\u011f\u0131rla\u015ft\u0131r\u0131c\u0131 Fakt\u00f6rler<\/h3>\n\n\n\n<p>Kepek ve kuru sa\u00e7 derisini daha da k\u00f6t\u00fcle\u015ftiren \u015feyler herkes i\u00e7in farkl\u0131d\u0131r.<\/p>\n\n\n\n<p>Her iki durumu da y\u00f6netmek i\u00e7in bu tetikleyicilerden ka\u00e7\u0131nmak \u00e7ok \u00f6nemlidir. Bu, semptomlar\u0131 kontrol etmeye yard\u0131mc\u0131 olur ve kafa derisini sa\u011fl\u0131kl\u0131 tutar.<\/p>\n\n\n\n<h2 class=\"wp-block-heading\">Etkili Y\u00f6netim Stratejileri<\/h2>\n\n\n\n<p>Kepek ve kuru sa\u00e7 derisini y\u00f6netmek i\u00e7in do\u011fru tedavi ve ya\u015fam tarz\u0131 de\u011fi\u015fiklikleri gerekir. Bu sorunlar\u0131n nas\u0131l tedavi edilece\u011fini bilmek, kendinizi daha iyi hissetmenizin ve sa\u00e7 derinizi sa\u011fl\u0131kl\u0131 tutman\u0131n anahtar\u0131d\u0131r.<\/p>\n\n\n\n<h3 class=\"wp-block-heading\">Kepek Tedavisi<\/h3>\n\n\n\n<p>Kepek tedavisi genellikle pyrithione \u00e7inko i\u00e7eren \u015fampuanlarla ba\u015flar. Bu bile\u015fenler pullanmay\u0131 durdurmaya ve iltihab\u0131 azaltmaya yard\u0131mc\u0131 olur. Dermatologlar bu \u015fampuanlar\u0131 s\u0131k s\u0131k kullanman\u0131n ger\u00e7ekten yard\u0131mc\u0131 olabilece\u011fini s\u00f6yl\u00fcyor.<\/p>\n\n\n\n<p>\u201cBir dermatoloji uzman\u0131, \u201dAntifungal \u00f6zelliklere sahip bir \u015fampuan kullanmak, mantar\u0131n neden oldu\u011fu kepek i\u00e7in \u00e7ok etkili olabilir\" diyor. Do\u011fru ila\u00e7l\u0131 \u015fampuan\u0131n d\u00fczenli kullan\u0131m\u0131 durumu kontrol alt\u0131nda tutabilir.<\/p>\n\n\n\n<h3 class=\"wp-block-heading\">Kuru Sa\u00e7 Derisinin Rahatlat\u0131lmas\u0131<\/h3>\n\n\n\n<p>Kuru bir sa\u00e7 derisini rahatlatmak i\u00e7in onu nemlendirmeniz gerekir. Nazik, nemlendirici \u015fampuanlar kullan\u0131n ve sert \u00fcr\u00fcnlerden ka\u00e7\u0131n\u0131n. Nazik kafa derisi masaj\u0131 da kan ak\u0131\u015f\u0131n\u0131 iyile\u015ftirerek ve kurulu\u011fu azaltarak yard\u0131mc\u0131 olabilir.<\/p>\n\n\n\n<h3 class=\"wp-block-heading\">Ne Zaman Bir Dermatolo\u011fa G\u00f6r\u00fcnmeli<\/h3>\n\n\n\n<p>Belirtileriniz iyile\u015fmiyor veya k\u00f6t\u00fcle\u015fiyorsa, bir dermatolo\u011fa g\u00f6r\u00fcn\u00fcn. Do\u011fru bir te\u015fhis koyabilir ve size uygun tedaviler \u00f6nerebilirler. \u0130nat\u00e7\u0131 ka\u015f\u0131nt\u0131, k\u0131zar\u0131kl\u0131k veya pullanma gibi belirtiler t\u0131bbi yard\u0131m alma zaman\u0131n\u0131n geldi\u011fi anlam\u0131na gelir.<\/p>\n\n\n\n<p>Re\u00e7etesiz tedavilerle iyile\u015fmeyen \u015fiddetli semptomlar<\/p>\n\n\n\n<p>Kepek ve kuru sa\u00e7 derisi aras\u0131nda kesin olmayan tan\u0131<\/p>\n\n\n\n<p>Di\u011fer kafa derisi hastal\u0131klar\u0131n\u0131n varl\u0131\u011f\u0131<\/p>\n\n\n\n<p>Nedenlerini anlayarak ve do\u011fru stratejileri kullanarak kepek ve kuru sa\u00e7 derisini y\u00f6netebilirsiniz. Bu, sa\u00e7 derinizin sa\u011fl\u0131kl\u0131 kalmas\u0131na yard\u0131mc\u0131 olacakt\u0131r.<\/p>\n\n\n\n<h2 class=\"wp-block-heading\">Sonu\u00e7<\/h2>\n\n\n\n<p>Kepek ve kuru sa\u00e7 derisi aras\u0131ndaki fark\u0131 bilmek daha iyi hissetmenin anahtar\u0131d\u0131r. Her durumun kendine \u00f6zg\u00fc nedenleri ve semptomlar\u0131 vard\u0131r. Do\u011fru tedavi i\u00e7in hangisine sahip oldu\u011funuzu anlamak \u00f6nemlidir.<\/p>\n\n\n\n<p>Kepek ve kuru sa\u00e7 derisi ayn\u0131 \u015fey de\u011fildir. Kepek beyaz veya sar\u0131 pullar \u015feklinde g\u00f6r\u00fcl\u00fcr. Ancak kepek sadece pullar\u0131n rengiyle ilgili de\u011fildir.<\/p>\n\n\n\n<p>Kepekli veya kuru sa\u00e7 derisine sahip olup olmad\u0131\u011f\u0131n\u0131z\u0131 anlamak, daha iyi bir sa\u00e7 derisi sa\u011fl\u0131\u011f\u0131 i\u00e7in ilk ad\u0131md\u0131r. Do\u011fru tedavi semptomlar\u0131n ortadan kalkmas\u0131n\u0131 sa\u011flayabilir. Bu, daha fazla tahri\u015f ve rahats\u0131zl\u0131\u011f\u0131n \u00f6nlenmesine yard\u0131mc\u0131 olur.<\/p>\n\n\n\n<p>\u0130la\u00e7l\u0131 \u015fampuanlar kullanmak ve iyi bir sa\u00e7 derisi bak\u0131m\u0131 hem kepe\u011fi hem de kuru sa\u00e7 derisini kontrol etmeye yard\u0131mc\u0131 olabilir. Bu sorunlara neyin neden oldu\u011funu bilmek ve erken davranmak rahatlama sa\u011flayabilir. Bu \u015fekilde, bu yayg\u0131n sa\u00e7 derisi sorunlar\u0131n\u0131 etkili bir \u015fekilde y\u00f6netebilirsiniz.<\/p>\n\n\n\n<h2 class=\"wp-block-heading\">SSS<\/h2>\n\n\n\n<h2 class=\"wp-block-heading\">Referanslar<\/h2>\n\n\n\n<p>Sa\u011fl\u0131k Hatt\u0131. Kepek ve Kuru Sa\u00e7 Derisi: Aradaki Fark Nedir? Eri\u015fim adresi <a href=\"https:\/\/www.healthline.com\/health\/skin-disorders\/dandruff-vs-dry-scalp\" target=\"_blank\" rel=\"noreferrer noopener\">https:\/\/www.healthline.com\/health\/skin-disorders\/dandruff-vs-dry-scalp<\/a><\/p>","protected":false},"excerpt":{"rendered":"<p>Do you have an itchy, flaky scalp but don&#8217;t know if it&#8217;s dandruff or a dry scalp? Many people get these two mixed up. They both make your scalp flaky and itchy, but they need different treatments. Learn the dandruff vs dry scalp scary truth. Use this amazing, powerful guide to find incredible relief from [&hellip;]<\/p>","protected":false},"author":13,"featured_media":22965,"comment_status":"closed","ping_status":"closed","sticky":false,"template":"","format":"standard","meta":{"footnotes":"","rank_math_title":"","rank_math_description":"Learn the dandruff vs dry scalp scary truth. Use this amazing, powerful guide to find incredible relief from itching and achieve a healthy head.","rank_math_canonical_url":"","rank_math_focus_keyword":"dandruff vs dry scalp,symptoms"},"categories":[14],"tags":[2934,3003,2059,2090,417],"class_list":["post-20059","post","type-post","status-publish","format-standard","has-post-thumbnail","hentry","category-hair","tag-dandruff","tag-dry-scalp","tag-health","tag-relief","tag-scalp-care"],"_links":{"self":[{"href":"https:\/\/goldcityhair.com\/tr\/wp-json\/wp\/v2\/posts\/20059","targetHints":{"allow":["GET"]}}],"collection":[{"href":"https:\/\/goldcityhair.com\/tr\/wp-json\/wp\/v2\/posts"}],"about":[{"href":"https:\/\/goldcityhair.com\/tr\/wp-json\/wp\/v2\/types\/post"}],"author":[{"embeddable":true,"href":"https:\/\/goldcityhair.com\/tr\/wp-json\/wp\/v2\/users\/13"}],"replies":[{"embeddable":true,"href":"https:\/\/goldcityhair.com\/tr\/wp-json\/wp\/v2\/comments?post=20059"}],"version-history":[{"count":2,"href":"https:\/\/goldcityhair.com\/tr\/wp-json\/wp\/v2\/posts\/20059\/revisions"}],"predecessor-version":[{"id":23315,"href":"https:\/\/goldcityhair.com\/tr\/wp-json\/wp\/v2\/posts\/20059\/revisions\/23315"}],"wp:featuredmedia":[{"embeddable":true,"href":"https:\/\/goldcityhair.com\/tr\/wp-json\/wp\/v2\/media\/22965"}],"wp:attachment":[{"href":"https:\/\/goldcityhair.com\/tr\/wp-json\/wp\/v2\/media?parent=20059"}],"wp:term":[{"taxonomy":"category","embeddable":true,"href":"https:\/\/goldcityhair.com\/tr\/wp-json\/wp\/v2\/categories?post=20059"},{"taxonomy":"post_tag","embeddable":true,"href":"https:\/\/goldcityhair.com\/tr\/wp-json\/wp\/v2\/tags?post=20059"}],"curies":[{"name":"wp","href":"https:\/\/api.w.org\/{rel}","templated":true}]}}