{"id":20061,"date":"2026-02-23T04:40:10","date_gmt":"2026-02-23T03:40:10","guid":{"rendered":"https:\/\/goldcityhair.com\/?p=20061"},"modified":"2026-03-09T06:47:22","modified_gmt":"2026-03-09T05:47:22","slug":"alopesi%cc%87-areata-beli%cc%87rti%cc%87leri%cc%87-korkutucu-sirlar","status":"publish","type":"post","link":"https:\/\/goldcityhair.com\/tr\/sac\/alopesi%cc%87-areata-beli%cc%87rti%cc%87leri%cc%87-korkutucu-sirlar\/","title":{"rendered":"Alopesi Areata Belirtileri: Korkun\u00e7 S\u0131rlar goldcity dental"},"content":{"rendered":"<figure class=\"wp-block-image size-large\"><img fetchpriority=\"high\" decoding=\"async\" width=\"1024\" height=\"683\" src=\"https:\/\/goldcityhair.com\/wp-content\/uploads\/2026\/02\/image_1-85-1024x683.webp\" alt=\"Alopesi Areata Belirtileri: Korkun\u00e7 S\u0131rlar goldcity dental\" class=\"wp-image-21556\" srcset=\"https:\/\/goldcityhair.com\/wp-content\/uploads\/2026\/02\/image_1-85-1024x683.webp 1024w, https:\/\/goldcityhair.com\/wp-content\/uploads\/2026\/02\/image_1-85-300x200.webp 300w, https:\/\/goldcityhair.com\/wp-content\/uploads\/2026\/02\/image_1-85-768x512.webp 768w, https:\/\/goldcityhair.com\/wp-content\/uploads\/2026\/02\/image_1-85-18x12.webp 18w, https:\/\/goldcityhair.com\/wp-content\/uploads\/2026\/02\/image_1-85.webp 1200w\" sizes=\"(max-width: 1024px) 100vw, 1024px\" \/><\/figure>\n\n\n\n<p>Ani sa\u00e7 d\u00f6k\u00fclmesi \u00e7ok \u00fcz\u00fcc\u00fc olabilir ve genellikle yuvarlak yamalar halinde ger\u00e7ekle\u015fir. Bu durum alopesi areata olarak bilinir ve d\u00fcnya \u00e7ap\u0131nda milyonlarca ki\u015fiyi etkiler.<\/p>\n\n\n\n<p>Bu harika rehberle alopesi areata semptomlar\u0131n\u0131 tan\u0131mlay\u0131n. Korkun\u00e7 sa\u00e7 d\u00f6k\u00fclmesini durdurmak ve sa\u011fl\u0131kl\u0131 sa\u00e7lar\u0131 h\u0131zla yeniden \u00e7\u0131karmak i\u00e7in g\u00fc\u00e7l\u00fc, inan\u0131lmaz ipu\u00e7lar\u0131n\u0131 kullan\u0131n.<\/p>\n\n\n\n<p>Alopesi areata sa\u00e7 d\u00f6k\u00fclmesine neden olan otoimm\u00fcn bir hastal\u0131kt\u0131r. Kafa derisinde veya di\u011fer sa\u00e7 b\u00f6lgelerinde yuvarlak veya oval kel noktalar olarak ortaya \u00e7\u0131kar. Erken belirtileri tespit etmek, hastal\u0131\u011f\u0131 iyi y\u00f6netmenin anahtar\u0131d\u0131r.goldcity dental <\/p>\n\n\n\n<p>Gold City Hair'da birinci s\u0131n\u0131f t\u0131bbi bak\u0131m ve size odaklanma bulacaks\u0131n\u0131z. Ekibimiz semptomlar\u0131 anlaman\u0131za ve bunlarla ba\u015fa \u00e7\u0131kman\u0131za yard\u0131mc\u0131 olur. Yetenekli uzmanlar\u0131m\u0131zdan tam bir te\u015fhis ve tedavi alman\u0131z\u0131 sa\u011fl\u0131yoruz.<\/p>\n\n\n\n<h3 class=\"wp-block-heading\">\u00d6nemli \u00c7\u0131kar\u0131mlar<\/h3>\n\n\n\n<p>Alopesi areatan\u0131n erken te\u015fhisi, iyi y\u00f6netilmesi i\u00e7in hayati \u00f6nem ta\u015f\u0131r.<\/p>\n\n\n\n<p>Alopesi areata, yuvarlak veya oval yamalar halinde ani sa\u00e7 d\u00f6k\u00fclmesiyle kendini g\u00f6sterir.<\/p>\n\n\n\n<p>Gold City Hair kapsaml\u0131 te\u015fhis ve tedavi sunar.<\/p>\n\n\n\n<p>Deneyimli uzmanlar\u0131m\u0131z sizi ilk s\u0131raya koyan bir bak\u0131m sa\u011flar.<\/p>\n\n\n\n<p>Belirtileri ve semptomlar\u0131 bilmek, zaman\u0131nda harekete ge\u00e7mek i\u00e7in \u00e7ok \u00f6nemlidir.<\/p>\n\n\n\n<h2 class=\"wp-block-heading\">Alopesi Areata'y\u0131 Anlamak<\/h2>\n\n\n\n<figure class=\"wp-block-image size-large\"><img decoding=\"async\" width=\"1024\" height=\"683\" src=\"https:\/\/goldcityhair.com\/wp-content\/uploads\/2026\/02\/image_2-86-1024x683.webp\" alt=\"Alopesi Areata Belirtileri: Korkun\u00e7 S\u0131rlar goldcity dental\" class=\"wp-image-21557\" srcset=\"https:\/\/goldcityhair.com\/wp-content\/uploads\/2026\/02\/image_2-86-1024x683.webp 1024w, https:\/\/goldcityhair.com\/wp-content\/uploads\/2026\/02\/image_2-86-300x200.webp 300w, https:\/\/goldcityhair.com\/wp-content\/uploads\/2026\/02\/image_2-86-768x512.webp 768w, https:\/\/goldcityhair.com\/wp-content\/uploads\/2026\/02\/image_2-86-18x12.webp 18w, https:\/\/goldcityhair.com\/wp-content\/uploads\/2026\/02\/image_2-86.webp 1200w\" sizes=\"(max-width: 1024px) 100vw, 1024px\" \/><\/figure>\n\n\n\n<p>Alopesi areata sadece sa\u00e7 d\u00f6k\u00fclmesinden daha fazlas\u0131d\u0131r. Ki\u015finin ya\u015fam kalitesini etkileyen bir otoimm\u00fcn bozukluktur. Bu durum, v\u00fccudun ba\u011f\u0131\u015f\u0131kl\u0131k sistemi sa\u00e7 k\u00f6klerine sald\u0131rarak sa\u00e7 d\u00f6k\u00fclmesine neden oldu\u011funda ortaya \u00e7\u0131kar.<\/p>\n\n\n\n<h3 class=\"wp-block-heading\">Tan\u0131m\u0131 ve Otoimm\u00fcn Do\u011fas\u0131<\/h3>\n\n\n\n<p>Alopesi areata otoimm\u00fcn bir hastal\u0131kt\u0131r. Ba\u011f\u0131\u015f\u0131kl\u0131k sisteminin sa\u00e7 folik\u00fcllerine sald\u0131rmas\u0131na neden olarak k\u00fc\u00e7\u00fck yamalar halinde sa\u00e7 d\u00f6k\u00fclmesine yol a\u00e7ar. Kesin nedeni tam olarak anla\u015f\u0131lamam\u0131\u015ft\u0131r, ancak genetik ve \u00e7evreyi i\u00e7erir.<\/p>\n\n\n\n<p>Otoimm\u00fcn do\u011fas\u0131n\u0131n temel y\u00f6nleri \u015funlard\u0131r:<\/p>\n\n\n\n<p>Ba\u011f\u0131\u015f\u0131kl\u0131k sisteminin sa\u00e7 k\u00f6klerine yanl\u0131\u015fl\u0131kla sald\u0131rmas\u0131.<\/p>\n\n\n\n<p>Genetik yatk\u0131nl\u0131\u011f\u0131n rol\u00fc.<\/p>\n\n\n\n<p>\u00c7evresel tetikleyicilerin etkisi.<\/p>\n\n\n\n<h3 class=\"wp-block-heading\">Prevalans ve Ba\u015flang\u0131\u00e7 Ya\u015f\u0131<\/h3>\n\n\n\n<p>Alopesi areata herhangi bir ya\u015fta veya cinsiyette herkesi etkileyebilir. Genellikle 30 ya\u015f\u0131ndan \u00f6nce ba\u015flar. Ulusal Alopesi Areata Vakf\u0131, ABD'de hem \u00e7ocuklar\u0131 hem de yeti\u015fkinleri etkileyen yakla\u015f\u0131k 6,8 milyon ki\u015finin bu hastal\u0131\u011fa sahip oldu\u011funu s\u00f6yl\u00fcyor.<\/p>\n\n\n\n<p>\u201cBir dermatolog olan Dr. [Soyad\u0131], \u201dAlopesi areata herhangi bir zamanda, genellikle uyar\u0131 vermeden ortaya \u00e7\u0131kabilir\u201c diyor. \u201dGenellikle ne zaman ba\u015flad\u0131\u011f\u0131n\u0131 bilmek erken tedaviye yard\u0131mc\u0131 olabilir.\"<\/p>\n\n\n\n<p>Alopesi areatay\u0131 anlamak \u00e7ok \u00f6nemlidir. Daha iyi tedaviler bulunmas\u0131na yard\u0131mc\u0131 olur. Sa\u011fl\u0131k hizmeti sa\u011flay\u0131c\u0131lar\u0131 bu konuda daha fazla bilgi sahibi olarak etkilenen ki\u015filere destek olabilirler.<\/p>\n\n\n\n<h2 class=\"wp-block-heading\">Alopesi Areata'n\u0131n Birincil Belirti ve Semptomlar\u0131<\/h2>\n\n\n\n<figure class=\"wp-block-image size-large\"><img decoding=\"async\" width=\"1024\" height=\"683\" src=\"https:\/\/goldcityhair.com\/wp-content\/uploads\/2026\/02\/image_3-81-1024x683.webp\" alt=\"Alopesi Areata Belirtileri: Korkun\u00e7 S\u0131rlar goldcity dental\" class=\"wp-image-21558\" srcset=\"https:\/\/goldcityhair.com\/wp-content\/uploads\/2026\/02\/image_3-81-1024x683.webp 1024w, https:\/\/goldcityhair.com\/wp-content\/uploads\/2026\/02\/image_3-81-300x200.webp 300w, https:\/\/goldcityhair.com\/wp-content\/uploads\/2026\/02\/image_3-81-768x512.webp 768w, https:\/\/goldcityhair.com\/wp-content\/uploads\/2026\/02\/image_3-81-18x12.webp 18w, https:\/\/goldcityhair.com\/wp-content\/uploads\/2026\/02\/image_3-81.webp 1200w\" sizes=\"(max-width: 1024px) 100vw, 1024px\" \/><\/figure>\n\n\n\n<p>Alopesi areata belirtilerini erkenden bilmek \u00f6nemlidir. Bu, do\u011fru tedaviyi alman\u0131za yard\u0131mc\u0131 olur. Alopesi areata, ani ve \u00fcz\u00fcc\u00fc olabilen sa\u00e7 d\u00f6k\u00fclmesine neden olur.<\/p>\n\n\n\n<p>Bu durum kendini \u00e7e\u015fitli \u015fekillerde g\u00f6sterir. Temel belirtilerden biri, kafa derisinde veya v\u00fccutta yuvarlak veya oval kel lekelerdir. Bu lekeler p\u00fcr\u00fczs\u00fczd\u00fcr ve genellikle uyar\u0131 vermeden ortaya \u00e7\u0131kar.<\/p>\n\n\n\n<h3 class=\"wp-block-heading\">Yuvarlak veya Oval Kel Yamalar<\/h3>\n\n\n\n<p>Alopesi areata yuvarlak veya oval kel yamalar\u0131yla bilinir. Bu lekeler berrakt\u0131r ve farkl\u0131 boyutlarda olabilir. Genellikle kafa derisinde g\u00f6r\u00fcl\u00fcrler ancak v\u00fccudun di\u011fer k\u0131ll\u0131 b\u00f6lgelerinde de ortaya \u00e7\u0131kabilirler.<\/p>\n\n\n\n<h3 class=\"wp-block-heading\">\u00dcnlem \u0130\u015faretli Sa\u00e7lar<\/h3>\n\n\n\n<p>\u00dcnlem i\u015fareti t\u00fcyleri ba\u015fka bir i\u015farettir. Bunlar \u00fcnlem i\u015faretine benzeyen k\u0131r\u0131k sa\u00e7lard\u0131r. Sa\u00e7 folik\u00fcl\u00fc zay\u0131flad\u0131\u011f\u0131nda meydana gelirler ve sa\u00e7\u0131n kopmas\u0131na neden olurlar.<\/p>\n\n\n\n<p>\u00dcnlem i\u015fareti t\u00fcyleri g\u00f6rmek alopesi areatan\u0131n k\u00f6t\u00fcle\u015fti\u011fi anlam\u0131na gelir. Bu k\u0131llar genellikle kel b\u00f6lgelerden \u00f6nce veya kel b\u00f6lgelerle birlikte ortaya \u00e7\u0131kar.<\/p>\n\n\n\n<h3 class=\"wp-block-heading\">P\u00fcr\u00fczs\u00fcz, Yara \u0130zi B\u0131rakmayan Yamalar<\/h3>\n\n\n\n<p>Alopesi areata ayr\u0131ca p\u00fcr\u00fczs\u00fcz, yara izi b\u0131rakmayan sa\u00e7 d\u00f6k\u00fclmeleri ile de bilinir. Di\u011fer sa\u00e7 d\u00f6k\u00fclmelerinin aksine, alopesi areata yara izlerine neden olmaz. Bu b\u00f6lgelerdeki cilt normal g\u00f6r\u00fcn\u00fcr.<\/p>\n\n\n\n<p>Sa\u00e7 d\u00f6k\u00fclmesinden \u00f6nce insanlar ka\u015f\u0131nt\u0131, yanma veya kar\u0131ncalanma hissedebilir. Bu hisler sa\u00e7 d\u00f6k\u00fclmesinin yakla\u015ft\u0131\u011f\u0131n\u0131n bir i\u015fareti olabilir.<\/p>\n\n\n\n<p>Bu belirtileri bilmek, erken yard\u0131m almak i\u00e7in \u00e7ok \u00f6nemlidir. Alopesi areatan\u0131n hayat\u0131n\u0131z\u0131 nas\u0131l etkiledi\u011fi konusunda b\u00fcy\u00fck bir fark yaratabilir.<\/p>\n\n\n\n<p>Alopesi Uzman\u0131<\/p>\n\n\n\n<h2 class=\"wp-block-heading\">\u0130li\u015fkili Semptomlar ve Duyumlar<\/h2>\n\n\n\n<p>Alopesi areata sadece sa\u00e7 d\u00f6k\u00fclmesinden daha fazlas\u0131d\u0131r. Bir dizi semptom ve hisle birlikte gelir. Bunlar, ki\u015finin durumu hakk\u0131nda nas\u0131l hissetti\u011fini b\u00fcy\u00fck \u00f6l\u00e7\u00fcde etkileyebilir.<\/p>\n\n\n\n<h3 class=\"wp-block-heading\">Sa\u00e7 Kayb\u0131 \u00d6ncesi Hissiyatlar<\/h3>\n\n\n\n<p>Alopesi areatas\u0131 olan ki\u015filer sa\u00e7 d\u00f6k\u00fclmesinden \u00f6nce ka\u015f\u0131nt\u0131, yanma veya kar\u0131ncalanma hissedebilirler. Bir dermatolog, \u201cSa\u00e7lar\u0131 d\u00f6k\u00fclmeden \u00f6nce kar\u0131ncalanma hissettiklerini s\u00f6yleyen dan\u0131\u015fanlar\u0131m oldu,\u201d diyor. Bu hisler hastal\u0131\u011f\u0131n ba\u015flang\u0131c\u0131na i\u015faret edebilir.<\/p>\n\n\n\n<h3 class=\"wp-block-heading\">T\u0131rnak Anormallikleri<\/h3>\n\n\n\n<p>Alopesi areatada t\u0131rnak sorunlar\u0131 yayg\u0131nd\u0131r. Belirtiler aras\u0131nda \u00e7ukurla\u015fma, kabar\u0131kl\u0131k veya k\u0131r\u0131lganl\u0131k yer al\u0131r. T\u0131rnaklar da incelebilir veya daha k\u0131r\u0131lgan hale gelebilir. T\u0131rnak sa\u011fl\u0131\u011f\u0131na dikkat etmek alopesi areata y\u00f6netiminde kilit \u00f6neme sahiptir.<\/p>\n\n\n\n<h3 class=\"wp-block-heading\">Sa\u00e7 Folik\u00fclleri \u00c7evresinde K\u0131zar\u0131kl\u0131k<\/h3>\n\n\n\n<p>Sa\u00e7 k\u00f6klerinin etraf\u0131ndaki k\u0131zar\u0131kl\u0131k ve iltihaplanma alopesi areata belirtileridir. Bu k\u0131zar\u0131kl\u0131k, v\u00fccudun ba\u011f\u0131\u015f\u0131kl\u0131k sisteminin sa\u00e7 k\u00f6klerine sald\u0131rmas\u0131ndan kaynaklan\u0131r. Bu belirtilerin erken fark edilmesi daha h\u0131zl\u0131 t\u0131bbi yard\u0131m al\u0131nmas\u0131n\u0131 sa\u011flayabilir.<\/p>\n\n\n\n<p>Bu semptomlar ve hisler hakk\u0131nda bilgi sahibi olmak \u00f6nemlidir. Alopesi areatan\u0131n erken te\u015fhis edilmesine yard\u0131mc\u0131 olurlar. Herhangi birini fark ederseniz, te\u015fhis ve tedavi i\u00e7in bir sa\u011fl\u0131k uzman\u0131na g\u00f6r\u00fcnmek iyi bir ad\u0131md\u0131r.<\/p>\n\n\n\n<h2 class=\"wp-block-heading\">\u0130lerleme ve Ne Zaman Yard\u0131m \u0130stenmeli<\/h2>\n\n\n\n<p>Alopesi areata herkes i\u00e7in farkl\u0131 \u015fekilde ilerleyebilir. Bazen ayn\u0131 kal\u0131r, ancak di\u011fer zamanlarda yay\u0131l\u0131r. Yuvarlak veya oval kel yamalar fark ederseniz, yard\u0131m alma zaman\u0131 gelmi\u015f demektir.<\/p>\n\n\n\n<p>Erken te\u015fhis ve tedavi \u00e7ok \u00f6nemlidir. Gold City Hair'de uzmanlar\u0131m\u0131z birinci s\u0131n\u0131f bak\u0131m sa\u011flar. Alopesi olup olmad\u0131\u011f\u0131n\u0131z\u0131 anlaman\u0131za yard\u0131mc\u0131 olabilir ve sonraki ad\u0131mlarda size rehberlik edebilirler.<\/p>\n\n\n\n<p>Alopesi semptomlar\u0131n\u0131 tan\u0131mak ve h\u0131zl\u0131 bir \u015fekilde yard\u0131m almak \u00f6nemlidir. Bu, durumu y\u00f6netmek ve muhtemelen sa\u00e7lar\u0131n\u0131z\u0131 yeniden uzatmak i\u00e7in ilk ad\u0131md\u0131r. Sa\u00e7 d\u00f6k\u00fclmesi konusunda endi\u015feleriniz varsa bizimle ileti\u015fime ge\u00e7in. Alopesinin nas\u0131l tespit edilece\u011fini a\u00e7\u0131klayacak ve tedavi se\u00e7eneklerini tart\u0131\u015faca\u011f\u0131z.<\/p>\n\n\n\n<h2 class=\"wp-block-heading\">SSS<\/h2>\n\n\n<div id=\"rank-math-faq\" class=\"rank-math-block\">\n<div class=\"rank-math-list\">\n<div id=\"faq-question-17720784884220.3296545945004441\" class=\"rank-math-list-item\">\n<h3 class=\"rank-math-question\">Alopesi areatan\u0131n ba\u015fl\u0131ca belirtileri nelerdir?<\/h3>\n<div class=\"rank-math-answer\">\n\n<p>Alopesi areatan\u0131n ana belirtisi, kafa derisinde veya v\u00fccudun di\u011fer b\u00f6lgelerinde ani, yuvarlak veya oval sa\u00e7 d\u00f6k\u00fclmesidir. Bu b\u00f6lgelerdeki cilt genellikle yara izi olmadan p\u00fcr\u00fczs\u00fcz ve normal g\u00f6r\u00fcn\u00fcr.<\/p>\n\n<\/div>\n<\/div>\n<div id=\"faq-question-17720784884220.9134642020381741\" class=\"rank-math-list-item\">\n<h3 class=\"rank-math-question\">Alopesi areata hastas\u0131 oldu\u011fumu nas\u0131l anlar\u0131m?<\/h3>\n<div class=\"rank-math-answer\">\n\n<p>G\u00fcnler veya haftalar i\u00e7inde geli\u015fen ani ve yamal\u0131 sa\u00e7 d\u00f6k\u00fclmesi fark ederseniz alopesi areata hastas\u0131 olabilirsiniz. Bir sa\u011fl\u0131k uzman\u0131, kafa derisi muayenesi ve bazen ek testler yoluyla tan\u0131y\u0131 do\u011frulayabilir.<\/p>\n\n<\/div>\n<\/div>\n<div id=\"faq-question-17720784884220.4986114435336674\" class=\"rank-math-list-item\">\n<h3 class=\"rank-math-question\">Alopesi areatan\u0131n ili\u015fkili semptomlar\u0131 nelerdir?<\/h3>\n<div class=\"rank-math-answer\">\n\n<p>\u00c7o\u011fu insan sadece sa\u00e7 d\u00f6k\u00fclmesi ya\u015far, ancak baz\u0131lar\u0131 sa\u00e7 d\u00f6k\u00fclmeden \u00f6nce etkilenen b\u00f6lgelerde hafif ka\u015f\u0131nt\u0131, kar\u0131ncalanma veya yanma fark edebilir. Bu durum otoimm\u00fcnd\u00fcr ve genellikle a\u011fr\u0131ya neden olmaz.<\/p>\n\n<\/div>\n<\/div>\n<div id=\"faq-question-17720784884220.5845651626484407\" class=\"rank-math-list-item\">\n<h3 class=\"rank-math-question\">Alopesi areata t\u0131rnak anormalliklerine neden olabilir mi?<\/h3>\n<div class=\"rank-math-answer\">\n\n<p>Evet, alopesi areata bazen \u00e7ukurla\u015fma (k\u00fc\u00e7\u00fck \u00e7ukurlar), \u00e7\u0131k\u0131nt\u0131lar, incelme veya p\u00fcr\u00fczl\u00fcl\u00fck gibi t\u0131rnak de\u011fi\u015fikliklerine neden olabilir. Bu t\u0131rnak belirtileri hastal\u0131\u011fa sahip ki\u015filerin az\u0131nl\u0131\u011f\u0131nda g\u00f6r\u00fcl\u00fcr.<\/p>\n\n<\/div>\n<\/div>\n<div id=\"faq-question-17720784884220.11064195514042996\" class=\"rank-math-list-item\">\n<h3 class=\"rank-math-question\">Alopesi areata belirtileri ya\u015f\u0131yorsam ne yapmal\u0131y\u0131m?<\/h3>\n<div class=\"rank-math-answer\">\n\n<p>Alopesi areatadan \u015f\u00fcpheleniyorsan\u0131z, do\u011fru de\u011ferlendirme ve rehberlik i\u00e7in bir dermatologdan randevu al\u0131n. Erken t\u0131bbi tavsiye, tedavi se\u00e7eneklerini ke\u015ffetmenize ve ilerlemeyi y\u00f6netmenize yard\u0131mc\u0131 olabilir.<\/p>\n\n<\/div>\n<\/div>\n<div id=\"faq-question-17720784884220.08449334694487098\" class=\"rank-math-list-item\">\n<h3 class=\"rank-math-question\">Alopesi areata veya ba\u015fka bir rahats\u0131zl\u0131\u011f\u0131m olup olmad\u0131\u011f\u0131n\u0131 nas\u0131l anlayabilirim?<\/h3>\n<div class=\"rank-math-answer\">\n\n<p>Alopesi areata tipik olarak p\u00fcr\u00fczs\u00fcz, yuvarlak kel b\u00f6lgelere neden olurken, mantar enfeksiyonlar\u0131 veya traksiyonel sa\u00e7 d\u00f6k\u00fclmesi gibi di\u011fer durumlarda k\u0131zar\u0131kl\u0131k, pullanma veya k\u0131r\u0131k sa\u00e7lar olabilir. Bir t\u0131p uzman\u0131 bu durumlar\u0131 do\u011fru bir \u015fekilde ay\u0131rt edebilir.<\/p>\n\n<\/div>\n<\/div>\n<div id=\"faq-question-17720784884220.9902330657049437\" class=\"rank-math-list-item\">\n<h3 class=\"rank-math-question\">Alopesi areatada sa\u00e7 d\u00f6k\u00fclmesi olu\u015fmadan \u00f6nce herhangi bir his var m\u0131d\u0131r?<\/h3>\n<div class=\"rank-math-answer\">\n\n<p>Baz\u0131 ki\u015filer sa\u00e7 d\u00f6k\u00fclmesi ba\u015flamadan \u00f6nce b\u00f6lgede ka\u015f\u0131nt\u0131, kar\u0131ncalanma veya hafif bir yanma hissi oldu\u011funu bildirir. Bununla birlikte, bir\u00e7ok ki\u015fi hi\u00e7bir uyar\u0131 i\u015fareti ya\u015famamaktad\u0131r.<\/p>\n\n<\/div>\n<\/div>\n<div id=\"faq-question-17720784884220.22442158377623045\" class=\"rank-math-list-item\">\n<h3 class=\"rank-math-question\">Alopesi areatay\u0131 kendi ba\u015f\u0131ma tedavi edebilir miyim?<\/h3>\n<div class=\"rank-math-answer\">\n\n<p>Hafif vakalarda tedavi olmadan sa\u00e7lar yeniden \u00e7\u0131kabilir, ancak t\u0131bbi tavsiye olmadan kendi kendine tedavi genellikle \u00f6nerilmez. Bir dermatolog kortikosteroidler veya durumunuza \u00f6zel di\u011fer tedaviler gibi terapiler \u00f6nerebilir.<\/p>\n\n<\/div>\n<\/div>\n<\/div>\n<\/div>\n\n\n<h2 class=\"wp-block-heading\">Referanslar<\/h2>\n\n\n\n<p>Ulusal Biyoteknoloji Bilgi Merkezi. Kan\u0131ta Dayal\u0131 T\u0131bbi \u00d6ng\u00f6r\u00fc. Eri\u015fim adresi <a href=\"https:\/\/pmc.ncbi.nlm.nih.gov\/articles\/PMC6676805\/\" data-type=\"URL\" data-id=\"https:\/\/pmc.ncbi.nlm.nih.gov\/articles\/PMC6676805\/\" target=\"_blank\" rel=\"noopener\">https:\/\/pmc.ncbi.nlm.nih.gov\/articles\/PMC6676805\/<\/a>[4<\/p>\n\n\n\n<p><\/p>","protected":false},"excerpt":{"rendered":"<p>Sudden hair loss can be very upsetting, often happening in round patches. This is known as alopecia areata and affects millions globally. Identify alopecia areata symptoms with this amazing guide. Use powerful, incredible tips to stop scary hair loss and regrow healthy hair fast. Alopecia areata is an autoimmune disease that causes hair loss. It [&hellip;]<\/p>","protected":false},"author":13,"featured_media":21556,"comment_status":"closed","ping_status":"closed","sticky":false,"template":"","format":"standard","meta":{"footnotes":"","rank_math_title":"","rank_math_description":"Identify alopecia areata symptoms with this amazing guide. Use powerful, incredible tips to stop scary hair loss and regrow healthy hair fast.","rank_math_canonical_url":"","rank_math_focus_keyword":"alopecia areata symptoms,health,treatment"},"categories":[14],"tags":[2776,2277,2059,2775,2527],"class_list":["post-20061","post","type-post","status-publish","format-standard","has-post-thumbnail","hentry","category-hair","tag-alopecia","tag-hair-loss","tag-health","tag-regrowth","tag-symptoms"],"_links":{"self":[{"href":"https:\/\/goldcityhair.com\/tr\/wp-json\/wp\/v2\/posts\/20061","targetHints":{"allow":["GET"]}}],"collection":[{"href":"https:\/\/goldcityhair.com\/tr\/wp-json\/wp\/v2\/posts"}],"about":[{"href":"https:\/\/goldcityhair.com\/tr\/wp-json\/wp\/v2\/types\/post"}],"author":[{"embeddable":true,"href":"https:\/\/goldcityhair.com\/tr\/wp-json\/wp\/v2\/users\/13"}],"replies":[{"embeddable":true,"href":"https:\/\/goldcityhair.com\/tr\/wp-json\/wp\/v2\/comments?post=20061"}],"version-history":[{"count":5,"href":"https:\/\/goldcityhair.com\/tr\/wp-json\/wp\/v2\/posts\/20061\/revisions"}],"predecessor-version":[{"id":23482,"href":"https:\/\/goldcityhair.com\/tr\/wp-json\/wp\/v2\/posts\/20061\/revisions\/23482"}],"wp:featuredmedia":[{"embeddable":true,"href":"https:\/\/goldcityhair.com\/tr\/wp-json\/wp\/v2\/media\/21556"}],"wp:attachment":[{"href":"https:\/\/goldcityhair.com\/tr\/wp-json\/wp\/v2\/media?parent=20061"}],"wp:term":[{"taxonomy":"category","embeddable":true,"href":"https:\/\/goldcityhair.com\/tr\/wp-json\/wp\/v2\/categories?post=20061"},{"taxonomy":"post_tag","embeddable":true,"href":"https:\/\/goldcityhair.com\/tr\/wp-json\/wp\/v2\/tags?post=20061"}],"curies":[{"name":"wp","href":"https:\/\/api.w.org\/{rel}","templated":true}]}}