{"id":20062,"date":"2026-02-23T04:40:10","date_gmt":"2026-02-23T03:40:10","guid":{"rendered":"https:\/\/goldcityhair.com\/?p=20062"},"modified":"2026-03-09T06:47:56","modified_gmt":"2026-03-09T05:47:56","slug":"neden-terledigimde-basim-kasiniyor","status":"publish","type":"post","link":"https:\/\/goldcityhair.com\/tr\/sac\/neden-terledigimde-basim-kasiniyor\/","title":{"rendered":"Terledi\u011fimde Ba\u015f\u0131m Neden Ka\u015f\u0131n\u0131yor? Kazanmak"},"content":{"rendered":"<figure class=\"wp-block-image size-large\"><img fetchpriority=\"high\" decoding=\"async\" width=\"1024\" height=\"683\" src=\"https:\/\/goldcityhair.com\/wp-content\/uploads\/2026\/02\/image_1-87-1024x683.webp\" alt=\"Terledi\u011fimde Ba\u015f\u0131m Neden Ka\u015f\u0131n\u0131yor? Kazanmak\" class=\"wp-image-21568\" srcset=\"https:\/\/goldcityhair.com\/wp-content\/uploads\/2026\/02\/image_1-87-1024x683.webp 1024w, https:\/\/goldcityhair.com\/wp-content\/uploads\/2026\/02\/image_1-87-300x200.webp 300w, https:\/\/goldcityhair.com\/wp-content\/uploads\/2026\/02\/image_1-87-768x512.webp 768w, https:\/\/goldcityhair.com\/wp-content\/uploads\/2026\/02\/image_1-87-18x12.webp 18w, https:\/\/goldcityhair.com\/wp-content\/uploads\/2026\/02\/image_1-87.webp 1200w\" sizes=\"(max-width: 1024px) 100vw, 1024px\" \/><\/figure>\n\n\n\n<p>Bir\u00e7ok insan terledi\u011finde ka\u015f\u0131nan sa\u00e7 derisiyle m\u00fccadele eder. Bu sorun milyonlarca ki\u015fiyi etkiler ve olduk\u00e7a rahats\u0131z edici olabilir. Terle tetiklenen kafa derisi ka\u015f\u0131nt\u0131s\u0131, k\u00fc\u00e7\u00fck bir s\u0131k\u0131nt\u0131dan b\u00fcy\u00fck bir rahats\u0131zl\u0131\u011fa kadar her \u015feye neden olabilir.<\/p>\n\n\n\n<p>Terledi\u011fimde ba\u015f\u0131m neden ka\u015f\u0131n\u0131yor? Korkun\u00e7 kafa derisi tahri\u015fine son vermek ve kendinizi zinde hissetmek i\u00e7in inan\u0131lmaz kazan\u00e7lar\u0131 ve g\u00fc\u00e7l\u00fc, inan\u0131lmaz tedavileri ke\u015ffedin.<\/p>\n\n\n\n<p>Sa\u00e7 deriniz \u00e7ok fazla terledi\u011finde ka\u015f\u0131nabilir, kepe\u011fe neden olabilir, k\u00f6t\u00fc kokabilir ve hatta sa\u00e7 d\u00f6k\u00fclmesine yol a\u00e7abilir. Uzun vadeli sorunlardan ka\u00e7\u0131nmak i\u00e7in kafa derinize iyi bakman\u0131z \u00f6nemlidir. Sa\u00e7 derinizin neden ka\u015f\u0131nd\u0131\u011f\u0131n\u0131 bilmek, bunu d\u00fczeltmenin ilk ad\u0131m\u0131d\u0131r.<\/p>\n\n\n\n<h3 class=\"wp-block-heading\">\u00d6nemli \u00c7\u0131kar\u0131mlar<\/h3>\n\n\n\n<p>Etkili tedavi sa\u011flamak i\u00e7in kafa derisi ka\u015f\u0131nt\u0131s\u0131n\u0131n temel nedenini belirleyin.<\/p>\n\n\n\n<p>Uzun vadeli hasar\u0131 \u00f6nlemek i\u00e7in uygun kafa derisi bak\u0131m\u0131 \u015fartt\u0131r.<\/p>\n\n\n\n<p>A\u015f\u0131r\u0131 ter ka\u015f\u0131nt\u0131ya, kepe\u011fe ve sa\u00e7 d\u00f6k\u00fclmesine yol a\u00e7abilir.<\/p>\n\n\n\n<p>Kafa derisi ka\u015f\u0131nt\u0131s\u0131n\u0131n nedenlerini anlamak, \u00e7\u00f6z\u00fcm bulman\u0131n anahtar\u0131d\u0131r.<\/p>\n\n\n\n<p>Ki\u015fiselle\u015ftirilmi\u015f tedavi \u00e7\u00f6z\u00fcmleri kafa derisi ka\u015f\u0131nt\u0131s\u0131n\u0131 hafifletmeye yard\u0131mc\u0131 olabilir.<\/p>\n\n\n\n<h2 class=\"wp-block-heading\">Terledi\u011fimde Ba\u015f\u0131m Neden Ka\u015f\u0131n\u0131yor?<\/h2>\n\n\n\n<figure class=\"wp-block-image size-large\"><img decoding=\"async\" width=\"1024\" height=\"683\" src=\"https:\/\/goldcityhair.com\/wp-content\/uploads\/2026\/02\/image_2-88-1024x683.webp\" alt=\"Terledi\u011fimde Ba\u015f\u0131m Neden Ka\u015f\u0131n\u0131yor? Kazanmak\" class=\"wp-image-21569\" srcset=\"https:\/\/goldcityhair.com\/wp-content\/uploads\/2026\/02\/image_2-88-1024x683.webp 1024w, https:\/\/goldcityhair.com\/wp-content\/uploads\/2026\/02\/image_2-88-300x200.webp 300w, https:\/\/goldcityhair.com\/wp-content\/uploads\/2026\/02\/image_2-88-768x512.webp 768w, https:\/\/goldcityhair.com\/wp-content\/uploads\/2026\/02\/image_2-88-18x12.webp 18w, https:\/\/goldcityhair.com\/wp-content\/uploads\/2026\/02\/image_2-88.webp 1200w\" sizes=\"(max-width: 1024px) 100vw, 1024px\" \/><\/figure>\n\n\n\n<p>Kafa derisindeki ter, ka\u015f\u0131nt\u0131 ve rahats\u0131zl\u0131\u011fa neden olan bir reaksiyonlar zinciri ba\u015flatabilir. Sorun sadece terin kendisi de\u011fildir. Sa\u00e7 derisinin do\u011fal ortam\u0131n\u0131 nas\u0131l etkiledi\u011fidir.<\/p>\n\n\n\n<h3 class=\"wp-block-heading\">Ter ve Sa\u00e7 Derisi Tahri\u015finin Arkas\u0131ndaki Bilim<\/h3>\n\n\n\n<p>Kafa derisindeki ter, do\u011fal ya\u011flar ve kir g\u00f6zenekleri t\u0131kayabilir ve tahri\u015f edebilir. Bu kar\u0131\u015f\u0131m bakteri ve mantarlar\u0131n b\u00fcy\u00fcmesi i\u00e7in m\u00fckemmeldir ve ka\u015f\u0131nt\u0131y\u0131 daha da k\u00f6t\u00fcle\u015ftirir.<\/p>\n\n\n\n<p>Kafa derisi tahri\u015fine katk\u0131da bulunan temel fakt\u00f6rler \u015funlard\u0131r:<\/p>\n\n\n\n<p>Ter, ya\u011f ve kir nedeniyle t\u0131kanm\u0131\u015f g\u00f6zenekler<\/p>\n\n\n\n<p>S\u0131cak, nemli kafa derisinde bakteri ve mantar \u00fcremesi<\/p>\n\n\n\n<p>V\u00fccudun bu mikroorganizmalara verdi\u011fi tepkiden kaynaklanan tahri\u015f ve iltihaplanma<\/p>\n\n\n\n<h3 class=\"wp-block-heading\">Nem ve S\u0131cakl\u0131k Sa\u00e7 Derisi Sa\u011fl\u0131\u011f\u0131n\u0131 Nas\u0131l Etkiler?<\/h3>\n\n\n\n<p>Nem ve s\u0131cakl\u0131k sa\u00e7 derisi sa\u011fl\u0131\u011f\u0131n\u0131 b\u00fcy\u00fck \u00f6l\u00e7\u00fcde etkiler. Y\u00fcksek nem ve s\u0131cak hava terlemeyi art\u0131rarak sa\u00e7 derisinin tahri\u015f olma olas\u0131l\u0131\u011f\u0131n\u0131 art\u0131r\u0131r.<\/p>\n\n\n\n<p>Bu fakt\u00f6rler \u015funlara yol a\u00e7abilir:<\/p>\n\n\n\n<p>Daha fazla ter \u00fcretimi<\/p>\n\n\n\n<p>Daha fazla bakteri ve mantar \u00fcremesi<\/p>\n\n\n\n<p>Folik\u00fclit ve isilik gibi kafa derisi problemleri riski daha y\u00fcksektir<\/p>\n\n\n\n<p>Bu fakt\u00f6rleri bilmek, terleme s\u0131ras\u0131nda ka\u015f\u0131nan sa\u00e7 derisini y\u00f6netmeye ve \u00f6nlemeye yard\u0131mc\u0131 olur.<\/p>\n\n\n\n<h2 class=\"wp-block-heading\">Terlemenin Tetikledi\u011fi Yayg\u0131n Sa\u00e7 Derisi Sorunlar\u0131<\/h2>\n\n\n\n<figure class=\"wp-block-image size-large\"><img decoding=\"async\" width=\"1024\" height=\"683\" src=\"https:\/\/goldcityhair.com\/wp-content\/uploads\/2026\/02\/image_3-83-1024x683.webp\" alt=\"Terledi\u011fimde Ba\u015f\u0131m Neden Ka\u015f\u0131n\u0131yor? Kazanmak\" class=\"wp-image-21570\" srcset=\"https:\/\/goldcityhair.com\/wp-content\/uploads\/2026\/02\/image_3-83-1024x683.webp 1024w, https:\/\/goldcityhair.com\/wp-content\/uploads\/2026\/02\/image_3-83-300x200.webp 300w, https:\/\/goldcityhair.com\/wp-content\/uploads\/2026\/02\/image_3-83-768x512.webp 768w, https:\/\/goldcityhair.com\/wp-content\/uploads\/2026\/02\/image_3-83-18x12.webp 18w, https:\/\/goldcityhair.com\/wp-content\/uploads\/2026\/02\/image_3-83.webp 1200w\" sizes=\"(max-width: 1024px) 100vw, 1024px\" \/><\/figure>\n\n\n\n<p>Terleme ve sa\u00e7 derisi sa\u011fl\u0131\u011f\u0131 yak\u0131ndan ili\u015fkilidir. A\u015f\u0131r\u0131 nem, \u00e7e\u015fitli kafa derisi tahri\u015flerine ve rahats\u0131zl\u0131klar\u0131na yol a\u00e7abilir. Bu ko\u015fullar terli ortamlarda geli\u015fir.<\/p>\n\n\n\n<h3 class=\"wp-block-heading\">Folik\u00fclit ve S\u0131cak \u0130sili\u011fi Belirtileri<\/h3>\n\n\n\n<p>Folik\u00fclit, sa\u00e7 k\u00f6klerini etkileyen iltihabi bir durumdur. Genellikle terli yerleri seven bakteriyel veya mantar enfeksiyonlar\u0131ndan kaynaklan\u0131r. Belirtiler \u015funlar\u0131 i\u00e7erir:<\/p>\n\n\n\n<p>Kafa derisinde k\u0131rm\u0131z\u0131 \u015fi\u015flikler veya p\u00fcst\u00fcller<\/p>\n\n\n\n<p>Etkilenen folik\u00fcllerin etraf\u0131nda ka\u015f\u0131nt\u0131 veya hassasiyet<\/p>\n\n\n\n<p>Dokunuldu\u011funda artan hassasiyet<\/p>\n\n\n\n<p>S\u0131cak d\u00f6k\u00fcnt\u00fcs\u00fc veya isilik, ter kanallar\u0131 t\u0131kand\u0131\u011f\u0131nda meydana gelir. Bu da tahri\u015fe neden olur. \u015eu \u015fekilde ortaya \u00e7\u0131kar:<\/p>\n\n\n\n<p>K\u00fc\u00e7\u00fck, ka\u015f\u0131nt\u0131l\u0131 kabarc\u0131klar veya k\u0131rm\u0131z\u0131 \u015fi\u015flikler<\/p>\n\n\n\n<p>\u00d6zellikle s\u0131cak ve nemli havalarda dikenli veya ka\u015f\u0131nt\u0131l\u0131 bir his<\/p>\n\n\n\n<h3 class=\"wp-block-heading\">Kepeksiz Ka\u015f\u0131nt\u0131l\u0131 Sa\u00e7 Derisi: Olas\u0131 Nedenler<\/h3>\n\n\n\n<p>Kepeksiz ka\u015f\u0131nt\u0131l\u0131 bir kafa derisi kafa kar\u0131\u015ft\u0131r\u0131c\u0131 olabilir. Olas\u0131 nedenler \u015funlar\u0131 i\u00e7erir:<\/p>\n\n\n\n<p>Seboreik dermatit: Belirli bile\u015fenlere veya \u00fcr\u00fcn birikimine kar\u015f\u0131 hassasiyet nedeniyle pullu yamalar, k\u0131zar\u0131kl\u0131k ve ka\u015f\u0131nt\u0131ya neden olan bir durum.<\/p>\n\n\n\n<p>Kontakt dermatit: Sa\u00e7 bak\u0131m \u00fcr\u00fcnleri, boyalar veya kafa derisiyle temas eden di\u011fer maddelere kar\u015f\u0131 tahri\u015f veya alerjik reaksiyonlar.<\/p>\n\n\n\n<p>Sedef hastal\u0131\u011f\u0131: Kafa derisinde pullu, ka\u015f\u0131nt\u0131l\u0131 lekelere neden olabilen otoimm\u00fcn bir durumdur.<\/p>\n\n\n\n<h3 class=\"wp-block-heading\">Kel Ba\u015flar \u0130\u00e7in \u00d6zel Hususlar<\/h3>\n\n\n\n<p>Kel kafalar ka\u015f\u0131nmaya daha yatk\u0131nd\u0131r. Bunun nedeni do\u011frudan tere, g\u00fcne\u015fe ve \u00e7evresel tahri\u015f edici maddelere maruz kalmalar\u0131d\u0131r. Sa\u00e7 eksikli\u011fi, kafa derisini a\u015fa\u011f\u0131daki gibi durumlara kar\u015f\u0131 daha savunmas\u0131z hale getirir:<\/p>\n\n\n\n<p>Uzun s\u00fcre g\u00fcne\u015fe maruz kalman\u0131n bir sonucu olan aktinik keratoz<\/p>\n\n\n\n<p>Rahats\u0131zl\u0131k ve ka\u015f\u0131nt\u0131ya yol a\u00e7abilen g\u00fcne\u015f yan\u0131\u011f\u0131 riskinde art\u0131\u015f<\/p>\n\n\n\n<p>Bu riskleri azaltmak i\u00e7in kel bireyler g\u00fcne\u015f kremi, \u015fapka veya kel kafalar i\u00e7in \u00fcretilmi\u015f sa\u00e7 derisi bak\u0131m \u00fcr\u00fcnleri kullanmal\u0131d\u0131r.<\/p>\n\n\n\n<h2 class=\"wp-block-heading\">Terleme S\u0131ras\u0131nda Ka\u015f\u0131nan Sa\u00e7 Derisi \u0130\u00e7in Etkili Tedaviler<\/h2>\n\n\n\n<p>Terleme nedeniyle ka\u015f\u0131nan sa\u00e7 derisini tedavi etmek i\u00e7in hem h\u0131zl\u0131 \u00e7\u00f6z\u00fcmlere hem de uzun vadeli bak\u0131ma ihtiyac\u0131n\u0131z vard\u0131r. Daha fazla tahri\u015fi durdurmak i\u00e7in semptomlar\u0131 ve temel nedenleri ele almak \u00f6nemlidir.<\/p>\n\n\n\n<h3 class=\"wp-block-heading\">Acil Yard\u0131m Stratejileri<\/h3>\n\n\n\n<p>H\u0131zl\u0131 rahatlama i\u00e7in sa\u00e7 derinizi so\u011fuk suyla durulamay\u0131 deneyin. Bu, s\u0131cakl\u0131\u011f\u0131 d\u00fc\u015f\u00fcrmeye ve ka\u015f\u0131nt\u0131y\u0131 hafifletmeye yard\u0131mc\u0131 olabilir. Hafif, s\u00fclfat i\u00e7ermeyen bir \u015fampuan kullanmak da tahri\u015fi azaltabilir. \u00c7ay a\u011fac\u0131 ya\u011f\u0131 ve aloe vera sa\u00e7 derisini yat\u0131\u015ft\u0131rmak i\u00e7in harikad\u0131r ve bir\u00e7ok sa\u00e7 derisi bak\u0131m \u00fcr\u00fcn\u00fcnde bulunabilir veya tek ba\u015f\u0131na kullan\u0131labilir.<\/p>\n\n\n\n<p>D\u00fczenli sa\u00e7 derisi bak\u0131m\u0131, ka\u015f\u0131nt\u0131y\u0131 y\u00f6netmenin anahtar\u0131d\u0131r. Bu \u015funlar\u0131 i\u00e7erir:<\/p>\n\n\n\n<p>Kan ak\u0131\u015f\u0131n\u0131 art\u0131rmak i\u00e7in kafa derisine hafif\u00e7e masaj yapmak<\/p>\n\n\n\n<p>Sert kimyasal i\u015flemlerden ka\u00e7\u0131nmak<\/p>\n\n\n\n<p>Sa\u00e7 derisini temiz ve kuru tutmak<\/p>\n\n\n\n<h3 class=\"wp-block-heading\">Ka\u015f\u0131nt\u0131 \u00d6nleyici Sa\u00e7 Derisi \u00dcr\u00fcnleri ve \u0130la\u00e7lar\u0131<\/h3>\n\n\n\n<p>Ka\u015f\u0131nt\u0131l\u0131 sa\u00e7 derisini tedavi etmek i\u00e7in bir\u00e7ok \u00fcr\u00fcn ve ila\u00e7 vard\u0131r. \u00c7inko piritiyon veya ketokonazol i\u00e7eren kepek \u00f6nleyici \u015fampuanlar i\u015fe yarar. Daha ciddi vakalar i\u00e7in bir dermatolog ila\u00e7l\u0131 \u015fampuanlar veya kremler re\u00e7ete edebilir.<\/p>\n\n\n\n<h3 class=\"wp-block-heading\">Kronik Sa\u00e7 Derisi Ka\u015f\u0131nt\u0131s\u0131ndan Kaynaklanan Sa\u00e7 D\u00f6k\u00fclmesini \u00d6nleme<\/h3>\n\n\n\n<p>Kronik ka\u015f\u0131nt\u0131, kontrol alt\u0131na al\u0131nmazsa sa\u00e7 d\u00f6k\u00fclmesine neden olabilir. Bunu \u00f6nlemek i\u00e7in nazik sa\u00e7 bak\u0131m \u00fcr\u00fcnleri kullan\u0131n ve \u00e7ok fazla \u0131s\u0131yla \u015fekillendirmekten ka\u00e7\u0131n\u0131n. Sa\u00e7 derinizi sa\u011fl\u0131kl\u0131 tutmak da \u00f6nemlidir. Bir dermatolo\u011fa d\u00fczenli ziyaretler sorunlar\u0131 erken yakalaman\u0131za yard\u0131mc\u0131 olabilir.<\/p>\n\n\n\n<p>H\u0131zl\u0131 \u00e7\u00f6z\u00fcmler ve uzun vadeli bak\u0131m kullanarak ve do\u011fru \u00fcr\u00fcnleri se\u00e7erek, terleme nedeniyle ka\u015f\u0131nan sa\u00e7 derisini y\u00f6netebilirsiniz. Bu, sa\u00e7 d\u00f6k\u00fclmesini de \u00f6nlemeye yard\u0131mc\u0131 olur.<\/p>\n\n\n\n<h2 class=\"wp-block-heading\">Sonu\u00e7<\/h2>\n\n\n\n<p>Terledi\u011fimizde neden ka\u015f\u0131nt\u0131l\u0131 bir kafa derisi olu\u015ftu\u011funu bilmek \u00f6nemlidir. Ter, folik\u00fclit ve isilik gibi kafa derisi sorunlar\u0131na neden olabilir. Bu sorunlar ac\u0131 verici olabilir ve do\u011fru tedavi edilmezse sa\u00e7 d\u00f6k\u00fclmesine bile neden olabilir.<\/p>\n\n\n\n<p>Ka\u015f\u0131nt\u0131l\u0131 bir sa\u00e7 derisini y\u00f6netmek i\u00e7in yard\u0131mc\u0131 olan \u00fcr\u00fcnler ve ila\u00e7lar kullanmam\u0131z gerekir. Ayr\u0131ca teri ve tahri\u015fi azaltmak i\u00e7in de ad\u0131mlar atmam\u0131z gerekir. Sa\u00e7 derimizi temiz tutmak, terden kaynaklanan hasar\u0131 \u00f6nlemenin anahtar\u0131d\u0131r.<\/p>\n\n\n\n<p>Ka\u015f\u0131nt\u0131l\u0131 kafa derisi ve terleme ile ba\u015fa \u00e7\u0131kmak dikkatli bir plan gerektirir. Ter ve kafa derisi tahri\u015fi hakk\u0131nda bilgi edinerek daha iyi hissetmenin yollar\u0131n\u0131 bulabiliriz. Bu, daha fazla sorundan ka\u00e7\u0131nmam\u0131za ve rahatlamam\u0131za yard\u0131mc\u0131 olur.<\/p>\n\n\n\n<p>Ka\u015f\u0131nt\u0131l\u0131 bir sa\u00e7 derisini d\u00fczeltmek, do\u011fru tedavileri kullanmak ve sa\u00e7 derimizi temiz tutmak anlam\u0131na gelir. Do\u011fru bilgi ve eylemlerle ka\u015f\u0131nt\u0131l\u0131 sa\u00e7 derisi sorunlar\u0131n\u0131n \u00fcstesinden gelebiliriz. Bu, sa\u00e7 derimizi sa\u011fl\u0131kl\u0131 tutmam\u0131za yard\u0131mc\u0131 olur.<\/p>\n\n\n\n<h2 class=\"wp-block-heading\">SSS<\/h2>\n\n\n<div id=\"rank-math-faq\" class=\"rank-math-block\">\n<div class=\"rank-math-list\">\n<div id=\"faq-question-17720786546030.10113721852103941\" class=\"rank-math-list-item\">\n<h3 class=\"rank-math-question\">Terledi\u011fimde kafa derim neden ka\u015f\u0131n\u0131yor?<\/h3>\n<div class=\"rank-math-answer\">\n\n<p>Terledi\u011finizde kafa deriniz ka\u015f\u0131nabilir \u00e7\u00fcnk\u00fc ter ya\u011f, kir ve bakterilerle kar\u0131\u015farak cildi tahri\u015f edebilir. Ter buharla\u015f\u0131rken, geride kafa derisini kurutan ve tahri\u015f eden tuz da b\u0131rakabilir.<\/p>\n\n<\/div>\n<\/div>\n<div id=\"faq-question-17720786546030.0831004777170028\" class=\"rank-math-list-item\">\n<h3 class=\"rank-math-question\">Terleme ile tetiklenen yayg\u0131n kafa derisi rahats\u0131zl\u0131klar\u0131 nelerdir?<\/h3>\n<div class=\"rank-math-answer\">\n\n<p>Terleme kepek, seboreik dermatit, mantar enfeksiyonlar\u0131 ve s\u0131cak d\u00f6k\u00fcnt\u00fcs\u00fc gibi durumlar\u0131 k\u00f6t\u00fcle\u015ftirebilir. A\u015f\u0131r\u0131 nem, maya ve bakterilerin daha kolay b\u00fcy\u00fcyebilece\u011fi bir ortam yarat\u0131r.<\/p>\n\n<\/div>\n<\/div>\n<div id=\"faq-question-17720786546030.9148993553661149\" class=\"rank-math-list-item\">\n<h3 class=\"rank-math-question\">Terlemeden kaynaklanan ka\u015f\u0131nt\u0131l\u0131 sa\u00e7 derisini nas\u0131l tedavi edebilirim?<\/h3>\n<div class=\"rank-math-answer\">\n\n<p>Ter birikimini gidermek ve tahri\u015fi azaltmak i\u00e7in kafa derinizi d\u00fczenli olarak yumu\u015fak veya ila\u00e7l\u0131 bir \u015fampuanla y\u0131kay\u0131n. Antrenmanlardan sonra kafa derisini temiz ve kuru tutmak da ka\u015f\u0131nt\u0131y\u0131 \u00f6nlemeye yard\u0131mc\u0131 olabilir.<\/p>\n\n<\/div>\n<\/div>\n<div id=\"faq-question-17720786546030.36429030090353365\" class=\"rank-math-list-item\">\n<h3 class=\"rank-math-question\">Terleme sa\u00e7 d\u00f6k\u00fclmesine yol a\u00e7abilir mi?<\/h3>\n<div class=\"rank-math-answer\">\n\n<p>Terlemenin kendisi do\u011frudan sa\u00e7 d\u00f6k\u00fclmesine neden olmaz, ancak kronik kafa derisi tahri\u015fi veya a\u015f\u0131r\u0131 terin tetikledi\u011fi enfeksiyonlar ge\u00e7ici d\u00f6k\u00fclmeye katk\u0131da bulunabilir. Uygun kafa derisi hijyeni bu riski azaltmaya yard\u0131mc\u0131 olur.<\/p>\n\n<\/div>\n<\/div>\n<div id=\"faq-question-17720786546030.014849267321453308\" class=\"rank-math-list-item\">\n<h3 class=\"rank-math-question\">Terleme s\u0131ras\u0131nda ka\u015f\u0131nan sa\u00e7 derisi i\u00e7in \u00f6zel \u00fcr\u00fcnler var m\u0131?<\/h3>\n<div class=\"rank-math-answer\">\n\n<p>Evet, ketokonazol, \u00e7inko piritiyon veya salisilik asit gibi bile\u015fenler i\u00e7eren kepek \u00f6nleyici \u015fampuanlar ka\u015f\u0131nt\u0131 ve birikimi kontrol etmeye yard\u0131mc\u0131 olabilir. Hafif, ya\u011fl\u0131 olmayan sa\u00e7 derisi bak\u0131mlar\u0131 da tahri\u015fi yat\u0131\u015ft\u0131rabilir.<\/p>\n\n<\/div>\n<\/div>\n<div id=\"faq-question-17720786546030.8000910027332002\" class=\"rank-math-list-item\">\n<h3 class=\"rank-math-question\">Terlerken sa\u00e7 derisinin ka\u015f\u0131nmas\u0131n\u0131 nas\u0131l \u00f6nleyebilirim?<\/h3>\n<div class=\"rank-math-answer\">\n\n<p>Terledikten hemen sonra du\u015f al\u0131n, kafa derinizi iyice kurulay\u0131n ve terli \u015fapkalar\u0131 veya kasklar\u0131 uzun s\u00fcre takmaktan ka\u00e7\u0131n\u0131n. Nefes alabilen kuma\u015flar kullanmak ve sa\u00e7lar\u0131 temiz tutmak da tahri\u015fi azaltabilir.<\/p>\n\n<\/div>\n<\/div>\n<div id=\"faq-question-17720786546040.5458525059635366\" class=\"rank-math-list-item\">\n<h3 class=\"rank-math-question\">Terlerken ka\u015f\u0131nan kafa derisi ciddi bir durumun belirtisi midir?<\/h3>\n<div class=\"rank-math-answer\">\n\n<p>\u00c7o\u011fu durumda ciddi de\u011fildir ve tahri\u015f veya hafif kafa derisi rahats\u0131zl\u0131klar\u0131yla ba\u011flant\u0131l\u0131d\u0131r. Bununla birlikte, k\u0131zar\u0131kl\u0131k, yaralar veya \u00f6nemli sa\u00e7 d\u00f6k\u00fclmesi ile birlikte kal\u0131c\u0131 ka\u015f\u0131nt\u0131 bir sa\u011fl\u0131k uzman\u0131 taraf\u0131ndan de\u011ferlendirilmelidir.<\/p>\n\n<\/div>\n<\/div>\n<div id=\"faq-question-17720786546040.5123915910917141\" class=\"rank-math-list-item\">\n<h3 class=\"rank-math-question\">Nem ve s\u0131cakl\u0131k sa\u00e7 derisi sa\u011fl\u0131\u011f\u0131n\u0131 etkileyebilir mi?<\/h3>\n<div class=\"rank-math-answer\">\n\n<p>Evet, y\u00fcksek nem ve s\u0131cakl\u0131k terlemeyi ve ya\u011f \u00fcretimini art\u0131r\u0131r, bu da kepek ve tahri\u015fi \u015fiddetlendirebilir. So\u011fuk ve kuru hava da sa\u00e7 derisinde kurulu\u011fa ve ka\u015f\u0131nt\u0131ya neden olabilir.<\/p>\n\n<\/div>\n<\/div>\n<div id=\"faq-question-17720786546040.8427853734727148\" class=\"rank-math-list-item\">\n<h3 class=\"rank-math-question\">Hangi ya\u015fam tarz\u0131 de\u011fi\u015fiklikleri terleme s\u0131ras\u0131nda ka\u015f\u0131nan sa\u00e7 derisini y\u00f6netmeye yard\u0131mc\u0131 olabilir?<\/h3>\n<div class=\"rank-math-answer\">\n\n<p>\u0130yi bir kafa derisi hijyeni sa\u011flamak, stresi azaltmak, dengeli beslenmek ve susuz kalmamak genel kafa derisi sa\u011fl\u0131\u011f\u0131n\u0131 iyile\u015ftirebilir. A\u011f\u0131r sa\u00e7 \u00fcr\u00fcnlerinden ka\u00e7\u0131nmak ve yo\u011fun terlemeden sonra y\u0131kamak da semptomlar\u0131 kontrol etmeye yard\u0131mc\u0131 olabilir.<\/p>\n\n<\/div>\n<\/div>\n<\/div>\n<\/div>\n\n\n<h2 class=\"wp-block-heading\">Referanslar<\/h2>\n\n\n\n<p>Ulusal Biyoteknoloji Bilgi Merkezi. Kan\u0131ta Dayal\u0131 T\u0131bbi \u00d6ng\u00f6r\u00fc. Eri\u015fim adresi <a href=\"https:\/\/pmc.ncbi.nlm.nih.gov\/articles\/PMC4908440\/\" data-type=\"URL\" data-id=\"https:\/\/pmc.ncbi.nlm.nih.gov\/articles\/PMC4908440\/\" target=\"_blank\" rel=\"noopener\">https:\/\/pmc.ncbi.nlm.nih.gov\/articles\/PMC4908440\/<\/a>[1<\/p>","protected":false},"excerpt":{"rendered":"<p>Many people struggle with an itchy scalp when they sweat. This problem affects millions and can be quite bothersome. Sweat-triggered scalp itching can be anything from a minor annoyance to a major discomfort. Why does my head itch when i sweat? Discover the amazing win and powerful, incredible cures to end scary scalp irritation and [&hellip;]<\/p>","protected":false},"author":13,"featured_media":21568,"comment_status":"closed","ping_status":"closed","sticky":false,"template":"","format":"standard","meta":{"footnotes":"","rank_math_title":"","rank_math_description":"Why does my head itch when i sweat? Discover the amazing win and powerful, incredible cures to end scary scalp irritation and feel fresh.","rank_math_canonical_url":"","rank_math_focus_keyword":"why does my head itch when i sweat,health,treatment"},"categories":[14],"tags":[3123,2899,2090,417,3381],"class_list":["post-20062","post","type-post","status-publish","format-standard","has-post-thumbnail","hentry","category-hair","tag-hygiene","tag-itchy-scalp","tag-relief","tag-scalp-care","tag-sweat"],"_links":{"self":[{"href":"https:\/\/goldcityhair.com\/tr\/wp-json\/wp\/v2\/posts\/20062","targetHints":{"allow":["GET"]}}],"collection":[{"href":"https:\/\/goldcityhair.com\/tr\/wp-json\/wp\/v2\/posts"}],"about":[{"href":"https:\/\/goldcityhair.com\/tr\/wp-json\/wp\/v2\/types\/post"}],"author":[{"embeddable":true,"href":"https:\/\/goldcityhair.com\/tr\/wp-json\/wp\/v2\/users\/13"}],"replies":[{"embeddable":true,"href":"https:\/\/goldcityhair.com\/tr\/wp-json\/wp\/v2\/comments?post=20062"}],"version-history":[{"count":2,"href":"https:\/\/goldcityhair.com\/tr\/wp-json\/wp\/v2\/posts\/20062\/revisions"}],"predecessor-version":[{"id":23401,"href":"https:\/\/goldcityhair.com\/tr\/wp-json\/wp\/v2\/posts\/20062\/revisions\/23401"}],"wp:featuredmedia":[{"embeddable":true,"href":"https:\/\/goldcityhair.com\/tr\/wp-json\/wp\/v2\/media\/21568"}],"wp:attachment":[{"href":"https:\/\/goldcityhair.com\/tr\/wp-json\/wp\/v2\/media?parent=20062"}],"wp:term":[{"taxonomy":"category","embeddable":true,"href":"https:\/\/goldcityhair.com\/tr\/wp-json\/wp\/v2\/categories?post=20062"},{"taxonomy":"post_tag","embeddable":true,"href":"https:\/\/goldcityhair.com\/tr\/wp-json\/wp\/v2\/tags?post=20062"}],"curies":[{"name":"wp","href":"https:\/\/api.w.org\/{rel}","templated":true}]}}