{"id":20063,"date":"2026-02-23T04:40:10","date_gmt":"2026-02-23T03:40:10","guid":{"rendered":"https:\/\/goldcityhair.com\/?p=20063"},"modified":"2026-03-09T06:48:09","modified_gmt":"2026-03-09T05:48:09","slug":"sac-derim-yikandiktan-bir-gun-sonra-neden-kasiniyor","status":"publish","type":"post","link":"https:\/\/goldcityhair.com\/tr\/sac\/sac-derim-yikandiktan-bir-gun-sonra-neden-kasiniyor\/","title":{"rendered":"Sa\u00e7 Derim Y\u0131kand\u0131ktan Bir G\u00fcn Sonra Neden Ka\u015f\u0131n\u0131yor?"},"content":{"rendered":"<figure class=\"wp-block-image size-large\"><img fetchpriority=\"high\" decoding=\"async\" width=\"1024\" height=\"683\" src=\"https:\/\/goldcityhair.com\/wp-content\/uploads\/2026\/02\/image_1-89-1024x683.webp\" alt=\"Sa\u00e7 Derim Y\u0131kand\u0131ktan Bir G\u00fcn Sonra Neden Ka\u015f\u0131n\u0131yor?\" class=\"wp-image-21580\" srcset=\"https:\/\/goldcityhair.com\/wp-content\/uploads\/2026\/02\/image_1-89-1024x683.webp 1024w, https:\/\/goldcityhair.com\/wp-content\/uploads\/2026\/02\/image_1-89-300x200.webp 300w, https:\/\/goldcityhair.com\/wp-content\/uploads\/2026\/02\/image_1-89-768x512.webp 768w, https:\/\/goldcityhair.com\/wp-content\/uploads\/2026\/02\/image_1-89-18x12.webp 18w, https:\/\/goldcityhair.com\/wp-content\/uploads\/2026\/02\/image_1-89.webp 1200w\" sizes=\"(max-width: 1024px) 100vw, 1024px\" \/><\/figure>\n\n\n\n<p>Bir\u00e7ok insan sa\u00e7lar\u0131n\u0131 y\u0131kad\u0131ktan sonra ka\u015f\u0131nt\u0131l\u0131 bir kafa derisi ya\u015far. Bu sorun n\u00fcfusun y\u00fczde 45'ini etkilemektedir. \u00c7ok can s\u0131k\u0131c\u0131 olabilir ve genellikle daha derin bir soruna i\u015faret eder.<\/p>\n\n\n\n<p>Sa\u00e7 derim y\u0131kand\u0131ktan bir g\u00fcn sonra neden ka\u015f\u0131n\u0131yor? Korkun\u00e7 tahri\u015fi durdurmak ve inan\u0131lmaz bir sa\u00e7 derisi rahatl\u0131\u011f\u0131 elde etmek i\u00e7in \u015fa\u015f\u0131rt\u0131c\u0131, g\u00fc\u00e7l\u00fc s\u0131rlar\u0131n kilidini a\u00e7\u0131n.<\/p>\n\n\n\n<p>Sa\u00e7 derinizin y\u0131kand\u0131ktan sonra ka\u015f\u0131nmas\u0131n\u0131n \u00e7e\u015fitli nedenleri vard\u0131r. Sert \u015fampuan i\u00e7erikleri ve sert sudan kaynaklanan mineral birikimi yayg\u0131n nedenlerdir. Ayr\u0131ca kepek gibi durumlar da ka\u015f\u0131nt\u0131ya yol a\u00e7abilir. Nedenini bilmek, rahatlama bulman\u0131n anahtar\u0131d\u0131r.<\/p>\n\n\n\n<p>Sa\u00e7 deriniz y\u0131kand\u0131ktan sonra ka\u015f\u0131n\u0131yorsa, bir \u015feyler ters gidiyor demektir. \u00dcr\u00fcn kal\u0131nt\u0131lar\u0131, s\u0131cak su veya s\u00fclfatlar ya da kokulardan kaynaklanan tahri\u015f su\u00e7lu olabilir. Ka\u015f\u0131nt\u0131ya neyin sebep oldu\u011funu bulmak daha iyi hissetmenin ilk ad\u0131m\u0131d\u0131r.<\/p>\n\n\n\n<h3 class=\"wp-block-heading\">\u00d6nemli \u00c7\u0131kar\u0131mlar<\/h3>\n\n\n\n<p>Y\u0131kama sonras\u0131 kafa derisi ka\u015f\u0131nt\u0131s\u0131, n\u00fcfusun \u00f6nemli bir b\u00f6l\u00fcm\u00fcn\u00fc etkileyen yayg\u0131n bir sorundur.<\/p>\n\n\n\n<p>Sert \u015fampuan bile\u015fenleri ve mineral birikimi sa\u00e7 derisinde ka\u015f\u0131nt\u0131ya neden olabilir.<\/p>\n\n\n\n<p>Kepek gibi altta yatan durumlar da sa\u00e7 y\u0131kand\u0131ktan sonra ka\u015f\u0131nt\u0131ya neden olabilir.<\/p>\n\n\n\n<p>Etkili bir rahatlama i\u00e7in temel nedeni anlamak \u015fartt\u0131r.<\/p>\n\n\n\n<p>Sa\u00e7 derisinin do\u011fal dengesinin bozulmas\u0131 ka\u015f\u0131nt\u0131ya yol a\u00e7abilir.<\/p>\n\n\n\n<h2 class=\"wp-block-heading\">Y\u0131kama Sonras\u0131 Sa\u00e7 Derisinde Ka\u015f\u0131nt\u0131y\u0131 Anlamak<\/h2>\n\n\n\n<figure class=\"wp-block-image size-large\"><img decoding=\"async\" width=\"1024\" height=\"683\" src=\"https:\/\/goldcityhair.com\/wp-content\/uploads\/2026\/02\/image_2-90-1024x683.webp\" alt=\"Sa\u00e7 Derim Y\u0131kand\u0131ktan Bir G\u00fcn Sonra Neden Ka\u015f\u0131n\u0131yor?\" class=\"wp-image-21581\" srcset=\"https:\/\/goldcityhair.com\/wp-content\/uploads\/2026\/02\/image_2-90-1024x683.webp 1024w, https:\/\/goldcityhair.com\/wp-content\/uploads\/2026\/02\/image_2-90-300x200.webp 300w, https:\/\/goldcityhair.com\/wp-content\/uploads\/2026\/02\/image_2-90-768x512.webp 768w, https:\/\/goldcityhair.com\/wp-content\/uploads\/2026\/02\/image_2-90-18x12.webp 18w, https:\/\/goldcityhair.com\/wp-content\/uploads\/2026\/02\/image_2-90.webp 1200w\" sizes=\"(max-width: 1024px) 100vw, 1024px\" \/><\/figure>\n\n\n\n<p>Bir\u00e7ok insan sa\u00e7lar\u0131n\u0131 y\u0131kad\u0131ktan sonra kafa derisinin ka\u015f\u0131nd\u0131\u011f\u0131n\u0131 fark eder. Bu sorun d\u00fc\u015f\u00fcnd\u00fc\u011f\u00fcn\u00fczden daha yayg\u0131nd\u0131r. Neden oldu\u011funu bilmek daha iyi hissetmenin anahtar\u0131d\u0131r.<\/p>\n\n\n\n<h3 class=\"wp-block-heading\">Yayg\u0131nl\u0131k ve \u0130statistikler<\/h3>\n\n\n\n<p>Ara\u015ft\u0131rmalar bir\u00e7ok insan\u0131n y\u0131kand\u0131ktan sonra sa\u00e7 derisinin ka\u015f\u0131nd\u0131\u011f\u0131n\u0131 g\u00f6stermektedir. Ka\u015f\u0131nt\u0131, \u015fampuanlamadan sonraki 72 saat i\u00e7inde daha da k\u00f6t\u00fcle\u015fir.<\/p>\n\n\n\n<p>Sebum birikimi bu sorunun b\u00fcy\u00fck bir par\u00e7as\u0131d\u0131r. Sebum artt\u0131k\u00e7a tahri\u015fe ve ka\u015f\u0131nt\u0131ya neden olabilir. A\u015fa\u011f\u0131da, sebum birikiminin zaman i\u00e7inde ka\u015f\u0131nt\u0131yla nas\u0131l ili\u015fkili oldu\u011funu g\u00f6steren bir tablo bulunmaktad\u0131r.<\/p>\n\n\n\n<h3 class=\"wp-block-heading\">Sa\u00e7 Derisi Tahri\u015finin Arkas\u0131ndaki Bilim<\/h3>\n\n\n\n<p>Birka\u00e7 \u015fey y\u0131kand\u0131ktan sonra sa\u00e7 derinizin ka\u015f\u0131nmas\u0131na neden olabilir. Bunlar aras\u0131nda sebum geri tepmesi ve Malassezia gibi a\u015f\u0131r\u0131 maya b\u00fcy\u00fcmesi yer al\u0131r. Ayr\u0131ca, \u00fcr\u00fcn kal\u0131nt\u0131lar\u0131 ve iyi durulamamak da sa\u00e7 derinizi tahri\u015f ederek ka\u015f\u0131nmas\u0131na neden olabilir.<\/p>\n\n\n\n<h3 class=\"wp-block-heading\">72 Saatlik Ka\u015f\u0131nt\u0131 \u0130lerlemesi<\/h3>\n\n\n\n<p>Ka\u015f\u0131nt\u0131 y\u0131kamadan 72 saat sonra daha da k\u00f6t\u00fcle\u015fir. Genellikle 72 saat civar\u0131nda en k\u00f6t\u00fc halini al\u0131r. Bunu bilmek daha iyi hissetmenin yollar\u0131n\u0131 bulman\u0131za yard\u0131mc\u0131 olabilir.<\/p>\n\n\n\n<p>Y\u0131kama sonras\u0131 kafa derisi ka\u015f\u0131nt\u0131s\u0131na neyin neden oldu\u011funu anlayarak, bunu \u00f6nlemek i\u00e7in ad\u0131mlar atabilirsiniz. Buna do\u011fru \u015fampuan\u0131 se\u00e7mek, iyi durulad\u0131\u011f\u0131n\u0131zdan emin olmak ve sebum seviyelerini kontrol etmek dahildir.<\/p>\n\n\n\n<h2 class=\"wp-block-heading\">Sa\u00e7 Derim Y\u0131kand\u0131ktan Bir G\u00fcn Sonra Neden Ka\u015f\u0131n\u0131yor?<\/h2>\n\n\n\n<figure class=\"wp-block-image size-large\"><img decoding=\"async\" width=\"1024\" height=\"683\" src=\"https:\/\/goldcityhair.com\/wp-content\/uploads\/2026\/02\/image_3-85-1024x683.webp\" alt=\"Sa\u00e7 Derim Y\u0131kand\u0131ktan Bir G\u00fcn Sonra Neden Ka\u015f\u0131n\u0131yor?\" class=\"wp-image-21582\" srcset=\"https:\/\/goldcityhair.com\/wp-content\/uploads\/2026\/02\/image_3-85-1024x683.webp 1024w, https:\/\/goldcityhair.com\/wp-content\/uploads\/2026\/02\/image_3-85-300x200.webp 300w, https:\/\/goldcityhair.com\/wp-content\/uploads\/2026\/02\/image_3-85-768x512.webp 768w, https:\/\/goldcityhair.com\/wp-content\/uploads\/2026\/02\/image_3-85-18x12.webp 18w, https:\/\/goldcityhair.com\/wp-content\/uploads\/2026\/02\/image_3-85.webp 1200w\" sizes=\"(max-width: 1024px) 100vw, 1024px\" \/><\/figure>\n\n\n\n<p>Sa\u00e7 derinizin y\u0131kand\u0131ktan bir g\u00fcn sonra neden ka\u015f\u0131nd\u0131\u011f\u0131n\u0131 merak ediyorsan\u0131z, yaln\u0131z de\u011filsiniz. Bir\u00e7ok insan bu sorunla kar\u015f\u0131 kar\u015f\u0131yad\u0131r. Bu genellikle d\u00fczeltilmesi gereken bir sorun oldu\u011fu anlam\u0131na gelir.<\/p>\n\n\n\n<h3 class=\"wp-block-heading\">Biyolojik Nedenler<\/h3>\n\n\n\n<p>\u00c7e\u015fitli biyolojik fakt\u00f6rler y\u0131kama sonras\u0131 ka\u015f\u0131nt\u0131ya neden olabilir. Kepek, sedef hastal\u0131\u011f\u0131 ve mantar enfeksiyonlar\u0131 gibi durumlar yayg\u0131n su\u00e7lulard\u0131r. Bunlar kafa derisini iltihapland\u0131rarak ka\u015f\u0131nt\u0131 ve rahats\u0131zl\u0131\u011fa yol a\u00e7abilir.<\/p>\n\n\n\n<p>\u201cBir dermatolog olan Medical Expert, \u201dKa\u015f\u0131nt\u0131, kafa derisinde bir \u015feylerin yanl\u0131\u015f gitti\u011finin i\u015faretidir\u201c diyor. \u201dEtkili bir rahatlama sa\u011flamak i\u00e7in altta yatan nedeni belirlemek \u00e7ok \u00f6nemlidir.\"<\/p>\n\n\n\n<p>Kepek, \u00f6l\u00fc deri pullar\u0131n\u0131n ka\u015f\u0131nt\u0131ya neden oldu\u011fu bir durumdur. Sedef hastal\u0131\u011f\u0131 cilt h\u00fccrelerinin b\u00fcy\u00fcmesini h\u0131zland\u0131rarak kafa derisinde birikime yol a\u00e7ar. Mantar enfeksiyonlar\u0131 da ka\u015f\u0131nt\u0131 ve iltihaplanmaya neden olabilir.<\/p>\n\n\n\n<h3 class=\"wp-block-heading\">D\u0131\u015f Tahri\u015f Ediciler<\/h3>\n\n\n\n<p>Y\u0131kama sonras\u0131 ka\u015f\u0131nt\u0131da d\u0131\u015f etkenler de b\u00fcy\u00fck rol oynar. Sa\u00e7 \u00fcr\u00fcnlerindeki s\u00fclfatlar ve sentetik kokular gibi tahri\u015f edici bile\u015fenler kafa derisini kurutabilir. Nazik, s\u00fclfat i\u00e7ermeyen \u015fampuanlar kullanmak yard\u0131mc\u0131 olabilir.<\/p>\n\n\n\n<p>Y\u00fcksek d\u00fczeyde mineral i\u00e7eren sert su da sa\u00e7 derisini tahri\u015f edebilir. Bir su filtresi veya sa\u00e7 derisi tedavisi kullanmak bunu \u00f6nlemeye yard\u0131mc\u0131 olabilir.<\/p>\n\n\n\n<p>Y\u0131kama sonras\u0131 ka\u015f\u0131nt\u0131y\u0131 durdurmak i\u00e7in hem biyolojik hem de harici nedenlerle m\u00fccadele etmek \u00e7ok \u00f6nemlidir. Sebepleri anlayarak ve bunlar\u0131 d\u00fczeltmek i\u00e7in ad\u0131mlar atarak, insanlar bu can s\u0131k\u0131c\u0131 sorundan kurtulabilirler.<\/p>\n\n\n\n<h2 class=\"wp-block-heading\">Sonu\u00e7: Y\u0131kama Sonras\u0131 Sa\u00e7 Derisi Ka\u015f\u0131nt\u0131s\u0131n\u0131n Giderilmesi ve \u00d6nlenmesi<\/h2>\n\n\n\n<p>Y\u0131kand\u0131ktan sonra kafa derinizin neden ka\u015f\u0131nd\u0131\u011f\u0131n\u0131 bulmak kendinizi daha iyi hissetmenizin anahtar\u0131d\u0131r. Y\u0131kama sonras\u0131 kafa derisi ka\u015f\u0131nt\u0131s\u0131n\u0131n \u00e7o\u011fu \u00f6nemsizdir. Rutininizde yapaca\u011f\u0131n\u0131z birka\u00e7 basit de\u011fi\u015fiklikle d\u00fczeltilebilir.<\/p>\n\n\n\n<p>Nazik \u00fcr\u00fcnler se\u00e7mek, iyice durulad\u0131\u011f\u0131n\u0131zdan emin olmak ve so\u011fuk su kullanmak \u00e7ok yard\u0131mc\u0131 olabilir. Ka\u015f\u0131nt\u0131ya neyin sebep oldu\u011funu bulmak rahatlaman\u0131n ilk ad\u0131m\u0131d\u0131r.<\/p>\n\n\n\n<p>Ka\u015f\u0131nt\u0131y\u0131 durdurmak i\u00e7in sa\u00e7 derinizin do\u011fal dengesini koruyun. Sa\u00e7 bak\u0131m \u00fcr\u00fcnleri ve uygulamalar\u0131 hakk\u0131nda ak\u0131ll\u0131 se\u00e7imler yapmak yard\u0131mc\u0131 olur. Bu \u015fekilde, rahats\u0131zl\u0131\u011f\u0131 azaltabilir ve sa\u00e7 derinizi sa\u011fl\u0131kl\u0131 tutabilirsiniz.<\/p>\n\n\n\n<p>Sa\u00e7 derisi sa\u011fl\u0131\u011f\u0131na odaklanarak, du\u015f sonras\u0131 sa\u00e7 derisi ka\u015f\u0131nt\u0131s\u0131na veda edebilirsiniz. Basit ad\u0131mlar b\u00fcy\u00fck bir fark yaratabilir. Ka\u015f\u0131nt\u0131y\u0131 nas\u0131l durduraca\u011f\u0131n\u0131z\u0131 \u00f6\u011frenmek, daha sa\u011fl\u0131kl\u0131 bir sa\u00e7 derisine giden ilk ad\u0131md\u0131r.<\/p>\n\n\n\n<h2 class=\"wp-block-heading\">SSS<\/h2>\n\n\n<div id=\"rank-math-faq\" class=\"rank-math-block\">\n<div class=\"rank-math-list\">\n<div id=\"faq-question-17720788343950.056130671178274416\" class=\"rank-math-list-item\">\n<h3 class=\"rank-math-question\">Sa\u00e7\u0131m\u0131 y\u0131kad\u0131ktan sonra kafa derim neden ka\u015f\u0131n\u0131yor?<\/h3>\n<div class=\"rank-math-answer\">\n\n<p>Sa\u00e7 deriniz y\u0131kand\u0131ktan sonra kuruluk, \u015fampuan i\u00e7eri\u011finden kaynaklanan tahri\u015f veya geride kalan kal\u0131nt\u0131lar nedeniyle ka\u015f\u0131nabilir. S\u0131cak su da do\u011fal ya\u011flar\u0131 alarak sa\u00e7 derisinin gergin ve ka\u015f\u0131nt\u0131l\u0131 hissetmesine neden olabilir.<\/p>\n\n<\/div>\n<\/div>\n<div id=\"faq-question-17720788343950.6193966570942534\" class=\"rank-math-list-item\">\n<h3 class=\"rank-math-question\">\u015eampuan ba\u015f\u0131m\u0131 ka\u015f\u0131nd\u0131rabilir mi?<\/h3>\n<div class=\"rank-math-answer\">\n\n<p>Evet, s\u00fclfat, koku veya sert koruyucular i\u00e7eren \u015fampuanlar hassas cildi tahri\u015f edebilir. Alerjik veya hassasiyet reaksiyonu ka\u015f\u0131nt\u0131, k\u0131zar\u0131kl\u0131k veya pullanmaya neden olabilir.<\/p>\n\n<\/div>\n<\/div>\n<div id=\"faq-question-17720788343950.5385766055883056\" class=\"rank-math-list-item\">\n<h3 class=\"rank-math-question\">Sa\u00e7 derim y\u0131kand\u0131ktan bir g\u00fcn sonra neden ka\u015f\u0131n\u0131yor?<\/h3>\n<div class=\"rank-math-answer\">\n\n<p>Sa\u00e7 deriniz kurursa veya y\u0131kamadan sonra ya\u011f \u00fcretimi h\u0131zla artarsa bir g\u00fcn sonra ka\u015f\u0131nt\u0131 olabilir. \u00dcr\u00fcn birikmesi veya eksik durulama da tahri\u015fe katk\u0131da bulunabilir.<\/p>\n\n<\/div>\n<\/div>\n<div id=\"faq-question-17720788343950.05258883621886734\" class=\"rank-math-list-item\">\n<h3 class=\"rank-math-question\">Du\u015ftan sonra ka\u015f\u0131nan sa\u00e7 derisini nas\u0131l rahatlatabilirim?<\/h3>\n<div class=\"rank-math-answer\">\n\n<p>Nazik, s\u00fclfat i\u00e7ermeyen bir \u015fampuan kullan\u0131n ve \u0131l\u0131k suyla iyice durulay\u0131n. Hafif, yat\u0131\u015ft\u0131r\u0131c\u0131 bir sa\u00e7 derisi bak\u0131m\u0131 veya do\u011fal ya\u011f uygulamak nemin geri kazan\u0131lmas\u0131na yard\u0131mc\u0131 olabilir.<\/p>\n\n<\/div>\n<\/div>\n<div id=\"faq-question-17720788343950.5942341203502003\" class=\"rank-math-list-item\">\n<h3 class=\"rank-math-question\">Sa\u00e7\u0131m\u0131 y\u0131kad\u0131ktan sonra ba\u015f\u0131m\u0131n ka\u015f\u0131nmas\u0131 normal mi?<\/h3>\n<div class=\"rank-math-answer\">\n\n<p>\u00d6zellikle sa\u00e7 deriniz hassassa veya yeni \u00fcr\u00fcnlere al\u0131\u015fmaya \u00e7al\u0131\u015f\u0131yorsa hafif ka\u015f\u0131nt\u0131 normal olabilir. Ancak \u0131srarl\u0131 veya yo\u011fun ka\u015f\u0131nt\u0131, tahri\u015fe veya altta yatan bir kafa derisi sorununa i\u015faret edebilir.<\/p>\n\n<\/div>\n<\/div>\n<div id=\"faq-question-17720788343950.9483552610651803\" class=\"rank-math-list-item\">\n<h3 class=\"rank-math-question\">Sert su sa\u00e7 derisinde ka\u015f\u0131nt\u0131ya neden olabilir mi?<\/h3>\n<div class=\"rank-math-answer\">\n\n<p>Evet, sert su sa\u00e7 derisini kurutabilen ve tahri\u015fe neden olabilen mineral birikintileri b\u0131rak\u0131r. Sert su birikintileri zamanla ka\u015f\u0131nt\u0131 ve pullanmay\u0131 daha da k\u00f6t\u00fcle\u015ftirebilir.<\/p>\n\n<\/div>\n<\/div>\n<div id=\"faq-question-17720788343950.9392223901331497\" class=\"rank-math-list-item\">\n<h3 class=\"rank-math-question\">Sa\u00e7 derimin y\u0131kand\u0131ktan sonra ka\u015f\u0131nmas\u0131n\u0131 nas\u0131l \u00f6nleyebilirim?<\/h3>\n<div class=\"rank-math-answer\">\n\n<p>Nazik sa\u00e7 \u00fcr\u00fcnlerine ge\u00e7in, \u00e7ok s\u0131cak sudan ka\u00e7\u0131n\u0131n ve iyice durulad\u0131\u011f\u0131n\u0131zdan emin olun. Sert su soruna katk\u0131da bulunuyorsa, bir du\u015f filtresi takmak da yard\u0131mc\u0131 olabilir.<\/p>\n\n<\/div>\n<\/div>\n<div id=\"faq-question-17720788343950.1545733167310681\" class=\"rank-math-list-item\">\n<h3 class=\"rank-math-question\">Sa\u00e7\u0131m\u0131 y\u0131kad\u0131ktan sonra neden ka\u015f\u0131n\u0131yor?<\/h3>\n<div class=\"rank-math-answer\">\n\n<p>Y\u0131kama sonras\u0131 ka\u015f\u0131nt\u0131 genellikle kuruluk, \u00fcr\u00fcn hassasiyeti veya sa\u00e7 derisinde kalan kal\u0131nt\u0131lardan kaynaklan\u0131r. Nemi geri kazand\u0131rmak ve daha hafif \u00fcr\u00fcnler se\u00e7mek genellikle rahats\u0131zl\u0131\u011f\u0131 azaltmaya yard\u0131mc\u0131 olur.<\/p>\n\n<\/div>\n<\/div>\n<\/div>\n<\/div>\n\n\n<h2 class=\"wp-block-heading\">Referanslar<\/h2>\n\n\n\n<p>Ulusal Biyoteknoloji Bilgi Merkezi. Kan\u0131ta Dayal\u0131 T\u0131bbi \u00d6ng\u00f6r\u00fc. Eri\u015fim adresi <a href=\"https:\/\/pmc.ncbi.nlm.nih.gov\/articles\/PMC3233984\/\" data-type=\"URL\" data-id=\"https:\/\/pmc.ncbi.nlm.nih.gov\/articles\/PMC3233984\/\" target=\"_blank\" rel=\"noopener\">https:\/\/pmc.ncbi.nlm.nih.gov\/articles\/PMC3233984\/<\/a>[1<\/p>","protected":false},"excerpt":{"rendered":"<p>Many people experience an itchy scalp after washing their hair. This problem affects up to 45 percent of the population. It can be very annoying and often points to a deeper issue. Why does my scalp itch a day after washing? Unlock amazing, powerful secrets to stop scary irritation and achieve incredible scalp comfort. There [&hellip;]<\/p>","protected":false},"author":13,"featured_media":21580,"comment_status":"closed","ping_status":"closed","sticky":false,"template":"","format":"standard","meta":{"footnotes":"","rank_math_title":"","rank_math_description":"Why does my scalp itch a day after washing? Unlock amazing, powerful secrets to stop scary irritation and achieve incredible scalp comfort.","rank_math_canonical_url":"","rank_math_focus_keyword":"why does my scalp itch a day after washing,hair"},"categories":[14],"tags":[3383,2059,2899,2090,417],"class_list":["post-20063","post","type-post","status-publish","format-standard","has-post-thumbnail","hentry","category-hair","tag-hair-washing","tag-health","tag-itchy-scalp","tag-relief","tag-scalp-care"],"_links":{"self":[{"href":"https:\/\/goldcityhair.com\/tr\/wp-json\/wp\/v2\/posts\/20063","targetHints":{"allow":["GET"]}}],"collection":[{"href":"https:\/\/goldcityhair.com\/tr\/wp-json\/wp\/v2\/posts"}],"about":[{"href":"https:\/\/goldcityhair.com\/tr\/wp-json\/wp\/v2\/types\/post"}],"author":[{"embeddable":true,"href":"https:\/\/goldcityhair.com\/tr\/wp-json\/wp\/v2\/users\/13"}],"replies":[{"embeddable":true,"href":"https:\/\/goldcityhair.com\/tr\/wp-json\/wp\/v2\/comments?post=20063"}],"version-history":[{"count":2,"href":"https:\/\/goldcityhair.com\/tr\/wp-json\/wp\/v2\/posts\/20063\/revisions"}],"predecessor-version":[{"id":23399,"href":"https:\/\/goldcityhair.com\/tr\/wp-json\/wp\/v2\/posts\/20063\/revisions\/23399"}],"wp:featuredmedia":[{"embeddable":true,"href":"https:\/\/goldcityhair.com\/tr\/wp-json\/wp\/v2\/media\/21580"}],"wp:attachment":[{"href":"https:\/\/goldcityhair.com\/tr\/wp-json\/wp\/v2\/media?parent=20063"}],"wp:term":[{"taxonomy":"category","embeddable":true,"href":"https:\/\/goldcityhair.com\/tr\/wp-json\/wp\/v2\/categories?post=20063"},{"taxonomy":"post_tag","embeddable":true,"href":"https:\/\/goldcityhair.com\/tr\/wp-json\/wp\/v2\/tags?post=20063"}],"curies":[{"name":"wp","href":"https:\/\/api.w.org\/{rel}","templated":true}]}}